{"id":6516,"date":"2022-09-07T14:47:54","date_gmt":"2022-09-07T12:47:54","guid":{"rendered":"https:\/\/agora.xtec.cat\/ceip-peredetera\/?p=6516"},"modified":"2022-09-07T15:08:36","modified_gmt":"2022-09-07T13:08:36","slug":"calendari-curs-2022-23","status":"publish","type":"post","link":"https:\/\/agora.xtec.cat\/ceip-peredetera\/general\/calendari-curs-2022-23\/","title":{"rendered":"CALENDARI CURS 2022-23"},"content":{"rendered":"<p><a href=\"https:\/\/agora.xtec.cat\/ceip-peredetera\/wp-content\/uploads\/usu1268\/2022\/09\/calendari-22-23.png\"><img loading=\"lazy\" decoding=\"async\" class=\"alignleft size-full wp-image-6514\" src=\"https:\/\/agora.xtec.cat\/ceip-peredetera\/wp-content\/uploads\/usu1268\/2022\/09\/calendari-22-23.png\" alt=\"\" width=\"641\" height=\"897\" srcset=\"https:\/\/agora.xtec.cat\/ceip-peredetera\/wp-content\/uploads\/usu1268\/2022\/09\/calendari-22-23.png 641w, https:\/\/agora.xtec.cat\/ceip-peredetera\/wp-content\/uploads\/usu1268\/2022\/09\/calendari-22-23-214x300.png 214w\" sizes=\"auto, (max-width: 641px) 100vw, 641px\" \/><\/a><\/p>\n<h4><strong>Inici de curs:<\/strong><\/h4>\n<p>5 de setembre de 2022<\/p>\n<h4><strong>Vacances:<\/strong><\/h4>\n<p>Del 22 de desembre de 2022 al 9 de gener de 2023 (ambd\u00f3s inclosos)<\/p>\n<p>De l&#8217; 1 d&#8217;abril a l&#8217;11 d&#8217;abril de 2023 (ambd\u00f3s inclosos)<\/p>\n<p>A partir del 23 de juny de 2023<\/p>\n<h4><strong>Dies festius de lliure disposici\u00f3:<\/strong><\/h4>\n<p>31 d&#8217;octubre de 2022<\/p>\n<p>9 de desembre de 2022<\/p>\n<p>20 de febrer de 2023<\/p>\n<p>12 de maig 2023<\/p>\n<h4><b>Dies festius:<\/b><\/h4>\n<div>\n<p>12 d&#8217;octubre de 2022 (Dia de la Hispanitat)<\/p>\n<p>6 i 8 de desembre de 2022 (Immaculada Concepci\u00f3 i Pur\u00edssima)<\/p>\n<h4><b>Festes locals:<\/b><\/h4>\n<p>11 de maig de 2023 (Sant Anastasi)<\/p>\n<p>5 de juny de 2023 (Segona Pasqua)<\/p>\n<\/div>\n<h4><strong>Jornada intensiva:<\/strong><\/h4>\n<p>22 de desembre 2022<\/p>\n<p>Des del dia 6 fins al 22 de juny de 2023<\/p>\n<p>&nbsp;<\/p>\n<p>Hi haur\u00e0 servei de menjador (els nens surten a les 15:00h.)<\/p>\n<p><strong>Acollida<\/strong> matinal de 8 a 9 hores.<\/p>\n","protected":false},"excerpt":{"rendered":"<p>Inici de curs: 5 de setembre de 2022 Vacances: Del 22 de desembre de 2022 al 9 de gener de 2023 (ambd\u00f3s inclosos) De l&#8217; 1 d&#8217;abril a l&#8217;11 d&#8217;abril de 2023 (ambd\u00f3s inclosos) A partir del 23 de juny de 2023 Dies festius de lliure disposici\u00f3: 31 d&#8217;octubre de 2022 9 de desembre de [&hellip;]<\/p>\n","protected":false},"author":1,"featured_media":0,"comment_status":"open","ping_status":"closed","sticky":false,"template":"","format":"standard","meta":{"_bbp_topic_count":0,"_bbp_reply_count":0,"_bbp_total_topic_count":0,"_bbp_total_reply_count":0,"_bbp_voice_count":0,"_bbp_anonymous_reply_count":0,"_bbp_topic_count_hidden":0,"_bbp_reply_count_hidden":0,"_bbp_forum_subforum_count":0,"site-sidebar-layout":"default","site-content-layout":"","ast-site-content-layout":"","site-content-style":"default","site-sidebar-style":"default","ast-global-header-display":"","ast-banner-title-visibility":"","ast-main-header-display":"","ast-hfb-above-header-display":"","ast-hfb-below-header-display":"","ast-hfb-mobile-header-display":"","site-post-title":"","ast-breadcrumbs-content":"","ast-featured-img":"","footer-sml-layout":"","theme-transparent-header-meta":"","adv-header-id-meta":"","stick-header-meta":"","header-above-stick-meta":"","header-main-stick-meta":"","header-below-stick-meta":"","astra-migrate-meta-layouts":"default","ast-page-background-enabled":"default","ast-page-background-meta":{"desktop":{"background-color":"var(--ast-global-color-4)","background-image":"","background-repeat":"repeat","background-position":"center center","background-size":"auto","background-attachment":"scroll","background-type":"","background-media":"","overlay-type":"","overlay-color":"","overlay-opacity":"","overlay-gradient":""},"tablet":{"background-color":"","background-image":"","background-repeat":"repeat","background-position":"center center","background-size":"auto","background-attachment":"scroll","background-type":"","background-media":"","overlay-type":"","overlay-color":"","overlay-opacity":"","overlay-gradient":""},"mobile":{"background-color":"","background-image":"","background-repeat":"repeat","background-position":"center center","background-size":"auto","background-attachment":"scroll","background-type":"","background-media":"","overlay-type":"","overlay-color":"","overlay-opacity":"","overlay-gradient":""}},"ast-content-background-meta":{"desktop":{"background-color":"var(--ast-global-color-5)","background-image":"","background-repeat":"repeat","background-position":"center center","background-size":"auto","background-attachment":"scroll","background-type":"","background-media":"","overlay-type":"","overlay-color":"","overlay-opacity":"","overlay-gradient":""},"tablet":{"background-color":"var(--ast-global-color-5)","background-image":"","background-repeat":"repeat","background-position":"center center","background-size":"auto","background-attachment":"scroll","background-type":"","background-media":"","overlay-type":"","overlay-color":"","overlay-opacity":"","overlay-gradient":""},"mobile":{"background-color":"var(--ast-global-color-5)","background-image":"","background-repeat":"repeat","background-position":"center center","background-size":"auto","background-attachment":"scroll","background-type":"","background-media":"","overlay-type":"","overlay-color":"","overlay-opacity":"","overlay-gradient":""}},"footnotes":""},"categories":[1],"tags":[],"class_list":["post-6516","post","type-post","status-publish","format-standard","hentry","category-general"],"post_mailing_queue_ids":[],"_links":{"self":[{"href":"https:\/\/agora.xtec.cat\/ceip-peredetera\/wp-json\/wp\/v2\/posts\/6516","targetHints":{"allow":["GET"]}}],"collection":[{"href":"https:\/\/agora.xtec.cat\/ceip-peredetera\/wp-json\/wp\/v2\/posts"}],"about":[{"href":"https:\/\/agora.xtec.cat\/ceip-peredetera\/wp-json\/wp\/v2\/types\/post"}],"author":[{"embeddable":true,"href":"https:\/\/agora.xtec.cat\/ceip-peredetera\/wp-json\/wp\/v2\/users\/1"}],"replies":[{"embeddable":true,"href":"https:\/\/agora.xtec.cat\/ceip-peredetera\/wp-json\/wp\/v2\/comments?post=6516"}],"version-history":[{"count":1,"href":"https:\/\/agora.xtec.cat\/ceip-peredetera\/wp-json\/wp\/v2\/posts\/6516\/revisions"}],"predecessor-version":[{"id":6517,"href":"https:\/\/agora.xtec.cat\/ceip-peredetera\/wp-json\/wp\/v2\/posts\/6516\/revisions\/6517"}],"wp:attachment":[{"href":"https:\/\/agora.xtec.cat\/ceip-peredetera\/wp-json\/wp\/v2\/media?parent=6516"}],"wp:term":[{"taxonomy":"category","embeddable":true,"href":"https:\/\/agora.xtec.cat\/ceip-peredetera\/wp-json\/wp\/v2\/categories?post=6516"},{"taxonomy":"post_tag","embeddable":true,"href":"https:\/\/agora.xtec.cat\/ceip-peredetera\/wp-json\/wp\/v2\/tags?post=6516"}],"curies":[{"name":"wp","href":"https:\/\/api.w.org\/{rel}","templated":true}]}}