{"id":640,"date":"2018-02-09T17:10:35","date_gmt":"2018-02-09T16:10:35","guid":{"rendered":"http:\/\/agora.xtec.cat\/ceip-peredetera\/?p=640"},"modified":"2018-02-26T19:11:39","modified_gmt":"2018-02-26T18:11:39","slug":"jornada-de-la-diversitat","status":"publish","type":"post","link":"https:\/\/agora.xtec.cat\/ceip-peredetera\/general\/jornada-de-la-diversitat\/","title":{"rendered":"JORNADA DE LA DIVERSITAT"},"content":{"rendered":"<p>Els alumnes de 5\u00e8 i 6\u00e8 han preparat una gincana pels alumnes de P5 a 4t, de jocs i activitats per comprendre i veure quines estrat\u00e8gies es desenvolupen davant d&#8217;alguns handicaps.<\/p>\n<p>Durant tot el mat\u00ed hem barrejat els grups d&#8217;alumnes de diferents nivells i classes, i els nostres grans s&#8217;han encarregat de tot! Han fet de guies, de monitors i de mestres per assegurar que tot funcion\u00e9s correctament!<\/p>\n<p>Moltes felicitats als SUPERMONITORS de 5\u00e8 i 6\u00e8!!<\/p>\n<p>Ha estat un gran dia!<\/p>\n<p><a href=\"http:\/\/agora.xtec.cat\/ceip-peredetera\/wp-content\/uploads\/usu1268\/2018\/02\/20180216_135552.jpg\"><img loading=\"lazy\" decoding=\"async\" class=\" wp-image-715 aligncenter\" src=\"http:\/\/agora.xtec.cat\/ceip-peredetera\/wp-content\/uploads\/usu1268\/2018\/02\/20180216_135552-1024x1024.jpg\" alt=\"\" width=\"514\" height=\"514\" srcset=\"https:\/\/agora.xtec.cat\/ceip-peredetera\/wp-content\/uploads\/usu1268\/2018\/02\/20180216_135552-1024x1024.jpg 1024w, https:\/\/agora.xtec.cat\/ceip-peredetera\/wp-content\/uploads\/usu1268\/2018\/02\/20180216_135552-150x150.jpg 150w, https:\/\/agora.xtec.cat\/ceip-peredetera\/wp-content\/uploads\/usu1268\/2018\/02\/20180216_135552-300x300.jpg 300w, https:\/\/agora.xtec.cat\/ceip-peredetera\/wp-content\/uploads\/usu1268\/2018\/02\/20180216_135552-768x768.jpg 768w\" sizes=\"auto, (max-width: 514px) 100vw, 514px\" \/><\/a><\/p>\n<p>&nbsp;<\/p>\n<p>&nbsp;<\/p>\n","protected":false},"excerpt":{"rendered":"<p>Els alumnes de 5\u00e8 i 6\u00e8 han preparat una gincana pels alumnes de P5 a 4t, de jocs i activitats per comprendre i veure quines estrat\u00e8gies es desenvolupen davant d&#8217;alguns handicaps. Durant tot el mat\u00ed hem barrejat els grups d&#8217;alumnes de diferents nivells i classes, i els nostres grans s&#8217;han encarregat de tot! Han fet [&hellip;]<\/p>\n","protected":false},"author":1,"featured_media":715,"comment_status":"closed","ping_status":"closed","sticky":false,"template":"","format":"standard","meta":{"_bbp_topic_count":0,"_bbp_reply_count":0,"_bbp_total_topic_count":0,"_bbp_total_reply_count":0,"_bbp_voice_count":0,"_bbp_anonymous_reply_count":0,"_bbp_topic_count_hidden":0,"_bbp_reply_count_hidden":0,"_bbp_forum_subforum_count":0,"site-sidebar-layout":"default","site-content-layout":"","ast-site-content-layout":"","site-content-style":"default","site-sidebar-style":"default","ast-global-header-display":"","ast-banner-title-visibility":"","ast-main-header-display":"","ast-hfb-above-header-display":"","ast-hfb-below-header-display":"","ast-hfb-mobile-header-display":"","site-post-title":"","ast-breadcrumbs-content":"","ast-featured-img":"","footer-sml-layout":"","theme-transparent-header-meta":"","adv-header-id-meta":"","stick-header-meta":"","header-above-stick-meta":"","header-main-stick-meta":"","header-below-stick-meta":"","astra-migrate-meta-layouts":"default","ast-page-background-enabled":"default","ast-page-background-meta":{"desktop":{"background-color":"var(--ast-global-color-4)","background-image":"","background-repeat":"repeat","background-position":"center center","background-size":"auto","background-attachment":"scroll","background-type":"","background-media":"","overlay-type":"","overlay-color":"","overlay-opacity":"","overlay-gradient":""},"tablet":{"background-color":"","background-image":"","background-repeat":"repeat","background-position":"center center","background-size":"auto","background-attachment":"scroll","background-type":"","background-media":"","overlay-type":"","overlay-color":"","overlay-opacity":"","overlay-gradient":""},"mobile":{"background-color":"","background-image":"","background-repeat":"repeat","background-position":"center center","background-size":"auto","background-attachment":"scroll","background-type":"","background-media":"","overlay-type":"","overlay-color":"","overlay-opacity":"","overlay-gradient":""}},"ast-content-background-meta":{"desktop":{"background-color":"var(--ast-global-color-5)","background-image":"","background-repeat":"repeat","background-position":"center center","background-size":"auto","background-attachment":"scroll","background-type":"","background-media":"","overlay-type":"","overlay-color":"","overlay-opacity":"","overlay-gradient":""},"tablet":{"background-color":"var(--ast-global-color-5)","background-image":"","background-repeat":"repeat","background-position":"center center","background-size":"auto","background-attachment":"scroll","background-type":"","background-media":"","overlay-type":"","overlay-color":"","overlay-opacity":"","overlay-gradient":""},"mobile":{"background-color":"var(--ast-global-color-5)","background-image":"","background-repeat":"repeat","background-position":"center center","background-size":"auto","background-attachment":"scroll","background-type":"","background-media":"","overlay-type":"","overlay-color":"","overlay-opacity":"","overlay-gradient":""}},"footnotes":""},"categories":[72,1,4],"tags":[77],"class_list":["post-640","post","type-post","status-publish","format-standard","has-post-thumbnail","hentry","category-festes","category-general","category-portada","tag-jornada-once"],"post_mailing_queue_ids":[],"_links":{"self":[{"href":"https:\/\/agora.xtec.cat\/ceip-peredetera\/wp-json\/wp\/v2\/posts\/640","targetHints":{"allow":["GET"]}}],"collection":[{"href":"https:\/\/agora.xtec.cat\/ceip-peredetera\/wp-json\/wp\/v2\/posts"}],"about":[{"href":"https:\/\/agora.xtec.cat\/ceip-peredetera\/wp-json\/wp\/v2\/types\/post"}],"author":[{"embeddable":true,"href":"https:\/\/agora.xtec.cat\/ceip-peredetera\/wp-json\/wp\/v2\/users\/1"}],"replies":[{"embeddable":true,"href":"https:\/\/agora.xtec.cat\/ceip-peredetera\/wp-json\/wp\/v2\/comments?post=640"}],"version-history":[{"count":3,"href":"https:\/\/agora.xtec.cat\/ceip-peredetera\/wp-json\/wp\/v2\/posts\/640\/revisions"}],"predecessor-version":[{"id":716,"href":"https:\/\/agora.xtec.cat\/ceip-peredetera\/wp-json\/wp\/v2\/posts\/640\/revisions\/716"}],"wp:featuredmedia":[{"embeddable":true,"href":"https:\/\/agora.xtec.cat\/ceip-peredetera\/wp-json\/wp\/v2\/media\/715"}],"wp:attachment":[{"href":"https:\/\/agora.xtec.cat\/ceip-peredetera\/wp-json\/wp\/v2\/media?parent=640"}],"wp:term":[{"taxonomy":"category","embeddable":true,"href":"https:\/\/agora.xtec.cat\/ceip-peredetera\/wp-json\/wp\/v2\/categories?post=640"},{"taxonomy":"post_tag","embeddable":true,"href":"https:\/\/agora.xtec.cat\/ceip-peredetera\/wp-json\/wp\/v2\/tags?post=640"}],"curies":[{"name":"wp","href":"https:\/\/api.w.org\/{rel}","templated":true}]}}