{"id":6366,"date":"2022-03-21T13:44:01","date_gmt":"2022-03-21T12:44:01","guid":{"rendered":"https:\/\/agora.xtec.cat\/ceip-peredetera\/?p=6366"},"modified":"2022-04-21T13:45:19","modified_gmt":"2022-04-21T11:45:19","slug":"presentacio-portes-obertes","status":"publish","type":"post","link":"https:\/\/agora.xtec.cat\/ceip-peredetera\/general\/presentacio-portes-obertes\/","title":{"rendered":"PRESENTACI\u00d3 PORTES OBERTES"},"content":{"rendered":"<table style=\"border-collapse: collapse; width: 100%;\">\n<tbody>\n<tr>\n<td style=\"width: 50%;\">\n<h4>Cercar i trobar una escola pels fills i filles, \u00e9s un proc\u00e9s important i que preocupa a totes les fam\u00edlies.<\/h4>\n<h4>Es tracta de trobar\/ buscar una comunitat i\u00a0un espai f\u00edsic que pel seu estil, forma de fer i per la l\u00ednia educativa, \u00a0les fam\u00edlies us sentiu segures i conven\u00e7udes de que \u00e9s el millor lloc pel vostre infant.\u00a0Per a tothom, l\u2019entrada a l\u2019escola \u00e9s un pas important per al \u00a0desenvolupament personal dels infants\u00a0i per tant voleu prendre la decisi\u00f3 m\u00e9s encertada.<\/h4>\n<h4>L\u2019escola\u00a0 Pere de Tera estem orgullosos del nostre Projecte educatiu i us el volem presentar.\u00a0 Us volem donar informaci\u00f3 que us faciliti aquesta decisi\u00f3 i la gesti\u00f3 dels tr\u00e0mits.<\/h4>\n<h4>Per presentar-nos de forma segura ho fem a trav\u00e9s de la nostra <a href=\"https:\/\/portesobertespdt.wordpress.com\/\">Web<\/a> i de 2 jornades de Portes Obertes, unes Virtuals i les altres presencials. <a href=\"https:\/\/docs.google.com\/forms\/d\/1UsgZxZZ3vkRv1f4i-A3ejWRIPFaeuJo57Uc9IAOoJEE\/edit?usp=sharing\">Inscripci\u00f3 a les sessions<\/a><\/h4>\n<h4>Volem acompanyar-vos en el creixement dels vostres fills\/es comen\u00e7ant des del primer moment, i aix\u00f2 vol dir que ja ho volem fer comen\u00e7ant pel\u00a0 proc\u00e9s de preinscripci\u00f3 de cara al curs vinent.<\/h4>\n<h4>Per qualsevol dubte ens podeu contactar al tel\u00e8fon 93.387.01.03\u00a0 (laborables de 9 a 13 hores i de 15 hores a 16:30). Podeu consultar l\u2019apartat de Preguntes Freq\u00fcents de la SITE i tamb\u00e9 teniu l\u2019opci\u00f3 d\u2019emplenar aquest\u00a0 <a href=\"https:\/\/forms.gle\/aKCcbfXssYZUwrPC6\">formulari<\/a> i us respondrem el m\u00e9s aviat possible.<\/h4>\n<h4>Hi sou tots molt benvinguts i benvingudes!!<\/h4>\n<h4>EL PERE de TERA\u00a0US ENAMORAR\u00c0!<\/h4>\n<\/td>\n<td style=\"width: 50%;\"><img loading=\"lazy\" decoding=\"async\" class=\"alignleft size-large wp-image-6250\" src=\"https:\/\/agora.xtec.cat\/ceip-peredetera\/wp-content\/uploads\/usu1268\/2022\/02\/PORTES-OBERTES-720x1024.jpg\" sizes=\"auto, (max-width: 720px) 100vw, 720px\" srcset=\"https:\/\/agora.xtec.cat\/ceip-peredetera\/wp-content\/uploads\/usu1268\/2022\/02\/PORTES-OBERTES-720x1024.jpg 720w, https:\/\/agora.xtec.cat\/ceip-peredetera\/wp-content\/uploads\/usu1268\/2022\/02\/PORTES-OBERTES-211x300.jpg 211w, https:\/\/agora.xtec.cat\/ceip-peredetera\/wp-content\/uploads\/usu1268\/2022\/02\/PORTES-OBERTES-768x1093.jpg 768w, https:\/\/agora.xtec.cat\/ceip-peredetera\/wp-content\/uploads\/usu1268\/2022\/02\/PORTES-OBERTES.jpg 1003w\" alt=\"\" width=\"720\" height=\"1024\" \/><\/p>\n<p>&nbsp;<\/p>\n<p>&nbsp;<\/p>\n<p class=\"CDt4Ke zfr3Q\" dir=\"ltr\">Si encara vols saber m\u00e9s:<\/p>\n<ul class=\"n8H08c UVNKR\">\n<li class=\"TYR86d wXCUfe zfr3Q\" dir=\"ltr\">\n<p id=\"h.7pfdlpb0erui\" class=\"CDt4Ke zfr3Q\" dir=\"ltr\"><span class=\" aw5Odc\"><a class=\"XqQF9c\" href=\"https:\/\/agora.xtec.cat\/ceip-peredetera\/\" target=\"_blank\" rel=\"noopener\">Segueix-nos a la nostra web.<\/a><\/span><\/p>\n<\/li>\n<li class=\"TYR86d wXCUfe zfr3Q\" dir=\"ltr\">\n<p id=\"h.r4lev67guye7\" class=\"CDt4Ke zfr3Q\" dir=\"ltr\"><span class=\" aw5Odc\"><a class=\"XqQF9c\" href=\"https:\/\/www.instagram.com\/escolaperedetera\/\" target=\"_blank\" rel=\"noopener\">Segueix-nos al nostre instagram.<\/a><\/span><\/p>\n<\/li>\n<li class=\"TYR86d wXCUfe zfr3Q\" dir=\"ltr\">\n<p id=\"h.4fvv9a9c1dnx\" class=\"CDt4Ke zfr3Q\" dir=\"ltr\"><span class=\" aw5Odc\"><a class=\"XqQF9c\" href=\"https:\/\/portesobertespdt.wordpress.com\/\" target=\"_blank\" rel=\"noopener\">Segueix-nos a la nostra web de portes obertes<\/a><\/span><\/p>\n<\/li>\n<\/ul>\n<\/td>\n<\/tr>\n<\/tbody>\n<\/table>\n","protected":false},"excerpt":{"rendered":"<p>Cercar i trobar una escola pels fills i filles, \u00e9s un proc\u00e9s important i que preocupa a totes les fam\u00edlies. Es tracta de trobar\/ buscar una comunitat i\u00a0un espai f\u00edsic que pel seu estil, forma de fer i per la l\u00ednia educativa, \u00a0les fam\u00edlies us sentiu segures i conven\u00e7udes de que \u00e9s el millor lloc [&hellip;]<\/p>\n","protected":false},"author":1,"featured_media":6250,"comment_status":"closed","ping_status":"closed","sticky":false,"template":"","format":"standard","meta":{"_bbp_topic_count":0,"_bbp_reply_count":0,"_bbp_total_topic_count":0,"_bbp_total_reply_count":0,"_bbp_voice_count":0,"_bbp_anonymous_reply_count":0,"_bbp_topic_count_hidden":0,"_bbp_reply_count_hidden":0,"_bbp_forum_subforum_count":0,"site-sidebar-layout":"default","site-content-layout":"","ast-site-content-layout":"","site-content-style":"default","site-sidebar-style":"default","ast-global-header-display":"","ast-banner-title-visibility":"","ast-main-header-display":"","ast-hfb-above-header-display":"","ast-hfb-below-header-display":"","ast-hfb-mobile-header-display":"","site-post-title":"","ast-breadcrumbs-content":"","ast-featured-img":"","footer-sml-layout":"","theme-transparent-header-meta":"","adv-header-id-meta":"","stick-header-meta":"","header-above-stick-meta":"","header-main-stick-meta":"","header-below-stick-meta":"","astra-migrate-meta-layouts":"default","ast-page-background-enabled":"default","ast-page-background-meta":{"desktop":{"background-color":"var(--ast-global-color-4)","background-image":"","background-repeat":"repeat","background-position":"center center","background-size":"auto","background-attachment":"scroll","background-type":"","background-media":"","overlay-type":"","overlay-color":"","overlay-opacity":"","overlay-gradient":""},"tablet":{"background-color":"","background-image":"","background-repeat":"repeat","background-position":"center center","background-size":"auto","background-attachment":"scroll","background-type":"","background-media":"","overlay-type":"","overlay-color":"","overlay-opacity":"","overlay-gradient":""},"mobile":{"background-color":"","background-image":"","background-repeat":"repeat","background-position":"center center","background-size":"auto","background-attachment":"scroll","background-type":"","background-media":"","overlay-type":"","overlay-color":"","overlay-opacity":"","overlay-gradient":""}},"ast-content-background-meta":{"desktop":{"background-color":"var(--ast-global-color-5)","background-image":"","background-repeat":"repeat","background-position":"center center","background-size":"auto","background-attachment":"scroll","background-type":"","background-media":"","overlay-type":"","overlay-color":"","overlay-opacity":"","overlay-gradient":""},"tablet":{"background-color":"var(--ast-global-color-5)","background-image":"","background-repeat":"repeat","background-position":"center center","background-size":"auto","background-attachment":"scroll","background-type":"","background-media":"","overlay-type":"","overlay-color":"","overlay-opacity":"","overlay-gradient":""},"mobile":{"background-color":"var(--ast-global-color-5)","background-image":"","background-repeat":"repeat","background-position":"center center","background-size":"auto","background-attachment":"scroll","background-type":"","background-media":"","overlay-type":"","overlay-color":"","overlay-opacity":"","overlay-gradient":""}},"footnotes":""},"categories":[1,4],"tags":[148,422,421],"class_list":["post-6366","post","type-post","status-publish","format-standard","has-post-thumbnail","hentry","category-general","category-portada","tag-portes-obertes","tag-portes-obertes-2021-22","tag-presentacio-portes-oberes"],"post_mailing_queue_ids":[],"_links":{"self":[{"href":"https:\/\/agora.xtec.cat\/ceip-peredetera\/wp-json\/wp\/v2\/posts\/6366","targetHints":{"allow":["GET"]}}],"collection":[{"href":"https:\/\/agora.xtec.cat\/ceip-peredetera\/wp-json\/wp\/v2\/posts"}],"about":[{"href":"https:\/\/agora.xtec.cat\/ceip-peredetera\/wp-json\/wp\/v2\/types\/post"}],"author":[{"embeddable":true,"href":"https:\/\/agora.xtec.cat\/ceip-peredetera\/wp-json\/wp\/v2\/users\/1"}],"replies":[{"embeddable":true,"href":"https:\/\/agora.xtec.cat\/ceip-peredetera\/wp-json\/wp\/v2\/comments?post=6366"}],"version-history":[{"count":1,"href":"https:\/\/agora.xtec.cat\/ceip-peredetera\/wp-json\/wp\/v2\/posts\/6366\/revisions"}],"predecessor-version":[{"id":6367,"href":"https:\/\/agora.xtec.cat\/ceip-peredetera\/wp-json\/wp\/v2\/posts\/6366\/revisions\/6367"}],"wp:featuredmedia":[{"embeddable":true,"href":"https:\/\/agora.xtec.cat\/ceip-peredetera\/wp-json\/wp\/v2\/media\/6250"}],"wp:attachment":[{"href":"https:\/\/agora.xtec.cat\/ceip-peredetera\/wp-json\/wp\/v2\/media?parent=6366"}],"wp:term":[{"taxonomy":"category","embeddable":true,"href":"https:\/\/agora.xtec.cat\/ceip-peredetera\/wp-json\/wp\/v2\/categories?post=6366"},{"taxonomy":"post_tag","embeddable":true,"href":"https:\/\/agora.xtec.cat\/ceip-peredetera\/wp-json\/wp\/v2\/tags?post=6366"}],"curies":[{"name":"wp","href":"https:\/\/api.w.org\/{rel}","templated":true}]}}