{"id":6361,"date":"2022-04-21T13:33:21","date_gmt":"2022-04-21T11:33:21","guid":{"rendered":"https:\/\/agora.xtec.cat\/ceip-peredetera\/?p=6361"},"modified":"2022-04-21T13:46:15","modified_gmt":"2022-04-21T11:46:15","slug":"llistat-provisional-amb-el-barem-de-punts-de-la-preinscripcio","status":"publish","type":"post","link":"https:\/\/agora.xtec.cat\/ceip-peredetera\/general\/llistat-provisional-amb-el-barem-de-punts-de-la-preinscripcio\/","title":{"rendered":"LLISTAT PROVISIONAL AMB EL BAREM DE PUNTS DE LA PREINSCRIPCI\u00d3"},"content":{"rendered":"<p><a href=\"https:\/\/agora.xtec.cat\/ceip-peredetera\/wp-content\/uploads\/usu1268\/2022\/04\/Puntuacio-provisional.pdf\"><img loading=\"lazy\" decoding=\"async\" class=\"alignleft wp-image-6356\" src=\"https:\/\/agora.xtec.cat\/ceip-peredetera\/wp-content\/uploads\/usu1268\/2022\/04\/LLISTAT-PROVISIONAL-BAREM-PREINSCRIPCI\u00b4O-1024x1024.jpg\" alt=\"\" width=\"227\" height=\"227\" srcset=\"https:\/\/agora.xtec.cat\/ceip-peredetera\/wp-content\/uploads\/usu1268\/2022\/04\/LLISTAT-PROVISIONAL-BAREM-PREINSCRIPCI\u00b4O-1024x1024.jpg 1024w, https:\/\/agora.xtec.cat\/ceip-peredetera\/wp-content\/uploads\/usu1268\/2022\/04\/LLISTAT-PROVISIONAL-BAREM-PREINSCRIPCI\u00b4O-300x300.jpg 300w, https:\/\/agora.xtec.cat\/ceip-peredetera\/wp-content\/uploads\/usu1268\/2022\/04\/LLISTAT-PROVISIONAL-BAREM-PREINSCRIPCI\u00b4O-150x150.jpg 150w, https:\/\/agora.xtec.cat\/ceip-peredetera\/wp-content\/uploads\/usu1268\/2022\/04\/LLISTAT-PROVISIONAL-BAREM-PREINSCRIPCI\u00b4O-768x768.jpg 768w, https:\/\/agora.xtec.cat\/ceip-peredetera\/wp-content\/uploads\/usu1268\/2022\/04\/LLISTAT-PROVISIONAL-BAREM-PREINSCRIPCI\u00b4O.jpg 1080w\" sizes=\"auto, (max-width: 227px) 100vw, 227px\" \/><\/a>Adjuntem el llistat provisional amb el barem de punts pel proc\u00e9s de preinscripci\u00f3 relatiu al curs 2022-23.<\/p>\n<p>Recordeu que si detecteu qualsevol incid\u00e8ncia podeu presentar la vostra reclamaci\u00f3 des del dia 22 d&#8217;abril fins al 28 d&#8217;abril incl\u00f2s.<\/p>\n<p>&nbsp;<\/p>\n<p>&nbsp;<\/p>\n<p>&nbsp;<\/p>\n<p>&nbsp;<\/p>\n<p><a href=\"https:\/\/agora.xtec.cat\/ceip-peredetera\/wp-content\/uploads\/usu1268\/2022\/04\/Puntuacio-provisional.pdf\">Puntuac\u00ed\u00f3 provisional<\/a><\/p>\n","protected":false},"excerpt":{"rendered":"<p>Adjuntem el llistat provisional amb el barem de punts pel proc\u00e9s de preinscripci\u00f3 relatiu al curs 2022-23. Recordeu que si detecteu qualsevol incid\u00e8ncia podeu presentar la vostra reclamaci\u00f3 des del dia 22 d&#8217;abril fins al 28 d&#8217;abril incl\u00f2s. &nbsp; &nbsp; &nbsp; &nbsp; Puntuac\u00ed\u00f3 provisional<\/p>\n","protected":false},"author":1,"featured_media":6356,"comment_status":"closed","ping_status":"closed","sticky":false,"template":"","format":"standard","meta":{"_bbp_topic_count":0,"_bbp_reply_count":0,"_bbp_total_topic_count":0,"_bbp_total_reply_count":0,"_bbp_voice_count":0,"_bbp_anonymous_reply_count":0,"_bbp_topic_count_hidden":0,"_bbp_reply_count_hidden":0,"_bbp_forum_subforum_count":0,"site-sidebar-layout":"default","site-content-layout":"","ast-site-content-layout":"","site-content-style":"default","site-sidebar-style":"default","ast-global-header-display":"","ast-banner-title-visibility":"","ast-main-header-display":"","ast-hfb-above-header-display":"","ast-hfb-below-header-display":"","ast-hfb-mobile-header-display":"","site-post-title":"","ast-breadcrumbs-content":"","ast-featured-img":"","footer-sml-layout":"","theme-transparent-header-meta":"","adv-header-id-meta":"","stick-header-meta":"","header-above-stick-meta":"","header-main-stick-meta":"","header-below-stick-meta":"","astra-migrate-meta-layouts":"default","ast-page-background-enabled":"default","ast-page-background-meta":{"desktop":{"background-color":"var(--ast-global-color-4)","background-image":"","background-repeat":"repeat","background-position":"center center","background-size":"auto","background-attachment":"scroll","background-type":"","background-media":"","overlay-type":"","overlay-color":"","overlay-opacity":"","overlay-gradient":""},"tablet":{"background-color":"","background-image":"","background-repeat":"repeat","background-position":"center center","background-size":"auto","background-attachment":"scroll","background-type":"","background-media":"","overlay-type":"","overlay-color":"","overlay-opacity":"","overlay-gradient":""},"mobile":{"background-color":"","background-image":"","background-repeat":"repeat","background-position":"center center","background-size":"auto","background-attachment":"scroll","background-type":"","background-media":"","overlay-type":"","overlay-color":"","overlay-opacity":"","overlay-gradient":""}},"ast-content-background-meta":{"desktop":{"background-color":"var(--ast-global-color-5)","background-image":"","background-repeat":"repeat","background-position":"center center","background-size":"auto","background-attachment":"scroll","background-type":"","background-media":"","overlay-type":"","overlay-color":"","overlay-opacity":"","overlay-gradient":""},"tablet":{"background-color":"var(--ast-global-color-5)","background-image":"","background-repeat":"repeat","background-position":"center center","background-size":"auto","background-attachment":"scroll","background-type":"","background-media":"","overlay-type":"","overlay-color":"","overlay-opacity":"","overlay-gradient":""},"mobile":{"background-color":"var(--ast-global-color-5)","background-image":"","background-repeat":"repeat","background-position":"center center","background-size":"auto","background-attachment":"scroll","background-type":"","background-media":"","overlay-type":"","overlay-color":"","overlay-opacity":"","overlay-gradient":""}},"footnotes":""},"categories":[1,4],"tags":[279,149,415],"class_list":["post-6361","post","type-post","status-publish","format-standard","has-post-thumbnail","hentry","category-general","category-portada","tag-barems-preinscripcio","tag-preinscripcio","tag-preinscripcio-2022-23"],"post_mailing_queue_ids":[],"_links":{"self":[{"href":"https:\/\/agora.xtec.cat\/ceip-peredetera\/wp-json\/wp\/v2\/posts\/6361","targetHints":{"allow":["GET"]}}],"collection":[{"href":"https:\/\/agora.xtec.cat\/ceip-peredetera\/wp-json\/wp\/v2\/posts"}],"about":[{"href":"https:\/\/agora.xtec.cat\/ceip-peredetera\/wp-json\/wp\/v2\/types\/post"}],"author":[{"embeddable":true,"href":"https:\/\/agora.xtec.cat\/ceip-peredetera\/wp-json\/wp\/v2\/users\/1"}],"replies":[{"embeddable":true,"href":"https:\/\/agora.xtec.cat\/ceip-peredetera\/wp-json\/wp\/v2\/comments?post=6361"}],"version-history":[{"count":1,"href":"https:\/\/agora.xtec.cat\/ceip-peredetera\/wp-json\/wp\/v2\/posts\/6361\/revisions"}],"predecessor-version":[{"id":6362,"href":"https:\/\/agora.xtec.cat\/ceip-peredetera\/wp-json\/wp\/v2\/posts\/6361\/revisions\/6362"}],"wp:featuredmedia":[{"embeddable":true,"href":"https:\/\/agora.xtec.cat\/ceip-peredetera\/wp-json\/wp\/v2\/media\/6356"}],"wp:attachment":[{"href":"https:\/\/agora.xtec.cat\/ceip-peredetera\/wp-json\/wp\/v2\/media?parent=6361"}],"wp:term":[{"taxonomy":"category","embeddable":true,"href":"https:\/\/agora.xtec.cat\/ceip-peredetera\/wp-json\/wp\/v2\/categories?post=6361"},{"taxonomy":"post_tag","embeddable":true,"href":"https:\/\/agora.xtec.cat\/ceip-peredetera\/wp-json\/wp\/v2\/tags?post=6361"}],"curies":[{"name":"wp","href":"https:\/\/api.w.org\/{rel}","templated":true}]}}