{"id":6136,"date":"2021-12-01T13:10:07","date_gmt":"2021-12-01T12:10:07","guid":{"rendered":"https:\/\/agora.xtec.cat\/ceip-peredetera\/?p=6136"},"modified":"2021-12-28T14:24:05","modified_gmt":"2021-12-28T13:24:05","slug":"calendari-advent","status":"publish","type":"post","link":"https:\/\/agora.xtec.cat\/ceip-peredetera\/general\/calendari-advent\/","title":{"rendered":"CALENDARI D&#8217;ADVENT"},"content":{"rendered":"<div dir=\"auto\">Benvolgudes fam\u00edlies,<\/div>\n<div dir=\"auto\"><\/div>\n<div dir=\"auto\">Amb l&#8217;arribada del mes de desembre us volem convidar a realitzar cada dia un repte amb els vostres fills i filles fent servir un CALENDARI D&#8217;ADVENT.<\/div>\n<div dir=\"auto\"><\/div>\n<div dir=\"auto\">Nom\u00e9s heu de fer clic a la seg\u00fcent imatge i entrar cada dia al n\u00famero corresponent per saber qu\u00e8 us toca fer:<\/div>\n<div dir=\"auto\"><\/div>\n<div dir=\"auto\"><\/div>\n<div dir=\"auto\"><a href=\"https:\/\/view.genial.ly\/6197edecb392cd0df221318e\/interactive-content-calendari-advent-cole\"><img loading=\"lazy\" decoding=\"async\" class=\"aligncenter wp-image-6137 size-medium\" src=\"https:\/\/agora.xtec.cat\/ceip-peredetera\/wp-content\/uploads\/usu1268\/2021\/12\/20211201_082057_0000-300x300.png\" alt=\"\" width=\"300\" height=\"300\" srcset=\"https:\/\/agora.xtec.cat\/ceip-peredetera\/wp-content\/uploads\/usu1268\/2021\/12\/20211201_082057_0000-300x300.png 300w, https:\/\/agora.xtec.cat\/ceip-peredetera\/wp-content\/uploads\/usu1268\/2021\/12\/20211201_082057_0000-1024x1024.png 1024w, https:\/\/agora.xtec.cat\/ceip-peredetera\/wp-content\/uploads\/usu1268\/2021\/12\/20211201_082057_0000-150x150.png 150w, https:\/\/agora.xtec.cat\/ceip-peredetera\/wp-content\/uploads\/usu1268\/2021\/12\/20211201_082057_0000-768x768.png 768w, https:\/\/agora.xtec.cat\/ceip-peredetera\/wp-content\/uploads\/usu1268\/2021\/12\/20211201_082057_0000.png 1080w\" sizes=\"auto, (max-width: 300px) 100vw, 300px\" \/><\/a><\/div>\n<div dir=\"auto\"><\/div>\n<div dir=\"auto\"><\/div>\n<div dir=\"auto\">Desitgem que gaudiu de cadascuna de les propostes per acomiadar l&#8217;\u00faltim mes de l&#8217;any.<\/div>\n<div dir=\"auto\"><\/div>\n<div dir=\"auto\">Junts fem escola!<\/div>\n","protected":false},"excerpt":{"rendered":"<p>Benvolgudes fam\u00edlies, Amb l&#8217;arribada del mes de desembre us volem convidar a realitzar cada dia un repte amb els vostres fills i filles fent servir un CALENDARI D&#8217;ADVENT. Nom\u00e9s heu de fer clic a la seg\u00fcent imatge i entrar cada dia al n\u00famero corresponent per saber qu\u00e8 us toca fer: Desitgem que gaudiu de cadascuna [&hellip;]<\/p>\n","protected":false},"author":4,"featured_media":6137,"comment_status":"closed","ping_status":"closed","sticky":false,"template":"","format":"standard","meta":{"_bbp_topic_count":0,"_bbp_reply_count":0,"_bbp_total_topic_count":0,"_bbp_total_reply_count":0,"_bbp_voice_count":0,"_bbp_anonymous_reply_count":0,"_bbp_topic_count_hidden":0,"_bbp_reply_count_hidden":0,"_bbp_forum_subforum_count":0,"site-sidebar-layout":"default","site-content-layout":"","ast-site-content-layout":"","site-content-style":"default","site-sidebar-style":"default","ast-global-header-display":"","ast-banner-title-visibility":"","ast-main-header-display":"","ast-hfb-above-header-display":"","ast-hfb-below-header-display":"","ast-hfb-mobile-header-display":"","site-post-title":"","ast-breadcrumbs-content":"","ast-featured-img":"","footer-sml-layout":"","theme-transparent-header-meta":"","adv-header-id-meta":"","stick-header-meta":"","header-above-stick-meta":"","header-main-stick-meta":"","header-below-stick-meta":"","astra-migrate-meta-layouts":"default","ast-page-background-enabled":"default","ast-page-background-meta":{"desktop":{"background-color":"var(--ast-global-color-4)","background-image":"","background-repeat":"repeat","background-position":"center center","background-size":"auto","background-attachment":"scroll","background-type":"","background-media":"","overlay-type":"","overlay-color":"","overlay-opacity":"","overlay-gradient":""},"tablet":{"background-color":"","background-image":"","background-repeat":"repeat","background-position":"center center","background-size":"auto","background-attachment":"scroll","background-type":"","background-media":"","overlay-type":"","overlay-color":"","overlay-opacity":"","overlay-gradient":""},"mobile":{"background-color":"","background-image":"","background-repeat":"repeat","background-position":"center center","background-size":"auto","background-attachment":"scroll","background-type":"","background-media":"","overlay-type":"","overlay-color":"","overlay-opacity":"","overlay-gradient":""}},"ast-content-background-meta":{"desktop":{"background-color":"var(--ast-global-color-5)","background-image":"","background-repeat":"repeat","background-position":"center center","background-size":"auto","background-attachment":"scroll","background-type":"","background-media":"","overlay-type":"","overlay-color":"","overlay-opacity":"","overlay-gradient":""},"tablet":{"background-color":"var(--ast-global-color-5)","background-image":"","background-repeat":"repeat","background-position":"center center","background-size":"auto","background-attachment":"scroll","background-type":"","background-media":"","overlay-type":"","overlay-color":"","overlay-opacity":"","overlay-gradient":""},"mobile":{"background-color":"var(--ast-global-color-5)","background-image":"","background-repeat":"repeat","background-position":"center center","background-size":"auto","background-attachment":"scroll","background-type":"","background-media":"","overlay-type":"","overlay-color":"","overlay-opacity":"","overlay-gradient":""}},"footnotes":""},"categories":[62,63,61,2,72,1,4,5],"tags":[345,84,398],"class_list":["post-6136","post","type-post","status-publish","format-standard","has-post-thumbnail","hentry","category-cm","category-cs","category-ci","category-infantil","category-festes","category-general","category-portada","category-primaria","tag-curs-21-22","tag-nadal","tag-nadal-2021"],"post_mailing_queue_ids":[],"_links":{"self":[{"href":"https:\/\/agora.xtec.cat\/ceip-peredetera\/wp-json\/wp\/v2\/posts\/6136","targetHints":{"allow":["GET"]}}],"collection":[{"href":"https:\/\/agora.xtec.cat\/ceip-peredetera\/wp-json\/wp\/v2\/posts"}],"about":[{"href":"https:\/\/agora.xtec.cat\/ceip-peredetera\/wp-json\/wp\/v2\/types\/post"}],"author":[{"embeddable":true,"href":"https:\/\/agora.xtec.cat\/ceip-peredetera\/wp-json\/wp\/v2\/users\/4"}],"replies":[{"embeddable":true,"href":"https:\/\/agora.xtec.cat\/ceip-peredetera\/wp-json\/wp\/v2\/comments?post=6136"}],"version-history":[{"count":3,"href":"https:\/\/agora.xtec.cat\/ceip-peredetera\/wp-json\/wp\/v2\/posts\/6136\/revisions"}],"predecessor-version":[{"id":6141,"href":"https:\/\/agora.xtec.cat\/ceip-peredetera\/wp-json\/wp\/v2\/posts\/6136\/revisions\/6141"}],"wp:featuredmedia":[{"embeddable":true,"href":"https:\/\/agora.xtec.cat\/ceip-peredetera\/wp-json\/wp\/v2\/media\/6137"}],"wp:attachment":[{"href":"https:\/\/agora.xtec.cat\/ceip-peredetera\/wp-json\/wp\/v2\/media?parent=6136"}],"wp:term":[{"taxonomy":"category","embeddable":true,"href":"https:\/\/agora.xtec.cat\/ceip-peredetera\/wp-json\/wp\/v2\/categories?post=6136"},{"taxonomy":"post_tag","embeddable":true,"href":"https:\/\/agora.xtec.cat\/ceip-peredetera\/wp-json\/wp\/v2\/tags?post=6136"}],"curies":[{"name":"wp","href":"https:\/\/api.w.org\/{rel}","templated":true}]}}