{"id":5914,"date":"2021-03-30T20:46:08","date_gmt":"2021-03-30T18:46:08","guid":{"rendered":"https:\/\/agora.xtec.cat\/ceip-peredetera\/?p=5914"},"modified":"2021-08-30T21:08:31","modified_gmt":"2021-08-30T19:08:31","slug":"projecte-canvi-climatic-4ta","status":"publish","type":"post","link":"https:\/\/agora.xtec.cat\/ceip-peredetera\/general\/projecte-canvi-climatic-4ta\/","title":{"rendered":"Projecte Canvi Clim\u00e0tic 4tA"},"content":{"rendered":"<p>Aquest curs el tema interdisciplinar de l&#8217;escola \u00e9s Salvem la Terra i en relaci\u00f3 a aquest vam triar treballar <strong>\u00a0LES CONSEQ\u00dc\u00c8NCIES DEL CANVI CLIM\u00c0TIC <\/strong>despr\u00e9s de diverses opcions que van sorgir.<\/p>\n<p>Per aix\u00f2, vam haver d&#8217;informar-nos sobre qu\u00e8 era el canvi clim\u00e0tic i despr\u00e9s cercar les conseq\u00fc\u00e8ncies que provoca. Una vegada ten\u00edem aix\u00f2 ens vam agrupar per temes que ens interessaven investigar. Despr\u00e9s de fer la nostra feina de recerca vam realitzar uns murals i els vam exposar als nostres companys de classe.<\/p>\n<p>Aqu\u00ed podeu veure <a href=\"https:\/\/photos.app.goo.gl\/U7SVASQT9ouviYZX6\">una mostra dels nostres treballs<\/a>!<\/p>\n<p><a href=\"https:\/\/agora.xtec.cat\/ceip-peredetera\/wp-content\/uploads\/usu1268\/2021\/03\/IMG_20210317_152241-scaled.jpg\"><img loading=\"lazy\" decoding=\"async\" class=\" wp-image-5918 aligncenter\" src=\"https:\/\/agora.xtec.cat\/ceip-peredetera\/wp-content\/uploads\/usu1268\/2021\/03\/IMG_20210317_152241-1024x769.jpg\" alt=\"\" width=\"485\" height=\"364\" srcset=\"https:\/\/agora.xtec.cat\/ceip-peredetera\/wp-content\/uploads\/usu1268\/2021\/03\/IMG_20210317_152241-1024x769.jpg 1024w, https:\/\/agora.xtec.cat\/ceip-peredetera\/wp-content\/uploads\/usu1268\/2021\/03\/IMG_20210317_152241-300x225.jpg 300w, https:\/\/agora.xtec.cat\/ceip-peredetera\/wp-content\/uploads\/usu1268\/2021\/03\/IMG_20210317_152241-768x577.jpg 768w, https:\/\/agora.xtec.cat\/ceip-peredetera\/wp-content\/uploads\/usu1268\/2021\/03\/IMG_20210317_152241-1536x1153.jpg 1536w, https:\/\/agora.xtec.cat\/ceip-peredetera\/wp-content\/uploads\/usu1268\/2021\/03\/IMG_20210317_152241-2048x1538.jpg 2048w, https:\/\/agora.xtec.cat\/ceip-peredetera\/wp-content\/uploads\/usu1268\/2021\/03\/IMG_20210317_152241-200x150.jpg 200w\" sizes=\"auto, (max-width: 485px) 100vw, 485px\" \/><\/a><\/p>\n","protected":false},"excerpt":{"rendered":"<p>Aquest curs el tema interdisciplinar de l&#8217;escola \u00e9s Salvem la Terra i en relaci\u00f3 a aquest vam triar treballar \u00a0LES CONSEQ\u00dc\u00c8NCIES DEL CANVI CLIM\u00c0TIC despr\u00e9s de diverses opcions que van sorgir. Per aix\u00f2, vam haver d&#8217;informar-nos sobre qu\u00e8 era el canvi clim\u00e0tic i despr\u00e9s cercar les conseq\u00fc\u00e8ncies que provoca. Una vegada ten\u00edem aix\u00f2 ens vam [&hellip;]<\/p>\n","protected":false},"author":4,"featured_media":5915,"comment_status":"closed","ping_status":"closed","sticky":false,"template":"","format":"standard","meta":{"_bbp_topic_count":0,"_bbp_reply_count":0,"_bbp_total_topic_count":0,"_bbp_total_reply_count":0,"_bbp_voice_count":0,"_bbp_anonymous_reply_count":0,"_bbp_topic_count_hidden":0,"_bbp_reply_count_hidden":0,"_bbp_forum_subforum_count":0,"site-sidebar-layout":"default","site-content-layout":"","ast-site-content-layout":"","site-content-style":"default","site-sidebar-style":"default","ast-global-header-display":"","ast-banner-title-visibility":"","ast-main-header-display":"","ast-hfb-above-header-display":"","ast-hfb-below-header-display":"","ast-hfb-mobile-header-display":"","site-post-title":"","ast-breadcrumbs-content":"","ast-featured-img":"","footer-sml-layout":"","theme-transparent-header-meta":"","adv-header-id-meta":"","stick-header-meta":"","header-above-stick-meta":"","header-main-stick-meta":"","header-below-stick-meta":"","astra-migrate-meta-layouts":"default","ast-page-background-enabled":"default","ast-page-background-meta":{"desktop":{"background-color":"var(--ast-global-color-4)","background-image":"","background-repeat":"repeat","background-position":"center center","background-size":"auto","background-attachment":"scroll","background-type":"","background-media":"","overlay-type":"","overlay-color":"","overlay-opacity":"","overlay-gradient":""},"tablet":{"background-color":"","background-image":"","background-repeat":"repeat","background-position":"center center","background-size":"auto","background-attachment":"scroll","background-type":"","background-media":"","overlay-type":"","overlay-color":"","overlay-opacity":"","overlay-gradient":""},"mobile":{"background-color":"","background-image":"","background-repeat":"repeat","background-position":"center center","background-size":"auto","background-attachment":"scroll","background-type":"","background-media":"","overlay-type":"","overlay-color":"","overlay-opacity":"","overlay-gradient":""}},"ast-content-background-meta":{"desktop":{"background-color":"var(--ast-global-color-5)","background-image":"","background-repeat":"repeat","background-position":"center center","background-size":"auto","background-attachment":"scroll","background-type":"","background-media":"","overlay-type":"","overlay-color":"","overlay-opacity":"","overlay-gradient":""},"tablet":{"background-color":"var(--ast-global-color-5)","background-image":"","background-repeat":"repeat","background-position":"center center","background-size":"auto","background-attachment":"scroll","background-type":"","background-media":"","overlay-type":"","overlay-color":"","overlay-opacity":"","overlay-gradient":""},"mobile":{"background-color":"var(--ast-global-color-5)","background-image":"","background-repeat":"repeat","background-position":"center center","background-size":"auto","background-attachment":"scroll","background-type":"","background-media":"","overlay-type":"","overlay-color":"","overlay-opacity":"","overlay-gradient":""}},"footnotes":""},"categories":[11,62,1,4,5],"tags":[304,88,159],"class_list":["post-5914","post","type-post","status-publish","format-standard","has-post-thumbnail","hentry","category-6a-cs","category-cm","category-general","category-portada","category-primaria","tag-curs-20-21","tag-projecte","tag-projecte-interdisciplinar"],"post_mailing_queue_ids":[],"_links":{"self":[{"href":"https:\/\/agora.xtec.cat\/ceip-peredetera\/wp-json\/wp\/v2\/posts\/5914","targetHints":{"allow":["GET"]}}],"collection":[{"href":"https:\/\/agora.xtec.cat\/ceip-peredetera\/wp-json\/wp\/v2\/posts"}],"about":[{"href":"https:\/\/agora.xtec.cat\/ceip-peredetera\/wp-json\/wp\/v2\/types\/post"}],"author":[{"embeddable":true,"href":"https:\/\/agora.xtec.cat\/ceip-peredetera\/wp-json\/wp\/v2\/users\/4"}],"replies":[{"embeddable":true,"href":"https:\/\/agora.xtec.cat\/ceip-peredetera\/wp-json\/wp\/v2\/comments?post=5914"}],"version-history":[{"count":2,"href":"https:\/\/agora.xtec.cat\/ceip-peredetera\/wp-json\/wp\/v2\/posts\/5914\/revisions"}],"predecessor-version":[{"id":5919,"href":"https:\/\/agora.xtec.cat\/ceip-peredetera\/wp-json\/wp\/v2\/posts\/5914\/revisions\/5919"}],"wp:featuredmedia":[{"embeddable":true,"href":"https:\/\/agora.xtec.cat\/ceip-peredetera\/wp-json\/wp\/v2\/media\/5915"}],"wp:attachment":[{"href":"https:\/\/agora.xtec.cat\/ceip-peredetera\/wp-json\/wp\/v2\/media?parent=5914"}],"wp:term":[{"taxonomy":"category","embeddable":true,"href":"https:\/\/agora.xtec.cat\/ceip-peredetera\/wp-json\/wp\/v2\/categories?post=5914"},{"taxonomy":"post_tag","embeddable":true,"href":"https:\/\/agora.xtec.cat\/ceip-peredetera\/wp-json\/wp\/v2\/tags?post=5914"}],"curies":[{"name":"wp","href":"https:\/\/api.w.org\/{rel}","templated":true}]}}