{"id":5836,"date":"2021-06-07T09:50:27","date_gmt":"2021-06-07T07:50:27","guid":{"rendered":"http:\/\/agora.xtec.cat\/ceip-peredetera\/?p=5836"},"modified":"2021-06-07T09:53:01","modified_gmt":"2021-06-07T07:53:01","slug":"llistat-dadmesos-i-despera","status":"publish","type":"post","link":"https:\/\/agora.xtec.cat\/ceip-peredetera\/general\/llistat-dadmesos-i-despera\/","title":{"rendered":"LLISTAT D&#8217;ADMESOS I D&#8217;ESPERA"},"content":{"rendered":"<p><a href=\"https:\/\/agora.xtec.cat\/ceip-peredetera\/wp-content\/uploads\/usu1268\/2021\/06\/2-1.jpg\"><img loading=\"lazy\" decoding=\"async\" class=\"alignleft wp-image-5834\" src=\"https:\/\/agora.xtec.cat\/ceip-peredetera\/wp-content\/uploads\/usu1268\/2021\/06\/2-1-1024x1024.jpg\" alt=\"\" width=\"254\" height=\"254\" srcset=\"https:\/\/agora.xtec.cat\/ceip-peredetera\/wp-content\/uploads\/usu1268\/2021\/06\/2-1-1024x1024.jpg 1024w, https:\/\/agora.xtec.cat\/ceip-peredetera\/wp-content\/uploads\/usu1268\/2021\/06\/2-1-150x150.jpg 150w, https:\/\/agora.xtec.cat\/ceip-peredetera\/wp-content\/uploads\/usu1268\/2021\/06\/2-1-300x300.jpg 300w, https:\/\/agora.xtec.cat\/ceip-peredetera\/wp-content\/uploads\/usu1268\/2021\/06\/2-1-768x768.jpg 768w, https:\/\/agora.xtec.cat\/ceip-peredetera\/wp-content\/uploads\/usu1268\/2021\/06\/2-1.jpg 1654w\" sizes=\"auto, (max-width: 254px) 100vw, 254px\" \/><\/a>Avui dilluns 7 de juny, ha sortit el llistat d&#8217;alumnes admesos al centre pel curs\u00a0 2021-22 i les llistes d&#8217;espera.<\/p>\n<p>Podeu consultar les llistes als seg\u00fcents enlla\u00e7os:<\/p>\n<p><a href=\"https:\/\/agora.xtec.cat\/ceip-peredetera\/wp-content\/uploads\/usu1268\/2021\/06\/INFORME_ASSIGNADES_INFORME_ASSIGNADES.pdf\">LLISTA D&#8217;ALUMNES ADEMESOS<\/a><\/p>\n<p><a href=\"https:\/\/agora.xtec.cat\/ceip-peredetera\/wp-content\/uploads\/usu1268\/2021\/06\/INFORME_LLISTA_ESPERA_OME_LLISTA_ESPERA.pdf\">LLISTAT D&#8217;ALUMNES EN LLISTA D&#8217;ESPERA<\/a><\/p>\n<p>RECORDEU que la CONFIRMACI\u00d3 DE MATRICULA ser\u00e0 del 14 al 18 de juny per via telef\u00f2nica o amb cita pr\u00e8via.<\/p>\n<p>Abans d&#8217;acabar aquest curs us citarem a l&#8217;escola per fer una entrevista per poder coneixe&#8217;ns.<\/p>\n<p>&nbsp;<\/p>\n","protected":false},"excerpt":{"rendered":"<p>Avui dilluns 7 de juny, ha sortit el llistat d&#8217;alumnes admesos al centre pel curs\u00a0 2021-22 i les llistes d&#8217;espera. Podeu consultar les llistes als seg\u00fcents enlla\u00e7os: LLISTA D&#8217;ALUMNES ADEMESOS LLISTAT D&#8217;ALUMNES EN LLISTA D&#8217;ESPERA RECORDEU que la CONFIRMACI\u00d3 DE MATRICULA ser\u00e0 del 14 al 18 de juny per via telef\u00f2nica o amb cita pr\u00e8via. [&hellip;]<\/p>\n","protected":false},"author":1,"featured_media":5834,"comment_status":"open","ping_status":"closed","sticky":false,"template":"","format":"standard","meta":{"_bbp_topic_count":0,"_bbp_reply_count":0,"_bbp_total_topic_count":0,"_bbp_total_reply_count":0,"_bbp_voice_count":0,"_bbp_anonymous_reply_count":0,"_bbp_topic_count_hidden":0,"_bbp_reply_count_hidden":0,"_bbp_forum_subforum_count":0,"site-sidebar-layout":"default","site-content-layout":"","ast-site-content-layout":"","site-content-style":"default","site-sidebar-style":"default","ast-global-header-display":"","ast-banner-title-visibility":"","ast-main-header-display":"","ast-hfb-above-header-display":"","ast-hfb-below-header-display":"","ast-hfb-mobile-header-display":"","site-post-title":"","ast-breadcrumbs-content":"","ast-featured-img":"","footer-sml-layout":"","theme-transparent-header-meta":"","adv-header-id-meta":"","stick-header-meta":"","header-above-stick-meta":"","header-main-stick-meta":"","header-below-stick-meta":"","astra-migrate-meta-layouts":"default","ast-page-background-enabled":"default","ast-page-background-meta":{"desktop":{"background-color":"var(--ast-global-color-4)","background-image":"","background-repeat":"repeat","background-position":"center center","background-size":"auto","background-attachment":"scroll","background-type":"","background-media":"","overlay-type":"","overlay-color":"","overlay-opacity":"","overlay-gradient":""},"tablet":{"background-color":"","background-image":"","background-repeat":"repeat","background-position":"center center","background-size":"auto","background-attachment":"scroll","background-type":"","background-media":"","overlay-type":"","overlay-color":"","overlay-opacity":"","overlay-gradient":""},"mobile":{"background-color":"","background-image":"","background-repeat":"repeat","background-position":"center center","background-size":"auto","background-attachment":"scroll","background-type":"","background-media":"","overlay-type":"","overlay-color":"","overlay-opacity":"","overlay-gradient":""}},"ast-content-background-meta":{"desktop":{"background-color":"var(--ast-global-color-5)","background-image":"","background-repeat":"repeat","background-position":"center center","background-size":"auto","background-attachment":"scroll","background-type":"","background-media":"","overlay-type":"","overlay-color":"","overlay-opacity":"","overlay-gradient":""},"tablet":{"background-color":"var(--ast-global-color-5)","background-image":"","background-repeat":"repeat","background-position":"center center","background-size":"auto","background-attachment":"scroll","background-type":"","background-media":"","overlay-type":"","overlay-color":"","overlay-opacity":"","overlay-gradient":""},"mobile":{"background-color":"var(--ast-global-color-5)","background-image":"","background-repeat":"repeat","background-position":"center center","background-size":"auto","background-attachment":"scroll","background-type":"","background-media":"","overlay-type":"","overlay-color":"","overlay-opacity":"","overlay-gradient":""}},"footnotes":""},"categories":[1,4],"tags":[336,338,337,339,334,335,333],"class_list":["post-5836","post","type-post","status-publish","format-standard","has-post-thumbnail","hentry","category-general","category-portada","tag-admesos","tag-admesos-2021-22","tag-llistat-despera","tag-llistat-despera-2021-22","tag-matricula","tag-matriculacio","tag-matriculacio-2021-22"],"post_mailing_queue_ids":[],"_links":{"self":[{"href":"https:\/\/agora.xtec.cat\/ceip-peredetera\/wp-json\/wp\/v2\/posts\/5836","targetHints":{"allow":["GET"]}}],"collection":[{"href":"https:\/\/agora.xtec.cat\/ceip-peredetera\/wp-json\/wp\/v2\/posts"}],"about":[{"href":"https:\/\/agora.xtec.cat\/ceip-peredetera\/wp-json\/wp\/v2\/types\/post"}],"author":[{"embeddable":true,"href":"https:\/\/agora.xtec.cat\/ceip-peredetera\/wp-json\/wp\/v2\/users\/1"}],"replies":[{"embeddable":true,"href":"https:\/\/agora.xtec.cat\/ceip-peredetera\/wp-json\/wp\/v2\/comments?post=5836"}],"version-history":[{"count":2,"href":"https:\/\/agora.xtec.cat\/ceip-peredetera\/wp-json\/wp\/v2\/posts\/5836\/revisions"}],"predecessor-version":[{"id":5840,"href":"https:\/\/agora.xtec.cat\/ceip-peredetera\/wp-json\/wp\/v2\/posts\/5836\/revisions\/5840"}],"wp:featuredmedia":[{"embeddable":true,"href":"https:\/\/agora.xtec.cat\/ceip-peredetera\/wp-json\/wp\/v2\/media\/5834"}],"wp:attachment":[{"href":"https:\/\/agora.xtec.cat\/ceip-peredetera\/wp-json\/wp\/v2\/media?parent=5836"}],"wp:term":[{"taxonomy":"category","embeddable":true,"href":"https:\/\/agora.xtec.cat\/ceip-peredetera\/wp-json\/wp\/v2\/categories?post=5836"},{"taxonomy":"post_tag","embeddable":true,"href":"https:\/\/agora.xtec.cat\/ceip-peredetera\/wp-json\/wp\/v2\/tags?post=5836"}],"curies":[{"name":"wp","href":"https:\/\/api.w.org\/{rel}","templated":true}]}}