{"id":5823,"date":"2021-05-21T13:36:43","date_gmt":"2021-05-21T11:36:43","guid":{"rendered":"http:\/\/agora.xtec.cat\/ceip-peredetera\/?p=5823"},"modified":"2021-06-02T14:14:11","modified_gmt":"2021-06-02T12:14:11","slug":"taller-de-lespai-planetari","status":"publish","type":"post","link":"https:\/\/agora.xtec.cat\/ceip-peredetera\/general\/taller-de-lespai-planetari\/","title":{"rendered":"TALLER DE L&#8217;ESPAI (PLANETARI)"},"content":{"rendered":"<p>Aquesta setmana, els cangurs i els lleons han fet un taller sobre l&#8217;espai. Hem entrat a un PLANETARI i hem viatjat en una NAU ESPACIAL amb el Joan i la Maria, un nen i una nena molt valents que ens han volgut ensenyar moltes coses.<\/p>\n<p><a href=\"https:\/\/agora.xtec.cat\/ceip-peredetera\/wp-content\/uploads\/usu1268\/2021\/06\/IMG_20210521_095323_HHT.jpg\"><img loading=\"lazy\" decoding=\"async\" class=\"wp-image-5826 size-medium aligncenter\" src=\"https:\/\/agora.xtec.cat\/ceip-peredetera\/wp-content\/uploads\/usu1268\/2021\/06\/IMG_20210521_095323_HHT-300x225.jpg\" alt=\"\" width=\"300\" height=\"225\" srcset=\"https:\/\/agora.xtec.cat\/ceip-peredetera\/wp-content\/uploads\/usu1268\/2021\/06\/IMG_20210521_095323_HHT-300x225.jpg 300w, https:\/\/agora.xtec.cat\/ceip-peredetera\/wp-content\/uploads\/usu1268\/2021\/06\/IMG_20210521_095323_HHT-768x576.jpg 768w, https:\/\/agora.xtec.cat\/ceip-peredetera\/wp-content\/uploads\/usu1268\/2021\/06\/IMG_20210521_095323_HHT-1024x768.jpg 1024w, https:\/\/agora.xtec.cat\/ceip-peredetera\/wp-content\/uploads\/usu1268\/2021\/06\/IMG_20210521_095323_HHT-200x150.jpg 200w\" sizes=\"auto, (max-width: 300px) 100vw, 300px\" \/><\/a><\/p>\n<p>Hem apr\u00e9s el nom dels planetes del Sistema Solar, el nom d&#8217;algun cr\u00e0ter de la Lluna, com es diuen les roques que van per l&#8217;espai xocant amb alguns planetes&#8230; I tamb\u00e9 hem vist alguna constel\u00b7laci\u00f3!<\/p>\n<p>&nbsp;<\/p>\n<p>Despr\u00e9s del taller, vam realitzar un paisatge espacial a pl\u00e0stica, amb la Lluna i amb el nostre coet espacial!<\/p>\n<p>&nbsp;<\/p>\n<p>Podeu veure les fotos del nostre viatge aqu\u00ed:<\/p>\n<p><strong><a href=\"https:\/\/photos.app.goo.gl\/V7PJhmrjN8Wx6fLa7\">TALLER DE L&#8217;ESPAI P5A<\/a><\/strong><\/p>\n<p><strong><a href=\"https:\/\/photos.app.goo.gl\/uPHJjomPaNSvCV786\">TALLER DE L&#8217;ESPAI P5B<\/a><\/strong><\/p>\n","protected":false},"excerpt":{"rendered":"<p>Aquesta setmana, els cangurs i els lleons han fet un taller sobre l&#8217;espai. Hem entrat a un PLANETARI i hem viatjat en una NAU ESPACIAL amb el Joan i la Maria, un nen i una nena molt valents que ens han volgut ensenyar moltes coses. Hem apr\u00e9s el nom dels planetes del Sistema Solar, el [&hellip;]<\/p>\n","protected":false},"author":4,"featured_media":5824,"comment_status":"closed","ping_status":"closed","sticky":false,"template":"","format":"standard","meta":{"_bbp_topic_count":0,"_bbp_reply_count":0,"_bbp_total_topic_count":0,"_bbp_total_reply_count":0,"_bbp_voice_count":0,"_bbp_anonymous_reply_count":0,"_bbp_topic_count_hidden":0,"_bbp_reply_count_hidden":0,"_bbp_forum_subforum_count":0,"site-sidebar-layout":"default","site-content-layout":"","ast-site-content-layout":"","site-content-style":"default","site-sidebar-style":"default","ast-global-header-display":"","ast-banner-title-visibility":"","ast-main-header-display":"","ast-hfb-above-header-display":"","ast-hfb-below-header-display":"","ast-hfb-mobile-header-display":"","site-post-title":"","ast-breadcrumbs-content":"","ast-featured-img":"","footer-sml-layout":"","theme-transparent-header-meta":"","adv-header-id-meta":"","stick-header-meta":"","header-above-stick-meta":"","header-main-stick-meta":"","header-below-stick-meta":"","astra-migrate-meta-layouts":"default","ast-page-background-enabled":"default","ast-page-background-meta":{"desktop":{"background-color":"var(--ast-global-color-4)","background-image":"","background-repeat":"repeat","background-position":"center center","background-size":"auto","background-attachment":"scroll","background-type":"","background-media":"","overlay-type":"","overlay-color":"","overlay-opacity":"","overlay-gradient":""},"tablet":{"background-color":"","background-image":"","background-repeat":"repeat","background-position":"center center","background-size":"auto","background-attachment":"scroll","background-type":"","background-media":"","overlay-type":"","overlay-color":"","overlay-opacity":"","overlay-gradient":""},"mobile":{"background-color":"","background-image":"","background-repeat":"repeat","background-position":"center center","background-size":"auto","background-attachment":"scroll","background-type":"","background-media":"","overlay-type":"","overlay-color":"","overlay-opacity":"","overlay-gradient":""}},"ast-content-background-meta":{"desktop":{"background-color":"var(--ast-global-color-5)","background-image":"","background-repeat":"repeat","background-position":"center center","background-size":"auto","background-attachment":"scroll","background-type":"","background-media":"","overlay-type":"","overlay-color":"","overlay-opacity":"","overlay-gradient":""},"tablet":{"background-color":"var(--ast-global-color-5)","background-image":"","background-repeat":"repeat","background-position":"center center","background-size":"auto","background-attachment":"scroll","background-type":"","background-media":"","overlay-type":"","overlay-color":"","overlay-opacity":"","overlay-gradient":""},"mobile":{"background-color":"var(--ast-global-color-5)","background-image":"","background-repeat":"repeat","background-position":"center center","background-size":"auto","background-attachment":"scroll","background-type":"","background-media":"","overlay-type":"","overlay-color":"","overlay-opacity":"","overlay-gradient":""}},"footnotes":""},"categories":[3,8,2,1,73],"tags":[],"class_list":["post-5823","post","type-post","status-publish","format-standard","has-post-thumbnail","hentry","category-4a-cg","category-4b-cg","category-infantil","category-general","category-sortides"],"post_mailing_queue_ids":[],"_links":{"self":[{"href":"https:\/\/agora.xtec.cat\/ceip-peredetera\/wp-json\/wp\/v2\/posts\/5823","targetHints":{"allow":["GET"]}}],"collection":[{"href":"https:\/\/agora.xtec.cat\/ceip-peredetera\/wp-json\/wp\/v2\/posts"}],"about":[{"href":"https:\/\/agora.xtec.cat\/ceip-peredetera\/wp-json\/wp\/v2\/types\/post"}],"author":[{"embeddable":true,"href":"https:\/\/agora.xtec.cat\/ceip-peredetera\/wp-json\/wp\/v2\/users\/4"}],"replies":[{"embeddable":true,"href":"https:\/\/agora.xtec.cat\/ceip-peredetera\/wp-json\/wp\/v2\/comments?post=5823"}],"version-history":[{"count":1,"href":"https:\/\/agora.xtec.cat\/ceip-peredetera\/wp-json\/wp\/v2\/posts\/5823\/revisions"}],"predecessor-version":[{"id":5827,"href":"https:\/\/agora.xtec.cat\/ceip-peredetera\/wp-json\/wp\/v2\/posts\/5823\/revisions\/5827"}],"wp:featuredmedia":[{"embeddable":true,"href":"https:\/\/agora.xtec.cat\/ceip-peredetera\/wp-json\/wp\/v2\/media\/5824"}],"wp:attachment":[{"href":"https:\/\/agora.xtec.cat\/ceip-peredetera\/wp-json\/wp\/v2\/media?parent=5823"}],"wp:term":[{"taxonomy":"category","embeddable":true,"href":"https:\/\/agora.xtec.cat\/ceip-peredetera\/wp-json\/wp\/v2\/categories?post=5823"},{"taxonomy":"post_tag","embeddable":true,"href":"https:\/\/agora.xtec.cat\/ceip-peredetera\/wp-json\/wp\/v2\/tags?post=5823"}],"curies":[{"name":"wp","href":"https:\/\/api.w.org\/{rel}","templated":true}]}}