{"id":5412,"date":"2021-02-22T22:28:04","date_gmt":"2021-02-22T21:28:04","guid":{"rendered":"http:\/\/agora.xtec.cat\/ceip-peredetera\/?p=5412"},"modified":"2021-04-07T21:07:51","modified_gmt":"2021-04-07T19:07:51","slug":"preinscricpcio-i-portes-obertes-2020-21","status":"publish","type":"post","link":"https:\/\/agora.xtec.cat\/ceip-peredetera\/general\/preinscricpcio-i-portes-obertes-2020-21\/","title":{"rendered":"PREINSCRICPCI\u00d3 I PORTES OBERTES 2020-21"},"content":{"rendered":"<table style=\"height: 331px;\" width=\"1001\">\n<tbody>\n<tr>\n<td style=\"width: 496px;\">\n<h3><strong>VENIU A CON\u00c8IXER LA NOSTRA ESCOLA<\/strong><\/h3>\n<p>Cercar i trobar una escola pels fills i filles, \u00e9s un proc\u00e9s important i que preocupa a totes les fam\u00edlies. I en un context de com l&#8217;actual encara m\u00e9s.<\/p>\n<p>Es tracta de trobar\/ buscar una comunitat i\u00a0un espai f\u00edsic que pel seu estil i forma de fer i per la l\u00ednia educativa, \u00a0els pares i mares us sentiu segurs i conven\u00e7uts de que \u00e9s el millor lloc pel vostre infant.\u00a0Per tothom \u00e9s un pas important per a l\u2019educaci\u00f3 i desenvolupament personal dels infants\u00a0i voleu prendre la millor decisi\u00f3 possible.<\/p>\n<p>Per aix\u00f2, des de l\u2019escola Pere de Tera volem donar-nos a con\u00e8ixer i us volem facilitar aquesta decisi\u00f3. Volem que tamb\u00e9 conegueu la nostra comunitat educativa a trav\u00e9s de la nostra Web\u00a0 per\u00f2 sobretot que ens veiem de forma segura per via telem\u00e0tica i ens puguem\u00a0 con\u00e8ixer.<\/p>\n<p>Volem acompanyar-vos en el creixement dels vostres fills\/es comen\u00e7ant des del primer moment, i aix\u00f2 vol dir que ja ho volem fem comen\u00e7ant pel\u00a0 proc\u00e9s de preinscripci\u00f3 de cara al curs vinent.<\/p>\n<p>La preinscripci\u00f3 per a les etapes d\u2019Educaci\u00f3 Infantil de segon cicle i Educaci\u00f3 Prim\u00e0ria est\u00e0 prevista pel dies 15 de mar\u00e7 al\u00a0 24 de mar\u00e7.<\/p>\n<p>Aquest any les portes obertes del centre seran virtuals per tal de preservar l&#8217;espai de l&#8217;escola com un entorn segur. Els dies 3 de mar\u00e7 a les 18 hores i el 6 de mar\u00e7 a les 11 hores, ens trobarem des d&#8217;un enlla\u00e7 que us facilitarem quan feu la sol\u00b7licitud de dia i hora.<\/p>\n<p>Si voleu reservar pla\u00e7a empleneu el seg\u00fcent enlla\u00e7:<\/p>\n<p><span style=\"color: #0000ff;\">https:\/\/forms.gle\/JNmN57PsuoiWYUiE9<\/span><\/p>\n<p>I\u00a0<span style=\"font-family: inherit; font-size: 1em;\">Per qualsevol dubte ens podeu contactar al tel\u00e8fon 93.387.01.03\u00a0 (laborables de 9\u00a0 a 13 hores i de 15 hores a 16:30). O empleneu aquest formulari i us respondrem el m\u00e9s aviat possible.<\/span><\/p>\n<p><span style=\"color: #0000ff;\">https:\/\/forms.gle\/kLqynVJCZKH8y91K8<\/span><\/p>\n<p>Hi sou tots molt benvinguts!!<\/p>\n<h3><strong>EL PERE de TERA <\/strong><strong style=\"font-family: inherit; font-size: 0.875em;\">US ENAMORAR\u00c0!<\/strong><\/h3>\n<\/td>\n<td style=\"width: 497px;\"><a href=\"https:\/\/agora.xtec.cat\/ceip-peredetera\/wp-content\/uploads\/usu1268\/2021\/02\/CARTELL-PORTES-OBERTES-2020-21-1.jpg\"><img loading=\"lazy\" decoding=\"async\" class=\"alignleft size-full wp-image-5410\" src=\"https:\/\/agora.xtec.cat\/ceip-peredetera\/wp-content\/uploads\/usu1268\/2021\/02\/CARTELL-PORTES-OBERTES-2020-21-1.jpg\" alt=\"\" width=\"686\" height=\"938\" srcset=\"https:\/\/agora.xtec.cat\/ceip-peredetera\/wp-content\/uploads\/usu1268\/2021\/02\/CARTELL-PORTES-OBERTES-2020-21-1.jpg 686w, https:\/\/agora.xtec.cat\/ceip-peredetera\/wp-content\/uploads\/usu1268\/2021\/02\/CARTELL-PORTES-OBERTES-2020-21-1-219x300.jpg 219w\" sizes=\"auto, (max-width: 686px) 100vw, 686px\" \/><\/a><\/td>\n<\/tr>\n<\/tbody>\n<\/table>\n","protected":false},"excerpt":{"rendered":"<p>VENIU A CON\u00c8IXER LA NOSTRA ESCOLA Cercar i trobar una escola pels fills i filles, \u00e9s un proc\u00e9s important i que preocupa a totes les fam\u00edlies. I en un context de com l&#8217;actual encara m\u00e9s. Es tracta de trobar\/ buscar una comunitat i\u00a0un espai f\u00edsic que pel seu estil i forma de fer i per [&hellip;]<\/p>\n","protected":false},"author":1,"featured_media":5416,"comment_status":"closed","ping_status":"closed","sticky":false,"template":"","format":"standard","meta":{"_bbp_topic_count":0,"_bbp_reply_count":0,"_bbp_total_topic_count":0,"_bbp_total_reply_count":0,"_bbp_voice_count":0,"_bbp_anonymous_reply_count":0,"_bbp_topic_count_hidden":0,"_bbp_reply_count_hidden":0,"_bbp_forum_subforum_count":0,"site-sidebar-layout":"default","site-content-layout":"","ast-site-content-layout":"","site-content-style":"default","site-sidebar-style":"default","ast-global-header-display":"","ast-banner-title-visibility":"","ast-main-header-display":"","ast-hfb-above-header-display":"","ast-hfb-below-header-display":"","ast-hfb-mobile-header-display":"","site-post-title":"","ast-breadcrumbs-content":"","ast-featured-img":"","footer-sml-layout":"","theme-transparent-header-meta":"","adv-header-id-meta":"","stick-header-meta":"","header-above-stick-meta":"","header-main-stick-meta":"","header-below-stick-meta":"","astra-migrate-meta-layouts":"default","ast-page-background-enabled":"default","ast-page-background-meta":{"desktop":{"background-color":"var(--ast-global-color-4)","background-image":"","background-repeat":"repeat","background-position":"center center","background-size":"auto","background-attachment":"scroll","background-type":"","background-media":"","overlay-type":"","overlay-color":"","overlay-opacity":"","overlay-gradient":""},"tablet":{"background-color":"","background-image":"","background-repeat":"repeat","background-position":"center center","background-size":"auto","background-attachment":"scroll","background-type":"","background-media":"","overlay-type":"","overlay-color":"","overlay-opacity":"","overlay-gradient":""},"mobile":{"background-color":"","background-image":"","background-repeat":"repeat","background-position":"center center","background-size":"auto","background-attachment":"scroll","background-type":"","background-media":"","overlay-type":"","overlay-color":"","overlay-opacity":"","overlay-gradient":""}},"ast-content-background-meta":{"desktop":{"background-color":"var(--ast-global-color-5)","background-image":"","background-repeat":"repeat","background-position":"center center","background-size":"auto","background-attachment":"scroll","background-type":"","background-media":"","overlay-type":"","overlay-color":"","overlay-opacity":"","overlay-gradient":""},"tablet":{"background-color":"var(--ast-global-color-5)","background-image":"","background-repeat":"repeat","background-position":"center center","background-size":"auto","background-attachment":"scroll","background-type":"","background-media":"","overlay-type":"","overlay-color":"","overlay-opacity":"","overlay-gradient":""},"mobile":{"background-color":"var(--ast-global-color-5)","background-image":"","background-repeat":"repeat","background-position":"center center","background-size":"auto","background-attachment":"scroll","background-type":"","background-media":"","overlay-type":"","overlay-color":"","overlay-opacity":"","overlay-gradient":""}},"footnotes":""},"categories":[1,4],"tags":[304,148,149],"class_list":["post-5412","post","type-post","status-publish","format-standard","has-post-thumbnail","hentry","category-general","category-portada","tag-curs-20-21","tag-portes-obertes","tag-preinscripcio"],"post_mailing_queue_ids":[],"_links":{"self":[{"href":"https:\/\/agora.xtec.cat\/ceip-peredetera\/wp-json\/wp\/v2\/posts\/5412","targetHints":{"allow":["GET"]}}],"collection":[{"href":"https:\/\/agora.xtec.cat\/ceip-peredetera\/wp-json\/wp\/v2\/posts"}],"about":[{"href":"https:\/\/agora.xtec.cat\/ceip-peredetera\/wp-json\/wp\/v2\/types\/post"}],"author":[{"embeddable":true,"href":"https:\/\/agora.xtec.cat\/ceip-peredetera\/wp-json\/wp\/v2\/users\/1"}],"replies":[{"embeddable":true,"href":"https:\/\/agora.xtec.cat\/ceip-peredetera\/wp-json\/wp\/v2\/comments?post=5412"}],"version-history":[{"count":2,"href":"https:\/\/agora.xtec.cat\/ceip-peredetera\/wp-json\/wp\/v2\/posts\/5412\/revisions"}],"predecessor-version":[{"id":5426,"href":"https:\/\/agora.xtec.cat\/ceip-peredetera\/wp-json\/wp\/v2\/posts\/5412\/revisions\/5426"}],"wp:featuredmedia":[{"embeddable":true,"href":"https:\/\/agora.xtec.cat\/ceip-peredetera\/wp-json\/wp\/v2\/media\/5416"}],"wp:attachment":[{"href":"https:\/\/agora.xtec.cat\/ceip-peredetera\/wp-json\/wp\/v2\/media?parent=5412"}],"wp:term":[{"taxonomy":"category","embeddable":true,"href":"https:\/\/agora.xtec.cat\/ceip-peredetera\/wp-json\/wp\/v2\/categories?post=5412"},{"taxonomy":"post_tag","embeddable":true,"href":"https:\/\/agora.xtec.cat\/ceip-peredetera\/wp-json\/wp\/v2\/tags?post=5412"}],"curies":[{"name":"wp","href":"https:\/\/api.w.org\/{rel}","templated":true}]}}