{"id":540,"date":"2017-11-17T16:19:41","date_gmt":"2017-11-17T15:19:41","guid":{"rendered":"http:\/\/agora.xtec.cat\/ceip-peredetera\/?p=540"},"modified":"2019-04-09T19:37:33","modified_gmt":"2019-04-09T17:37:33","slug":"1a-reunio-de-la-comissio-dels-delegats","status":"publish","type":"post","link":"https:\/\/agora.xtec.cat\/ceip-peredetera\/general\/1a-reunio-de-la-comissio-dels-delegats\/","title":{"rendered":"1\u00aa REUNI\u00d3 DE LA COMISSI\u00d3 DELS DELEGATS"},"content":{"rendered":"<div><span style=\"font-size: medium;\">AQUEST DIMECRES DIA 15 DE NOVEMBRE, ENS HEM REUNIT PER PRIMER COP LA COMISSI\u00d3 DE DELEGATS DE CLASSE\u00a0 AMB EL DIRECTOR DE L&#8217;ESCOLA.<br \/>\n<\/span><\/div>\n<div><\/div>\n<div><\/div>\n<div><span style=\"font-size: medium;\">EN AQUESTA REUNI\u00d3 ELS DELEGATS I DELEGADES HAN POGUT EXPLICAR LES COSES QUE VOLIEN MILLORAR DE L&#8217;ESCOLA I COM PODIEN AJUDAR ELLS A ACONSEGUIR-HO.<br \/>\n<\/span><\/div>\n<div><\/div>\n<div><\/div>\n<div><span style=\"font-size: medium;\">HEM COMEN\u00c7AT UNA FEINA LLARGA PER\u00d2 QUE ENS SERVIR\u00c0 PER CR\u00c8IXER I MILLORAR TOTS JUNTS!!<br \/>\n<\/span><\/div>\n<div><\/div>\n<div><\/div>\n<div>\n<div><span style=\"font-size: medium;\">ESTEM TOTS MOLT IL\u00b7LUSIONATS!!<\/span><\/div>\n<\/div>\n<div><\/div>\n<div><a href=\"http:\/\/agora.xtec.cat\/ceip-peredetera\/wp-content\/uploads\/usu1268\/2017\/11\/delegats-arxiu-paint.jpg\"><img loading=\"lazy\" decoding=\"async\" class=\"alignnone size-large wp-image-541\" src=\"http:\/\/agora.xtec.cat\/ceip-peredetera\/wp-content\/uploads\/usu1268\/2017\/11\/delegats-arxiu-paint-1024x768.jpg\" alt=\"\" width=\"1024\" height=\"768\" srcset=\"https:\/\/agora.xtec.cat\/ceip-peredetera\/wp-content\/uploads\/usu1268\/2017\/11\/delegats-arxiu-paint-1024x768.jpg 1024w, https:\/\/agora.xtec.cat\/ceip-peredetera\/wp-content\/uploads\/usu1268\/2017\/11\/delegats-arxiu-paint-300x225.jpg 300w, https:\/\/agora.xtec.cat\/ceip-peredetera\/wp-content\/uploads\/usu1268\/2017\/11\/delegats-arxiu-paint-768x576.jpg 768w, https:\/\/agora.xtec.cat\/ceip-peredetera\/wp-content\/uploads\/usu1268\/2017\/11\/delegats-arxiu-paint-200x150.jpg 200w\" sizes=\"auto, (max-width: 1024px) 100vw, 1024px\" \/><\/a><\/div>\n","protected":false},"excerpt":{"rendered":"<p>AQUEST DIMECRES DIA 15 DE NOVEMBRE, ENS HEM REUNIT PER PRIMER COP LA COMISSI\u00d3 DE DELEGATS DE CLASSE\u00a0 AMB EL DIRECTOR DE L&#8217;ESCOLA. EN AQUESTA REUNI\u00d3 ELS DELEGATS I DELEGADES HAN POGUT EXPLICAR LES COSES QUE VOLIEN MILLORAR DE L&#8217;ESCOLA I COM PODIEN AJUDAR ELLS A ACONSEGUIR-HO. HEM COMEN\u00c7AT UNA FEINA LLARGA PER\u00d2 QUE ENS [&hellip;]<\/p>\n","protected":false},"author":1,"featured_media":541,"comment_status":"closed","ping_status":"closed","sticky":false,"template":"","format":"standard","meta":{"_bbp_topic_count":0,"_bbp_reply_count":0,"_bbp_total_topic_count":0,"_bbp_total_reply_count":0,"_bbp_voice_count":0,"_bbp_anonymous_reply_count":0,"_bbp_topic_count_hidden":0,"_bbp_reply_count_hidden":0,"_bbp_forum_subforum_count":0,"site-sidebar-layout":"default","site-content-layout":"","ast-site-content-layout":"","site-content-style":"default","site-sidebar-style":"default","ast-global-header-display":"","ast-banner-title-visibility":"","ast-main-header-display":"","ast-hfb-above-header-display":"","ast-hfb-below-header-display":"","ast-hfb-mobile-header-display":"","site-post-title":"","ast-breadcrumbs-content":"","ast-featured-img":"","footer-sml-layout":"","theme-transparent-header-meta":"","adv-header-id-meta":"","stick-header-meta":"","header-above-stick-meta":"","header-main-stick-meta":"","header-below-stick-meta":"","astra-migrate-meta-layouts":"default","ast-page-background-enabled":"default","ast-page-background-meta":{"desktop":{"background-color":"var(--ast-global-color-4)","background-image":"","background-repeat":"repeat","background-position":"center center","background-size":"auto","background-attachment":"scroll","background-type":"","background-media":"","overlay-type":"","overlay-color":"","overlay-opacity":"","overlay-gradient":""},"tablet":{"background-color":"","background-image":"","background-repeat":"repeat","background-position":"center center","background-size":"auto","background-attachment":"scroll","background-type":"","background-media":"","overlay-type":"","overlay-color":"","overlay-opacity":"","overlay-gradient":""},"mobile":{"background-color":"","background-image":"","background-repeat":"repeat","background-position":"center center","background-size":"auto","background-attachment":"scroll","background-type":"","background-media":"","overlay-type":"","overlay-color":"","overlay-opacity":"","overlay-gradient":""}},"ast-content-background-meta":{"desktop":{"background-color":"var(--ast-global-color-5)","background-image":"","background-repeat":"repeat","background-position":"center center","background-size":"auto","background-attachment":"scroll","background-type":"","background-media":"","overlay-type":"","overlay-color":"","overlay-opacity":"","overlay-gradient":""},"tablet":{"background-color":"var(--ast-global-color-5)","background-image":"","background-repeat":"repeat","background-position":"center center","background-size":"auto","background-attachment":"scroll","background-type":"","background-media":"","overlay-type":"","overlay-color":"","overlay-opacity":"","overlay-gradient":""},"mobile":{"background-color":"var(--ast-global-color-5)","background-image":"","background-repeat":"repeat","background-position":"center center","background-size":"auto","background-attachment":"scroll","background-type":"","background-media":"","overlay-type":"","overlay-color":"","overlay-opacity":"","overlay-gradient":""}},"footnotes":""},"categories":[1,4],"tags":[108],"class_list":["post-540","post","type-post","status-publish","format-standard","has-post-thumbnail","hentry","category-general","category-portada","tag-consell-de-delegats"],"post_mailing_queue_ids":[],"_links":{"self":[{"href":"https:\/\/agora.xtec.cat\/ceip-peredetera\/wp-json\/wp\/v2\/posts\/540","targetHints":{"allow":["GET"]}}],"collection":[{"href":"https:\/\/agora.xtec.cat\/ceip-peredetera\/wp-json\/wp\/v2\/posts"}],"about":[{"href":"https:\/\/agora.xtec.cat\/ceip-peredetera\/wp-json\/wp\/v2\/types\/post"}],"author":[{"embeddable":true,"href":"https:\/\/agora.xtec.cat\/ceip-peredetera\/wp-json\/wp\/v2\/users\/1"}],"replies":[{"embeddable":true,"href":"https:\/\/agora.xtec.cat\/ceip-peredetera\/wp-json\/wp\/v2\/comments?post=540"}],"version-history":[{"count":2,"href":"https:\/\/agora.xtec.cat\/ceip-peredetera\/wp-json\/wp\/v2\/posts\/540\/revisions"}],"predecessor-version":[{"id":543,"href":"https:\/\/agora.xtec.cat\/ceip-peredetera\/wp-json\/wp\/v2\/posts\/540\/revisions\/543"}],"wp:featuredmedia":[{"embeddable":true,"href":"https:\/\/agora.xtec.cat\/ceip-peredetera\/wp-json\/wp\/v2\/media\/541"}],"wp:attachment":[{"href":"https:\/\/agora.xtec.cat\/ceip-peredetera\/wp-json\/wp\/v2\/media?parent=540"}],"wp:term":[{"taxonomy":"category","embeddable":true,"href":"https:\/\/agora.xtec.cat\/ceip-peredetera\/wp-json\/wp\/v2\/categories?post=540"},{"taxonomy":"post_tag","embeddable":true,"href":"https:\/\/agora.xtec.cat\/ceip-peredetera\/wp-json\/wp\/v2\/tags?post=540"}],"curies":[{"name":"wp","href":"https:\/\/api.w.org\/{rel}","templated":true}]}}