{"id":5313,"date":"2021-01-31T12:27:29","date_gmt":"2021-01-31T11:27:29","guid":{"rendered":"http:\/\/agora.xtec.cat\/ceip-peredetera\/?p=5313"},"modified":"2021-01-31T12:48:54","modified_gmt":"2021-01-31T11:48:54","slug":"mirades-que-canvien-el-mon","status":"publish","type":"post","link":"https:\/\/agora.xtec.cat\/ceip-peredetera\/general\/mirades-que-canvien-el-mon\/","title":{"rendered":"MIRADES QUE CANVIEN EL M\u00d3N"},"content":{"rendered":"<p>El 30 de Gener es celebra el Dia Escolar de la Pau i la No Viol\u00e8ncia (DENIP). A l&#8217;escola el vam celebrar el divendres. Cada curs va adaptar activitats relacionades amb el m\u00f3n que volem en relaci\u00f3 a una societat de persones que ens respectem les unes a les altres, pensem com pensem, que ens relacionem amb carinyo i que intentem cuidar-nos. Com que aquest any, per les condicions sanit\u00e0ries, hem de portar la boca tapada, hem volgut ressaltar all\u00f2 que expressem amb el ulls i en aquests dos murals, un a Infantil i l&#8217;altre a Prim\u00e0ria, es troben les mirades de tot el nostre alumnat. S\u00f3n <strong>&#8220;Mirades que canvien el m\u00f3n&#8221;<\/strong>. Aquest \u00e9s el nostre desig! Esperem que us agradin!<\/p>\n<figure id=\"attachment_5314\" aria-describedby=\"caption-attachment-5314\" style=\"width: 1024px\" class=\"wp-caption alignleft\"><a href=\"https:\/\/agora.xtec.cat\/ceip-peredetera\/wp-content\/uploads\/usu1268\/2021\/01\/IMG_20210129_154652.jpg\"><img loading=\"lazy\" decoding=\"async\" class=\"size-large wp-image-5314\" src=\"https:\/\/agora.xtec.cat\/ceip-peredetera\/wp-content\/uploads\/usu1268\/2021\/01\/IMG_20210129_154652-1024x542.jpg\" alt=\"\" width=\"1024\" height=\"542\" srcset=\"https:\/\/agora.xtec.cat\/ceip-peredetera\/wp-content\/uploads\/usu1268\/2021\/01\/IMG_20210129_154652-1024x542.jpg 1024w, https:\/\/agora.xtec.cat\/ceip-peredetera\/wp-content\/uploads\/usu1268\/2021\/01\/IMG_20210129_154652-300x159.jpg 300w, https:\/\/agora.xtec.cat\/ceip-peredetera\/wp-content\/uploads\/usu1268\/2021\/01\/IMG_20210129_154652-768x406.jpg 768w\" sizes=\"auto, (max-width: 1024px) 100vw, 1024px\" \/><\/a><figcaption id=\"caption-attachment-5314\" class=\"wp-caption-text\">qrf<\/figcaption><\/figure>\n<p><a href=\"https:\/\/agora.xtec.cat\/ceip-peredetera\/wp-content\/uploads\/usu1268\/2021\/01\/IMG-20210127-WA0004.jpg\"><img loading=\"lazy\" decoding=\"async\" class=\"alignleft size-large wp-image-5315\" src=\"https:\/\/agora.xtec.cat\/ceip-peredetera\/wp-content\/uploads\/usu1268\/2021\/01\/IMG-20210127-WA0004-1024x768.jpg\" alt=\"\" width=\"1024\" height=\"768\" srcset=\"https:\/\/agora.xtec.cat\/ceip-peredetera\/wp-content\/uploads\/usu1268\/2021\/01\/IMG-20210127-WA0004-1024x768.jpg 1024w, https:\/\/agora.xtec.cat\/ceip-peredetera\/wp-content\/uploads\/usu1268\/2021\/01\/IMG-20210127-WA0004-300x225.jpg 300w, https:\/\/agora.xtec.cat\/ceip-peredetera\/wp-content\/uploads\/usu1268\/2021\/01\/IMG-20210127-WA0004-768x576.jpg 768w, https:\/\/agora.xtec.cat\/ceip-peredetera\/wp-content\/uploads\/usu1268\/2021\/01\/IMG-20210127-WA0004-200x150.jpg 200w, https:\/\/agora.xtec.cat\/ceip-peredetera\/wp-content\/uploads\/usu1268\/2021\/01\/IMG-20210127-WA0004.jpg 1600w\" sizes=\"auto, (max-width: 1024px) 100vw, 1024px\" \/><\/a><\/p>\n","protected":false},"excerpt":{"rendered":"<p>El 30 de Gener es celebra el Dia Escolar de la Pau i la No Viol\u00e8ncia (DENIP). A l&#8217;escola el vam celebrar el divendres. Cada curs va adaptar activitats relacionades amb el m\u00f3n que volem en relaci\u00f3 a una societat de persones que ens respectem les unes a les altres, pensem com pensem, que ens [&hellip;]<\/p>\n","protected":false},"author":4,"featured_media":5315,"comment_status":"closed","ping_status":"closed","sticky":false,"template":"","format":"standard","meta":{"_bbp_topic_count":0,"_bbp_reply_count":0,"_bbp_total_topic_count":0,"_bbp_total_reply_count":0,"_bbp_voice_count":0,"_bbp_anonymous_reply_count":0,"_bbp_topic_count_hidden":0,"_bbp_reply_count_hidden":0,"_bbp_forum_subforum_count":0,"site-sidebar-layout":"default","site-content-layout":"","ast-site-content-layout":"","site-content-style":"default","site-sidebar-style":"default","ast-global-header-display":"","ast-banner-title-visibility":"","ast-main-header-display":"","ast-hfb-above-header-display":"","ast-hfb-below-header-display":"","ast-hfb-mobile-header-display":"","site-post-title":"","ast-breadcrumbs-content":"","ast-featured-img":"","footer-sml-layout":"","theme-transparent-header-meta":"","adv-header-id-meta":"","stick-header-meta":"","header-above-stick-meta":"","header-main-stick-meta":"","header-below-stick-meta":"","astra-migrate-meta-layouts":"default","ast-page-background-enabled":"default","ast-page-background-meta":{"desktop":{"background-color":"var(--ast-global-color-4)","background-image":"","background-repeat":"repeat","background-position":"center center","background-size":"auto","background-attachment":"scroll","background-type":"","background-media":"","overlay-type":"","overlay-color":"","overlay-opacity":"","overlay-gradient":""},"tablet":{"background-color":"","background-image":"","background-repeat":"repeat","background-position":"center center","background-size":"auto","background-attachment":"scroll","background-type":"","background-media":"","overlay-type":"","overlay-color":"","overlay-opacity":"","overlay-gradient":""},"mobile":{"background-color":"","background-image":"","background-repeat":"repeat","background-position":"center center","background-size":"auto","background-attachment":"scroll","background-type":"","background-media":"","overlay-type":"","overlay-color":"","overlay-opacity":"","overlay-gradient":""}},"ast-content-background-meta":{"desktop":{"background-color":"var(--ast-global-color-5)","background-image":"","background-repeat":"repeat","background-position":"center center","background-size":"auto","background-attachment":"scroll","background-type":"","background-media":"","overlay-type":"","overlay-color":"","overlay-opacity":"","overlay-gradient":""},"tablet":{"background-color":"var(--ast-global-color-5)","background-image":"","background-repeat":"repeat","background-position":"center center","background-size":"auto","background-attachment":"scroll","background-type":"","background-media":"","overlay-type":"","overlay-color":"","overlay-opacity":"","overlay-gradient":""},"mobile":{"background-color":"var(--ast-global-color-5)","background-image":"","background-repeat":"repeat","background-position":"center center","background-size":"auto","background-attachment":"scroll","background-type":"","background-media":"","overlay-type":"","overlay-color":"","overlay-opacity":"","overlay-gradient":""}},"footnotes":""},"categories":[2,72,1,4,5],"tags":[313],"class_list":["post-5313","post","type-post","status-publish","format-standard","has-post-thumbnail","hentry","category-infantil","category-festes","category-general","category-portada","category-primaria","tag-denip-2021"],"post_mailing_queue_ids":[],"_links":{"self":[{"href":"https:\/\/agora.xtec.cat\/ceip-peredetera\/wp-json\/wp\/v2\/posts\/5313","targetHints":{"allow":["GET"]}}],"collection":[{"href":"https:\/\/agora.xtec.cat\/ceip-peredetera\/wp-json\/wp\/v2\/posts"}],"about":[{"href":"https:\/\/agora.xtec.cat\/ceip-peredetera\/wp-json\/wp\/v2\/types\/post"}],"author":[{"embeddable":true,"href":"https:\/\/agora.xtec.cat\/ceip-peredetera\/wp-json\/wp\/v2\/users\/4"}],"replies":[{"embeddable":true,"href":"https:\/\/agora.xtec.cat\/ceip-peredetera\/wp-json\/wp\/v2\/comments?post=5313"}],"version-history":[{"count":2,"href":"https:\/\/agora.xtec.cat\/ceip-peredetera\/wp-json\/wp\/v2\/posts\/5313\/revisions"}],"predecessor-version":[{"id":5317,"href":"https:\/\/agora.xtec.cat\/ceip-peredetera\/wp-json\/wp\/v2\/posts\/5313\/revisions\/5317"}],"wp:featuredmedia":[{"embeddable":true,"href":"https:\/\/agora.xtec.cat\/ceip-peredetera\/wp-json\/wp\/v2\/media\/5315"}],"wp:attachment":[{"href":"https:\/\/agora.xtec.cat\/ceip-peredetera\/wp-json\/wp\/v2\/media?parent=5313"}],"wp:term":[{"taxonomy":"category","embeddable":true,"href":"https:\/\/agora.xtec.cat\/ceip-peredetera\/wp-json\/wp\/v2\/categories?post=5313"},{"taxonomy":"post_tag","embeddable":true,"href":"https:\/\/agora.xtec.cat\/ceip-peredetera\/wp-json\/wp\/v2\/tags?post=5313"}],"curies":[{"name":"wp","href":"https:\/\/api.w.org\/{rel}","templated":true}]}}