{"id":5228,"date":"2020-12-20T08:45:07","date_gmt":"2020-12-20T07:45:07","guid":{"rendered":"http:\/\/agora.xtec.cat\/ceip-peredetera\/?p=5228"},"modified":"2021-04-07T21:13:04","modified_gmt":"2021-04-07T19:13:04","slug":"cantata-el-petit-avet","status":"publish","type":"post","link":"https:\/\/agora.xtec.cat\/ceip-peredetera\/general\/cantata-el-petit-avet\/","title":{"rendered":"Cantata &#8220;El petit avet&#8221;"},"content":{"rendered":"<h4 style=\"text-align: justify;\">Tots sabem que aquest Nadal ser\u00e0 un Nadal &#8220;especial&#8221;. Cada any per aquestes dates ens trobem al teatre per oferir-vos un Concert de Nadal. Com que aquest any no ser\u00e0 possible, hem pensat una manera diferent d&#8217;adre\u00e7ar-nos a totes les fam\u00edlies per oferir-vos aquesta Cantata, inspirada en el conte &#8220;El petit avet&#8221; de Hans Christian Andersen. Amb aquesta intenci\u00f3, gr\u00e0cies a la coordinaci\u00f3 de la mestra de m\u00fasica i a la col\u00b7laboraci\u00f3 de tot el professorat, hem fet el muntatge que us oferim a continuaci\u00f3. Esperem que us agradi i que el gaudiu amb la mateixa il\u00b7lusi\u00f3 i carinyo amb que l&#8217;hem preparat!<\/h4>\n<p><iframe loading=\"lazy\" src=\"https:\/\/www.youtube.com\/embed\/zn0DbXW_qAc\" width=\"560\" height=\"315\" frameborder=\"0\"><\/iframe><\/p>\n","protected":false},"excerpt":{"rendered":"<p>Tots sabem que aquest Nadal ser\u00e0 un Nadal &#8220;especial&#8221;. Cada any per aquestes dates ens trobem al teatre per oferir-vos un Concert de Nadal. Com que aquest any no ser\u00e0 possible, hem pensat una manera diferent d&#8217;adre\u00e7ar-nos a totes les fam\u00edlies per oferir-vos aquesta Cantata, inspirada en el conte &#8220;El petit avet&#8221; de Hans Christian [&hellip;]<\/p>\n","protected":false},"author":4,"featured_media":5229,"comment_status":"closed","ping_status":"closed","sticky":false,"template":"","format":"standard","meta":{"_bbp_topic_count":0,"_bbp_reply_count":0,"_bbp_total_topic_count":0,"_bbp_total_reply_count":0,"_bbp_voice_count":0,"_bbp_anonymous_reply_count":0,"_bbp_topic_count_hidden":0,"_bbp_reply_count_hidden":0,"_bbp_forum_subforum_count":0,"site-sidebar-layout":"default","site-content-layout":"","ast-site-content-layout":"","site-content-style":"default","site-sidebar-style":"default","ast-global-header-display":"","ast-banner-title-visibility":"","ast-main-header-display":"","ast-hfb-above-header-display":"","ast-hfb-below-header-display":"","ast-hfb-mobile-header-display":"","site-post-title":"","ast-breadcrumbs-content":"","ast-featured-img":"","footer-sml-layout":"","theme-transparent-header-meta":"","adv-header-id-meta":"","stick-header-meta":"","header-above-stick-meta":"","header-main-stick-meta":"","header-below-stick-meta":"","astra-migrate-meta-layouts":"default","ast-page-background-enabled":"default","ast-page-background-meta":{"desktop":{"background-color":"var(--ast-global-color-4)","background-image":"","background-repeat":"repeat","background-position":"center center","background-size":"auto","background-attachment":"scroll","background-type":"","background-media":"","overlay-type":"","overlay-color":"","overlay-opacity":"","overlay-gradient":""},"tablet":{"background-color":"","background-image":"","background-repeat":"repeat","background-position":"center center","background-size":"auto","background-attachment":"scroll","background-type":"","background-media":"","overlay-type":"","overlay-color":"","overlay-opacity":"","overlay-gradient":""},"mobile":{"background-color":"","background-image":"","background-repeat":"repeat","background-position":"center center","background-size":"auto","background-attachment":"scroll","background-type":"","background-media":"","overlay-type":"","overlay-color":"","overlay-opacity":"","overlay-gradient":""}},"ast-content-background-meta":{"desktop":{"background-color":"var(--ast-global-color-5)","background-image":"","background-repeat":"repeat","background-position":"center center","background-size":"auto","background-attachment":"scroll","background-type":"","background-media":"","overlay-type":"","overlay-color":"","overlay-opacity":"","overlay-gradient":""},"tablet":{"background-color":"var(--ast-global-color-5)","background-image":"","background-repeat":"repeat","background-position":"center center","background-size":"auto","background-attachment":"scroll","background-type":"","background-media":"","overlay-type":"","overlay-color":"","overlay-opacity":"","overlay-gradient":""},"mobile":{"background-color":"var(--ast-global-color-5)","background-image":"","background-repeat":"repeat","background-position":"center center","background-size":"auto","background-attachment":"scroll","background-type":"","background-media":"","overlay-type":"","overlay-color":"","overlay-opacity":"","overlay-gradient":""}},"footnotes":""},"categories":[318,319,198,199,3,8,59,9,13,12,11,10,60,67,66,65,64,62,63,61,2,72,1,76,4,5],"tags":[308,304],"class_list":["post-5228","post","type-post","status-publish","format-standard","has-post-thumbnail","hentry","category-2a-cm","category-2b-cm","category-3a-cm","category-3b-cm","category-4a-cg","category-4b-cg","category-5-cg","category-6a-cg","category-6a","category-6a-promocio-2010","category-6a-cs","category-5a-cs","category-6b-cg","category-6b-promocions-antigues","category-6b-promocio-2010","category-6b-cs","category-5b-cs","category-cm","category-cs","category-ci","category-infantil","category-festes","category-general","category-musica","category-portada","category-primaria","tag-concert-nadal","tag-curs-20-21"],"post_mailing_queue_ids":[],"_links":{"self":[{"href":"https:\/\/agora.xtec.cat\/ceip-peredetera\/wp-json\/wp\/v2\/posts\/5228","targetHints":{"allow":["GET"]}}],"collection":[{"href":"https:\/\/agora.xtec.cat\/ceip-peredetera\/wp-json\/wp\/v2\/posts"}],"about":[{"href":"https:\/\/agora.xtec.cat\/ceip-peredetera\/wp-json\/wp\/v2\/types\/post"}],"author":[{"embeddable":true,"href":"https:\/\/agora.xtec.cat\/ceip-peredetera\/wp-json\/wp\/v2\/users\/4"}],"replies":[{"embeddable":true,"href":"https:\/\/agora.xtec.cat\/ceip-peredetera\/wp-json\/wp\/v2\/comments?post=5228"}],"version-history":[{"count":2,"href":"https:\/\/agora.xtec.cat\/ceip-peredetera\/wp-json\/wp\/v2\/posts\/5228\/revisions"}],"predecessor-version":[{"id":5233,"href":"https:\/\/agora.xtec.cat\/ceip-peredetera\/wp-json\/wp\/v2\/posts\/5228\/revisions\/5233"}],"wp:featuredmedia":[{"embeddable":true,"href":"https:\/\/agora.xtec.cat\/ceip-peredetera\/wp-json\/wp\/v2\/media\/5229"}],"wp:attachment":[{"href":"https:\/\/agora.xtec.cat\/ceip-peredetera\/wp-json\/wp\/v2\/media?parent=5228"}],"wp:term":[{"taxonomy":"category","embeddable":true,"href":"https:\/\/agora.xtec.cat\/ceip-peredetera\/wp-json\/wp\/v2\/categories?post=5228"},{"taxonomy":"post_tag","embeddable":true,"href":"https:\/\/agora.xtec.cat\/ceip-peredetera\/wp-json\/wp\/v2\/tags?post=5228"}],"curies":[{"name":"wp","href":"https:\/\/api.w.org\/{rel}","templated":true}]}}