{"id":5002,"date":"2020-09-08T11:16:48","date_gmt":"2020-09-08T09:16:48","guid":{"rendered":"http:\/\/agora.xtec.cat\/ceip-peredetera\/?p=5002"},"modified":"2021-11-09T20:21:45","modified_gmt":"2021-11-09T19:21:45","slug":"documents-organitzacio-de-centre","status":"publish","type":"post","link":"https:\/\/agora.xtec.cat\/ceip-peredetera\/general\/documents-organitzacio-de-centre\/","title":{"rendered":"DOCUMENTS ORGANITZACI\u00d3 DE CENTRE 2020-21"},"content":{"rendered":"<p><a href=\"https:\/\/agora.xtec.cat\/ceip-peredetera\/wp-content\/uploads\/usu1268\/2020\/09\/FOTO-PLA-DORGANITZACI\u00d3-DE-CENTRE.jpg\"><img loading=\"lazy\" decoding=\"async\" class=\"alignleft wp-image-5000\" src=\"https:\/\/agora.xtec.cat\/ceip-peredetera\/wp-content\/uploads\/usu1268\/2020\/09\/FOTO-PLA-DORGANITZACI\u00d3-DE-CENTRE.jpg\" alt=\"\" width=\"213\" height=\"220\" srcset=\"https:\/\/agora.xtec.cat\/ceip-peredetera\/wp-content\/uploads\/usu1268\/2020\/09\/FOTO-PLA-DORGANITZACI\u00d3-DE-CENTRE.jpg 847w, https:\/\/agora.xtec.cat\/ceip-peredetera\/wp-content\/uploads\/usu1268\/2020\/09\/FOTO-PLA-DORGANITZACI\u00d3-DE-CENTRE-290x300.jpg 290w, https:\/\/agora.xtec.cat\/ceip-peredetera\/wp-content\/uploads\/usu1268\/2020\/09\/FOTO-PLA-DORGANITZACI\u00d3-DE-CENTRE-768x795.jpg 768w\" sizes=\"auto, (max-width: 213px) 100vw, 213px\" \/><\/a>Benvolgudes fam\u00edlies,<\/p>\n<p>A causa de la pand\u00e8mia pel COVID19 i atenent les instruccions del Departament de Salut i d&#8217;Educaci\u00f3, hem el\u00b7laborat un pla d&#8217;organitzaci\u00f3 estrat\u00e8gic adient per poder contenir el COVID 19.<\/p>\n<p>Aqu\u00ed us adjuntem el PLA sencer d&#8217;actuacions i un Powerpoint resum amb els aspectes m\u00e9s rellevants de les mesures en entrades i sortides, distribuci\u00f3 de grups i patis.<\/p>\n<p>Tamb\u00e9 adjuntem la carta de comprom\u00eds obligat\u00f2ria per poder tornar a les classes. Sense aquesta carta a partir del dia 21 de setembre cap alumne\/a podr\u00e0 accedir al centre.<\/p>\n<ol>\n<li>Pla de reobertura:Document complert: \u00a0 <a href=\"https:\/\/drive.google.com\/file\/d\/1fFlZ_B4HEjXt3WIkvetbVFH0NloHLvGA\/view?usp=sharing\">PLA D&#8217;ORGANITZACI\u00d3 DEL CENTRE 6.10.20 (Clica aqu\u00ed)<\/a><\/li>\n<li>Presentaci\u00f3 resum del Pla de reobertura: <a href=\"https:\/\/agora.xtec.cat\/ceip-peredetera\/wp-content\/uploads\/usu1268\/2020\/09\/PRESENTACI\u00d3-PLA-D\u2019ORGANTIZACI\u00d3-DE-CENTRE-2020-21...-cescolar.pdf\">PRESENTACI\u00d3 PLA D\u2019ORGANTIZACI\u00d3 DE CENTRE 2020-21&#8230; cescolar (Clica aqu\u00ed)<\/a><\/li>\n<li>CARTA DE COMPROM\u00cdS FAM\u00cdLIES INFANTIL \u00a0\u00a0 <a href=\"https:\/\/agora.xtec.cat\/ceip-peredetera\/wp-content\/uploads\/usu1268\/2020\/09\/DECLARACI\u00d3-REPONSABLE-FAM\u00cdLIES-PRIM\u00c0RIA.pdf\">DECLARACI\u00d3 <\/a><a href=\"https:\/\/agora.xtec.cat\/ceip-peredetera\/wp-content\/uploads\/usu1268\/2020\/09\/DECLARACI\u00d3-RESPONSABLE-FAM\u00cdLIES-INFANTIL.pdf\">DECLARACI\u00d3 RESPONSABLE FAM\u00cdLIES INFANTIL (Clica aqu\u00ed)<\/a><\/li>\n<li>CARTA DE COMPROM\u00cdS FAM\u00cdLIES PRIM\u00c0RIA\u00a0 \u00a0 <a href=\"https:\/\/agora.xtec.cat\/ceip-peredetera\/wp-content\/uploads\/usu1268\/2020\/09\/DECLARACI\u00d3-REPONSABLE-FAM\u00cdLIES-PRIM\u00c0RIA.pdf\">DECLARACI\u00d3 REPONSABLE FAM\u00cdLIES PRIM\u00c0RIA (Clica aqu\u00ed)<\/a><\/li>\n<\/ol>\n","protected":false},"excerpt":{"rendered":"<p>Benvolgudes fam\u00edlies, A causa de la pand\u00e8mia pel COVID19 i atenent les instruccions del Departament de Salut i d&#8217;Educaci\u00f3, hem el\u00b7laborat un pla d&#8217;organitzaci\u00f3 estrat\u00e8gic adient per poder contenir el COVID 19. Aqu\u00ed us adjuntem el PLA sencer d&#8217;actuacions i un Powerpoint resum amb els aspectes m\u00e9s rellevants de les mesures en entrades i sortides, [&hellip;]<\/p>\n","protected":false},"author":1,"featured_media":5000,"comment_status":"closed","ping_status":"closed","sticky":false,"template":"","format":"standard","meta":{"_bbp_topic_count":0,"_bbp_reply_count":0,"_bbp_total_topic_count":0,"_bbp_total_reply_count":0,"_bbp_voice_count":0,"_bbp_anonymous_reply_count":0,"_bbp_topic_count_hidden":0,"_bbp_reply_count_hidden":0,"_bbp_forum_subforum_count":0,"site-sidebar-layout":"default","site-content-layout":"","ast-site-content-layout":"","site-content-style":"default","site-sidebar-style":"default","ast-global-header-display":"","ast-banner-title-visibility":"","ast-main-header-display":"","ast-hfb-above-header-display":"","ast-hfb-below-header-display":"","ast-hfb-mobile-header-display":"","site-post-title":"","ast-breadcrumbs-content":"","ast-featured-img":"","footer-sml-layout":"","theme-transparent-header-meta":"","adv-header-id-meta":"","stick-header-meta":"","header-above-stick-meta":"","header-main-stick-meta":"","header-below-stick-meta":"","astra-migrate-meta-layouts":"default","ast-page-background-enabled":"default","ast-page-background-meta":{"desktop":{"background-color":"var(--ast-global-color-4)","background-image":"","background-repeat":"repeat","background-position":"center center","background-size":"auto","background-attachment":"scroll","background-type":"","background-media":"","overlay-type":"","overlay-color":"","overlay-opacity":"","overlay-gradient":""},"tablet":{"background-color":"","background-image":"","background-repeat":"repeat","background-position":"center center","background-size":"auto","background-attachment":"scroll","background-type":"","background-media":"","overlay-type":"","overlay-color":"","overlay-opacity":"","overlay-gradient":""},"mobile":{"background-color":"","background-image":"","background-repeat":"repeat","background-position":"center center","background-size":"auto","background-attachment":"scroll","background-type":"","background-media":"","overlay-type":"","overlay-color":"","overlay-opacity":"","overlay-gradient":""}},"ast-content-background-meta":{"desktop":{"background-color":"var(--ast-global-color-5)","background-image":"","background-repeat":"repeat","background-position":"center center","background-size":"auto","background-attachment":"scroll","background-type":"","background-media":"","overlay-type":"","overlay-color":"","overlay-opacity":"","overlay-gradient":""},"tablet":{"background-color":"var(--ast-global-color-5)","background-image":"","background-repeat":"repeat","background-position":"center center","background-size":"auto","background-attachment":"scroll","background-type":"","background-media":"","overlay-type":"","overlay-color":"","overlay-opacity":"","overlay-gradient":""},"mobile":{"background-color":"var(--ast-global-color-5)","background-image":"","background-repeat":"repeat","background-position":"center center","background-size":"auto","background-attachment":"scroll","background-type":"","background-media":"","overlay-type":"","overlay-color":"","overlay-opacity":"","overlay-gradient":""}},"footnotes":""},"categories":[62,63,61,2,72,1,4],"tags":[299,298,301,304,293,297,300,296,294],"class_list":["post-5002","post","type-post","status-publish","format-standard","has-post-thumbnail","hentry","category-cm","category-cs","category-ci","category-infantil","category-festes","category-general","category-portada","tag-carta","tag-carta-declaracio-responsable-families","tag-covid19","tag-curs-20-21","tag-curs-2020-21-covid19-organitzacio-escola","tag-declaracio-responsable","tag-delcaracio","tag-organitzacio-de-lescola","tag-pla-dorganitzacio-de-centre"],"post_mailing_queue_ids":[],"_links":{"self":[{"href":"https:\/\/agora.xtec.cat\/ceip-peredetera\/wp-json\/wp\/v2\/posts\/5002","targetHints":{"allow":["GET"]}}],"collection":[{"href":"https:\/\/agora.xtec.cat\/ceip-peredetera\/wp-json\/wp\/v2\/posts"}],"about":[{"href":"https:\/\/agora.xtec.cat\/ceip-peredetera\/wp-json\/wp\/v2\/types\/post"}],"author":[{"embeddable":true,"href":"https:\/\/agora.xtec.cat\/ceip-peredetera\/wp-json\/wp\/v2\/users\/1"}],"replies":[{"embeddable":true,"href":"https:\/\/agora.xtec.cat\/ceip-peredetera\/wp-json\/wp\/v2\/comments?post=5002"}],"version-history":[{"count":4,"href":"https:\/\/agora.xtec.cat\/ceip-peredetera\/wp-json\/wp\/v2\/posts\/5002\/revisions"}],"predecessor-version":[{"id":6052,"href":"https:\/\/agora.xtec.cat\/ceip-peredetera\/wp-json\/wp\/v2\/posts\/5002\/revisions\/6052"}],"wp:featuredmedia":[{"embeddable":true,"href":"https:\/\/agora.xtec.cat\/ceip-peredetera\/wp-json\/wp\/v2\/media\/5000"}],"wp:attachment":[{"href":"https:\/\/agora.xtec.cat\/ceip-peredetera\/wp-json\/wp\/v2\/media?parent=5002"}],"wp:term":[{"taxonomy":"category","embeddable":true,"href":"https:\/\/agora.xtec.cat\/ceip-peredetera\/wp-json\/wp\/v2\/categories?post=5002"},{"taxonomy":"post_tag","embeddable":true,"href":"https:\/\/agora.xtec.cat\/ceip-peredetera\/wp-json\/wp\/v2\/tags?post=5002"}],"curies":[{"name":"wp","href":"https:\/\/api.w.org\/{rel}","templated":true}]}}