{"id":4973,"date":"2020-07-07T20:35:43","date_gmt":"2020-07-07T18:35:43","guid":{"rendered":"http:\/\/agora.xtec.cat\/ceip-peredetera\/?p=4973"},"modified":"2020-07-22T17:43:38","modified_gmt":"2020-07-22T15:43:38","slug":"llistat-admesos-curs-2020-21","status":"publish","type":"post","link":"https:\/\/agora.xtec.cat\/ceip-peredetera\/general\/llistat-admesos-curs-2020-21\/","title":{"rendered":"LLISTAT ADMESOS I LLISTA D&#8217;ESPERA CURS 2020-21"},"content":{"rendered":"<p style=\"font-family: 'Helvetica Neue', Helvetica, Helvetica, Arial, sans-serif; font-size: 16px;\">Benvolgudes fam\u00edlies,<\/p>\n<p style=\"font-family: 'Helvetica Neue', Helvetica, Helvetica, Arial, sans-serif; font-size: 16px;\">Ja ha sortit el llistat definitiu d&#8217;alumnes admesos i el llistat d&#8217;Espera a l&#8217;escola pel curs 2020-21.<\/p>\n<p style=\"font-family: 'Helvetica Neue', Helvetica, Helvetica, Arial, sans-serif; font-size: 16px;\">Recordeu que el proc\u00e9s de matriculaci\u00f3 ser\u00e0 del 13 al 17 de juliol de forma telef\u00f2nica. Contacteu amb l&#8217;escola de 9 a 13 hores, nosaltres tamb\u00e9 ens posarem en contacte el m\u00e9s aviat possible per confirmar la pla\u00e7a. Als alumnes de P3 i P4 els trucar\u00e0 una mestra de l&#8217;escola per fer una petita entrevista.<\/p>\n<p>Recordeu que totes aquelles fam\u00edlies que esteu a l&#8217;escola de P\u00b7 a 5\u00e8, sin\u00f3 es comunica el contrari esteu matriculats autom\u00e0ticament pel curs vinent.<\/p>\n<p>&nbsp;<\/p>\n<p><a href=\"https:\/\/drive.google.com\/file\/d\/1B665EuN6DkIAUsRLz9Bq-HrBLWnqRqye\/view?usp=sharing\"><img loading=\"lazy\" decoding=\"async\" class=\"alignleft wp-image-4971\" src=\"https:\/\/agora.xtec.cat\/ceip-peredetera\/wp-content\/uploads\/usu1268\/2020\/07\/Libreta-Papel-Publicaci\u00f3n-de-Facebook-2-1024x858.jpg\" alt=\"\" width=\"220\" height=\"184\" srcset=\"https:\/\/agora.xtec.cat\/ceip-peredetera\/wp-content\/uploads\/usu1268\/2020\/07\/Libreta-Papel-Publicaci\u00f3n-de-Facebook-2-1024x858.jpg 1024w, https:\/\/agora.xtec.cat\/ceip-peredetera\/wp-content\/uploads\/usu1268\/2020\/07\/Libreta-Papel-Publicaci\u00f3n-de-Facebook-2-300x250.jpg 300w, https:\/\/agora.xtec.cat\/ceip-peredetera\/wp-content\/uploads\/usu1268\/2020\/07\/Libreta-Papel-Publicaci\u00f3n-de-Facebook-2-768x644.jpg 768w, https:\/\/agora.xtec.cat\/ceip-peredetera\/wp-content\/uploads\/usu1268\/2020\/07\/Libreta-Papel-Publicaci\u00f3n-de-Facebook-2.jpg 1410w\" sizes=\"auto, (max-width: 220px) 100vw, 220px\" \/><\/a><\/p>\n<p><a href=\"https:\/\/drive.google.com\/file\/d\/1wYKrTQ3lvqf-VMTj24SwAgClQHKvMZYF\/view?usp=sharing\">\u00a0 <\/a><a href=\"https:\/\/drive.google.com\/file\/d\/10H6GV0ETso5wE5FGfOjA3tgjY3Mneqe1\/view?usp=sharing\"><img loading=\"lazy\" decoding=\"async\" class=\"alignleft wp-image-4979\" src=\"https:\/\/agora.xtec.cat\/ceip-peredetera\/wp-content\/uploads\/usu1268\/2020\/07\/Libreta-Papel-Publicaci\u00f3n-de-Facebook-1024x858.jpg\" alt=\"\" width=\"212\" height=\"177\" srcset=\"https:\/\/agora.xtec.cat\/ceip-peredetera\/wp-content\/uploads\/usu1268\/2020\/07\/Libreta-Papel-Publicaci\u00f3n-de-Facebook-1024x858.jpg 1024w, https:\/\/agora.xtec.cat\/ceip-peredetera\/wp-content\/uploads\/usu1268\/2020\/07\/Libreta-Papel-Publicaci\u00f3n-de-Facebook-300x250.jpg 300w, https:\/\/agora.xtec.cat\/ceip-peredetera\/wp-content\/uploads\/usu1268\/2020\/07\/Libreta-Papel-Publicaci\u00f3n-de-Facebook-768x644.jpg 768w, https:\/\/agora.xtec.cat\/ceip-peredetera\/wp-content\/uploads\/usu1268\/2020\/07\/Libreta-Papel-Publicaci\u00f3n-de-Facebook.jpg 1410w\" sizes=\"auto, (max-width: 212px) 100vw, 212px\" \/><\/a><a href=\"https:\/\/drive.google.com\/file\/d\/1wYKrTQ3lvqf-VMTj24SwAgClQHKvMZYF\/view?usp=sharing\"><img loading=\"lazy\" decoding=\"async\" class=\"alignleft wp-image-4989\" src=\"https:\/\/agora.xtec.cat\/ceip-peredetera\/wp-content\/uploads\/usu1268\/2020\/07\/ASSIGNACI\u00d3-PLACES-ALUMNES-PREINSCRITS-1024x1024.jpg\" alt=\"\" width=\"176\" height=\"176\" srcset=\"https:\/\/agora.xtec.cat\/ceip-peredetera\/wp-content\/uploads\/usu1268\/2020\/07\/ASSIGNACI\u00d3-PLACES-ALUMNES-PREINSCRITS-1024x1024.jpg 1024w, https:\/\/agora.xtec.cat\/ceip-peredetera\/wp-content\/uploads\/usu1268\/2020\/07\/ASSIGNACI\u00d3-PLACES-ALUMNES-PREINSCRITS-150x150.jpg 150w, https:\/\/agora.xtec.cat\/ceip-peredetera\/wp-content\/uploads\/usu1268\/2020\/07\/ASSIGNACI\u00d3-PLACES-ALUMNES-PREINSCRITS-300x300.jpg 300w, https:\/\/agora.xtec.cat\/ceip-peredetera\/wp-content\/uploads\/usu1268\/2020\/07\/ASSIGNACI\u00d3-PLACES-ALUMNES-PREINSCRITS-768x768.jpg 768w\" sizes=\"auto, (max-width: 176px) 100vw, 176px\" \/><\/a><\/p>\n<p>&nbsp;<\/p>\n<p>&nbsp;<\/p>\n<p>&nbsp;<\/p>\n<p>&nbsp;<\/p>\n<p>&nbsp;<\/p>\n<p>&nbsp;<\/p>\n<p><span style=\"color: #3366ff;\">\u00a0 \u00a0 \u00a0 \u00a0 \u00a0 \u00a0 \u00a0 \u00a0 \u00a0 \u00a0 \u00a0 \u00a0\u00a0<\/span><\/p>\n","protected":false},"excerpt":{"rendered":"<p>Benvolgudes fam\u00edlies, Ja ha sortit el llistat definitiu d&#8217;alumnes admesos i el llistat d&#8217;Espera a l&#8217;escola pel curs 2020-21. Recordeu que el proc\u00e9s de matriculaci\u00f3 ser\u00e0 del 13 al 17 de juliol de forma telef\u00f2nica. Contacteu amb l&#8217;escola de 9 a 13 hores, nosaltres tamb\u00e9 ens posarem en contacte el m\u00e9s aviat possible per confirmar [&hellip;]<\/p>\n","protected":false},"author":1,"featured_media":4971,"comment_status":"closed","ping_status":"closed","sticky":false,"template":"","format":"standard","meta":{"_bbp_topic_count":0,"_bbp_reply_count":0,"_bbp_total_topic_count":0,"_bbp_total_reply_count":0,"_bbp_voice_count":0,"_bbp_anonymous_reply_count":0,"_bbp_topic_count_hidden":0,"_bbp_reply_count_hidden":0,"_bbp_forum_subforum_count":0,"site-sidebar-layout":"default","site-content-layout":"","ast-site-content-layout":"","site-content-style":"default","site-sidebar-style":"default","ast-global-header-display":"","ast-banner-title-visibility":"","ast-main-header-display":"","ast-hfb-above-header-display":"","ast-hfb-below-header-display":"","ast-hfb-mobile-header-display":"","site-post-title":"","ast-breadcrumbs-content":"","ast-featured-img":"","footer-sml-layout":"","theme-transparent-header-meta":"","adv-header-id-meta":"","stick-header-meta":"","header-above-stick-meta":"","header-main-stick-meta":"","header-below-stick-meta":"","astra-migrate-meta-layouts":"default","ast-page-background-enabled":"default","ast-page-background-meta":{"desktop":{"background-color":"var(--ast-global-color-4)","background-image":"","background-repeat":"repeat","background-position":"center center","background-size":"auto","background-attachment":"scroll","background-type":"","background-media":"","overlay-type":"","overlay-color":"","overlay-opacity":"","overlay-gradient":""},"tablet":{"background-color":"","background-image":"","background-repeat":"repeat","background-position":"center center","background-size":"auto","background-attachment":"scroll","background-type":"","background-media":"","overlay-type":"","overlay-color":"","overlay-opacity":"","overlay-gradient":""},"mobile":{"background-color":"","background-image":"","background-repeat":"repeat","background-position":"center center","background-size":"auto","background-attachment":"scroll","background-type":"","background-media":"","overlay-type":"","overlay-color":"","overlay-opacity":"","overlay-gradient":""}},"ast-content-background-meta":{"desktop":{"background-color":"var(--ast-global-color-5)","background-image":"","background-repeat":"repeat","background-position":"center center","background-size":"auto","background-attachment":"scroll","background-type":"","background-media":"","overlay-type":"","overlay-color":"","overlay-opacity":"","overlay-gradient":""},"tablet":{"background-color":"var(--ast-global-color-5)","background-image":"","background-repeat":"repeat","background-position":"center center","background-size":"auto","background-attachment":"scroll","background-type":"","background-media":"","overlay-type":"","overlay-color":"","overlay-opacity":"","overlay-gradient":""},"mobile":{"background-color":"var(--ast-global-color-5)","background-image":"","background-repeat":"repeat","background-position":"center center","background-size":"auto","background-attachment":"scroll","background-type":"","background-media":"","overlay-type":"","overlay-color":"","overlay-opacity":"","overlay-gradient":""}},"footnotes":""},"categories":[1,4],"tags":[292,291,290,289],"class_list":["post-4973","post","type-post","status-publish","format-standard","has-post-thumbnail","hentry","category-general","category-portada","tag-llistat-admesos-20-21","tag-llistat-admesos-2020-21","tag-matriculacio-20-21","tag-matriculacio-2020-21"],"post_mailing_queue_ids":[],"_links":{"self":[{"href":"https:\/\/agora.xtec.cat\/ceip-peredetera\/wp-json\/wp\/v2\/posts\/4973","targetHints":{"allow":["GET"]}}],"collection":[{"href":"https:\/\/agora.xtec.cat\/ceip-peredetera\/wp-json\/wp\/v2\/posts"}],"about":[{"href":"https:\/\/agora.xtec.cat\/ceip-peredetera\/wp-json\/wp\/v2\/types\/post"}],"author":[{"embeddable":true,"href":"https:\/\/agora.xtec.cat\/ceip-peredetera\/wp-json\/wp\/v2\/users\/1"}],"replies":[{"embeddable":true,"href":"https:\/\/agora.xtec.cat\/ceip-peredetera\/wp-json\/wp\/v2\/comments?post=4973"}],"version-history":[{"count":4,"href":"https:\/\/agora.xtec.cat\/ceip-peredetera\/wp-json\/wp\/v2\/posts\/4973\/revisions"}],"predecessor-version":[{"id":4996,"href":"https:\/\/agora.xtec.cat\/ceip-peredetera\/wp-json\/wp\/v2\/posts\/4973\/revisions\/4996"}],"wp:featuredmedia":[{"embeddable":true,"href":"https:\/\/agora.xtec.cat\/ceip-peredetera\/wp-json\/wp\/v2\/media\/4971"}],"wp:attachment":[{"href":"https:\/\/agora.xtec.cat\/ceip-peredetera\/wp-json\/wp\/v2\/media?parent=4973"}],"wp:term":[{"taxonomy":"category","embeddable":true,"href":"https:\/\/agora.xtec.cat\/ceip-peredetera\/wp-json\/wp\/v2\/categories?post=4973"},{"taxonomy":"post_tag","embeddable":true,"href":"https:\/\/agora.xtec.cat\/ceip-peredetera\/wp-json\/wp\/v2\/tags?post=4973"}],"curies":[{"name":"wp","href":"https:\/\/api.w.org\/{rel}","templated":true}]}}