{"id":4954,"date":"2020-06-24T18:25:37","date_gmt":"2020-06-24T16:25:37","guid":{"rendered":"http:\/\/agora.xtec.cat\/ceip-peredetera\/?p=4954"},"modified":"2020-06-25T18:49:04","modified_gmt":"2020-06-25T16:49:04","slug":"fins-el-curs-vinent","status":"publish","type":"post","link":"https:\/\/agora.xtec.cat\/ceip-peredetera\/general\/fins-el-curs-vinent\/","title":{"rendered":"FINS EL CURS VINENT"},"content":{"rendered":"<figure id=\"attachment_4955\" aria-describedby=\"caption-attachment-4955\" style=\"width: 269px\" class=\"wp-caption alignleft\"><a href=\"https:\/\/youtu.be\/yKqu_bFJNsg\"><img loading=\"lazy\" decoding=\"async\" class=\"wp-image-4955\" src=\"https:\/\/agora.xtec.cat\/ceip-peredetera\/wp-content\/uploads\/usu1268\/2020\/06\/COLLAGE-COMIAT-MESTRES.jpg\" alt=\"\" width=\"269\" height=\"152\" srcset=\"https:\/\/agora.xtec.cat\/ceip-peredetera\/wp-content\/uploads\/usu1268\/2020\/06\/COLLAGE-COMIAT-MESTRES.jpg 2713w, https:\/\/agora.xtec.cat\/ceip-peredetera\/wp-content\/uploads\/usu1268\/2020\/06\/COLLAGE-COMIAT-MESTRES-300x169.jpg 300w, https:\/\/agora.xtec.cat\/ceip-peredetera\/wp-content\/uploads\/usu1268\/2020\/06\/COLLAGE-COMIAT-MESTRES-768x433.jpg 768w, https:\/\/agora.xtec.cat\/ceip-peredetera\/wp-content\/uploads\/usu1268\/2020\/06\/COLLAGE-COMIAT-MESTRES-1024x577.jpg 1024w\" sizes=\"auto, (max-width: 269px) 100vw, 269px\" \/><\/a><figcaption id=\"caption-attachment-4955\" class=\"wp-caption-text\"><span style=\"color: #ff0000;\">CLICA PER VEURE V\u00cdDEO<\/span><\/figcaption><\/figure>\n<p>Tots els mestres i les mestres del Pere De Tera,<\/p>\n<p>Us volem agra\u00efr a l&#8217;alumnat i a les fam\u00edlies tot el treball, esfor\u00e7 i acompanyament durant aquest curs tan complex i diferent. Entre tots hem\u00a0 aconseguit fer m\u00e9s sostenible i menys feixuc aquest curs inversemblant.<\/p>\n<p>Per aix\u00f2 us volem donar les gr\u00e0cies i desitjar-vos un bon estiu!<\/p>\n<p>A TOTS VOSALTRES GR\u00c0CIES!<\/p>\n<p>US ESPEREM EL CURS VINENT!<\/p>\n","protected":false},"excerpt":{"rendered":"<p>Tots els mestres i les mestres del Pere De Tera, Us volem agra\u00efr a l&#8217;alumnat i a les fam\u00edlies tot el treball, esfor\u00e7 i acompanyament durant aquest curs tan complex i diferent. Entre tots hem\u00a0 aconseguit fer m\u00e9s sostenible i menys feixuc aquest curs inversemblant. Per aix\u00f2 us volem donar les gr\u00e0cies i desitjar-vos un [&hellip;]<\/p>\n","protected":false},"author":1,"featured_media":4955,"comment_status":"closed","ping_status":"closed","sticky":false,"template":"","format":"standard","meta":{"_bbp_topic_count":0,"_bbp_reply_count":0,"_bbp_total_topic_count":0,"_bbp_total_reply_count":0,"_bbp_voice_count":0,"_bbp_anonymous_reply_count":0,"_bbp_topic_count_hidden":0,"_bbp_reply_count_hidden":0,"_bbp_forum_subforum_count":0,"site-sidebar-layout":"default","site-content-layout":"","ast-site-content-layout":"","site-content-style":"default","site-sidebar-style":"default","ast-global-header-display":"","ast-banner-title-visibility":"","ast-main-header-display":"","ast-hfb-above-header-display":"","ast-hfb-below-header-display":"","ast-hfb-mobile-header-display":"","site-post-title":"","ast-breadcrumbs-content":"","ast-featured-img":"","footer-sml-layout":"","theme-transparent-header-meta":"","adv-header-id-meta":"","stick-header-meta":"","header-above-stick-meta":"","header-main-stick-meta":"","header-below-stick-meta":"","astra-migrate-meta-layouts":"default","ast-page-background-enabled":"default","ast-page-background-meta":{"desktop":{"background-color":"var(--ast-global-color-4)","background-image":"","background-repeat":"repeat","background-position":"center center","background-size":"auto","background-attachment":"scroll","background-type":"","background-media":"","overlay-type":"","overlay-color":"","overlay-opacity":"","overlay-gradient":""},"tablet":{"background-color":"","background-image":"","background-repeat":"repeat","background-position":"center center","background-size":"auto","background-attachment":"scroll","background-type":"","background-media":"","overlay-type":"","overlay-color":"","overlay-opacity":"","overlay-gradient":""},"mobile":{"background-color":"","background-image":"","background-repeat":"repeat","background-position":"center center","background-size":"auto","background-attachment":"scroll","background-type":"","background-media":"","overlay-type":"","overlay-color":"","overlay-opacity":"","overlay-gradient":""}},"ast-content-background-meta":{"desktop":{"background-color":"var(--ast-global-color-5)","background-image":"","background-repeat":"repeat","background-position":"center center","background-size":"auto","background-attachment":"scroll","background-type":"","background-media":"","overlay-type":"","overlay-color":"","overlay-opacity":"","overlay-gradient":""},"tablet":{"background-color":"var(--ast-global-color-5)","background-image":"","background-repeat":"repeat","background-position":"center center","background-size":"auto","background-attachment":"scroll","background-type":"","background-media":"","overlay-type":"","overlay-color":"","overlay-opacity":"","overlay-gradient":""},"mobile":{"background-color":"var(--ast-global-color-5)","background-image":"","background-repeat":"repeat","background-position":"center center","background-size":"auto","background-attachment":"scroll","background-type":"","background-media":"","overlay-type":"","overlay-color":"","overlay-opacity":"","overlay-gradient":""}},"footnotes":""},"categories":[72,1,4],"tags":[287,194,286,245,288],"class_list":["post-4954","post","type-post","status-publish","format-standard","has-post-thumbnail","hentry","category-festes","category-general","category-portada","tag-comiat","tag-curs-19-20","tag-mestres","tag-missatge-mestres","tag-video-comiat"],"post_mailing_queue_ids":[],"_links":{"self":[{"href":"https:\/\/agora.xtec.cat\/ceip-peredetera\/wp-json\/wp\/v2\/posts\/4954","targetHints":{"allow":["GET"]}}],"collection":[{"href":"https:\/\/agora.xtec.cat\/ceip-peredetera\/wp-json\/wp\/v2\/posts"}],"about":[{"href":"https:\/\/agora.xtec.cat\/ceip-peredetera\/wp-json\/wp\/v2\/types\/post"}],"author":[{"embeddable":true,"href":"https:\/\/agora.xtec.cat\/ceip-peredetera\/wp-json\/wp\/v2\/users\/1"}],"replies":[{"embeddable":true,"href":"https:\/\/agora.xtec.cat\/ceip-peredetera\/wp-json\/wp\/v2\/comments?post=4954"}],"version-history":[{"count":3,"href":"https:\/\/agora.xtec.cat\/ceip-peredetera\/wp-json\/wp\/v2\/posts\/4954\/revisions"}],"predecessor-version":[{"id":4970,"href":"https:\/\/agora.xtec.cat\/ceip-peredetera\/wp-json\/wp\/v2\/posts\/4954\/revisions\/4970"}],"wp:featuredmedia":[{"embeddable":true,"href":"https:\/\/agora.xtec.cat\/ceip-peredetera\/wp-json\/wp\/v2\/media\/4955"}],"wp:attachment":[{"href":"https:\/\/agora.xtec.cat\/ceip-peredetera\/wp-json\/wp\/v2\/media?parent=4954"}],"wp:term":[{"taxonomy":"category","embeddable":true,"href":"https:\/\/agora.xtec.cat\/ceip-peredetera\/wp-json\/wp\/v2\/categories?post=4954"},{"taxonomy":"post_tag","embeddable":true,"href":"https:\/\/agora.xtec.cat\/ceip-peredetera\/wp-json\/wp\/v2\/tags?post=4954"}],"curies":[{"name":"wp","href":"https:\/\/api.w.org\/{rel}","templated":true}]}}