{"id":4926,"date":"2020-06-21T09:55:02","date_gmt":"2020-06-21T07:55:02","guid":{"rendered":"http:\/\/agora.xtec.cat\/ceip-peredetera\/?p=4926"},"modified":"2020-06-15T21:09:09","modified_gmt":"2020-06-15T19:09:09","slug":"conte-davui-84","status":"publish","type":"post","link":"https:\/\/agora.xtec.cat\/ceip-peredetera\/general\/conte-davui-84\/","title":{"rendered":"CONTE D&#8217;AVUI 84"},"content":{"rendered":"<p>I avui ja acabem (Oooooh!). Moltes gr\u00e0cies a totes i tots els que heu participat: mestres, amics i familiars de mestres, fam\u00edlies de l&#8217;escola i altres persones que no coneixem per\u00f2 que tamb\u00e9 han explicat contes per la xarxa. Molt\u00edssimes gr\u00e0cies perqu\u00e8 hem pogut omplir una petita estona cada dia amb hist\u00f2ries per tots els nens i nenes. Esperem que us hagin agradat i aqu\u00ed les teniu, a la vostra disposici\u00f3, per escoltar-les sempre que vulgueu.<\/p>\n<p>Arriba ja l&#8217;estiu i les vacances per\u00f2 no us oblideu de llegir o d&#8217;escoltar contes! Al youtube en teniu&#8230;..un munt i a la biblioteca tamb\u00e9 us deixen els que vulgueu. DIVENDRES TAMB\u00c9 VAM PENJAR EN AQUESTA WEB UN RECULL DE RECOMANACIONS! Una molt bona forma de passar estonetes en fam\u00edlia o sols, divertides i entretingudes.<\/p>\n<p>QUE PASSEU MOLT BON ESTIU I QUE TINGUEU MOLT BONES LECTURES!<\/p>\n<p>Us deixem amb el conte <strong>&#8220;Qu\u00e9 libro m\u00e1s tonto&#8221;<\/strong>, explicat per Juan Gamba.<a href=\"https:\/\/agora.xtec.cat\/ceip-peredetera\/wp-content\/uploads\/usu1268\/2020\/06\/LIBRO-TONTO2.jpg\"><img loading=\"lazy\" decoding=\"async\" class=\"alignleft size-full wp-image-4927\" src=\"https:\/\/agora.xtec.cat\/ceip-peredetera\/wp-content\/uploads\/usu1268\/2020\/06\/LIBRO-TONTO2.jpg\" alt=\"\" width=\"350\" height=\"144\" srcset=\"https:\/\/agora.xtec.cat\/ceip-peredetera\/wp-content\/uploads\/usu1268\/2020\/06\/LIBRO-TONTO2.jpg 350w, https:\/\/agora.xtec.cat\/ceip-peredetera\/wp-content\/uploads\/usu1268\/2020\/06\/LIBRO-TONTO2-300x123.jpg 300w\" sizes=\"auto, (max-width: 350px) 100vw, 350px\" \/><\/a><\/p>\n<p><a href=\"https:\/\/drive.google.com\/file\/d\/1Z2WjMhdhVOkQbkEelkXtZqE-atR78CoO\/view?usp=sharing\">CLICA\u00a0 AQU\u00cd PER ESCOLTAR-LO<\/a><\/p>\n","protected":false},"excerpt":{"rendered":"<p>I avui ja acabem (Oooooh!). Moltes gr\u00e0cies a totes i tots els que heu participat: mestres, amics i familiars de mestres, fam\u00edlies de l&#8217;escola i altres persones que no coneixem per\u00f2 que tamb\u00e9 han explicat contes per la xarxa. Molt\u00edssimes gr\u00e0cies perqu\u00e8 hem pogut omplir una petita estona cada dia amb hist\u00f2ries per tots els [&hellip;]<\/p>\n","protected":false},"author":4,"featured_media":4928,"comment_status":"closed","ping_status":"closed","sticky":false,"template":"","format":"standard","meta":{"_bbp_topic_count":0,"_bbp_reply_count":0,"_bbp_total_topic_count":0,"_bbp_total_reply_count":0,"_bbp_voice_count":0,"_bbp_anonymous_reply_count":0,"_bbp_topic_count_hidden":0,"_bbp_reply_count_hidden":0,"_bbp_forum_subforum_count":0,"site-sidebar-layout":"default","site-content-layout":"","ast-site-content-layout":"","site-content-style":"default","site-sidebar-style":"default","ast-global-header-display":"","ast-banner-title-visibility":"","ast-main-header-display":"","ast-hfb-above-header-display":"","ast-hfb-below-header-display":"","ast-hfb-mobile-header-display":"","site-post-title":"","ast-breadcrumbs-content":"","ast-featured-img":"","footer-sml-layout":"","theme-transparent-header-meta":"","adv-header-id-meta":"","stick-header-meta":"","header-above-stick-meta":"","header-main-stick-meta":"","header-below-stick-meta":"","astra-migrate-meta-layouts":"default","ast-page-background-enabled":"default","ast-page-background-meta":{"desktop":{"background-color":"var(--ast-global-color-4)","background-image":"","background-repeat":"repeat","background-position":"center center","background-size":"auto","background-attachment":"scroll","background-type":"","background-media":"","overlay-type":"","overlay-color":"","overlay-opacity":"","overlay-gradient":""},"tablet":{"background-color":"","background-image":"","background-repeat":"repeat","background-position":"center center","background-size":"auto","background-attachment":"scroll","background-type":"","background-media":"","overlay-type":"","overlay-color":"","overlay-opacity":"","overlay-gradient":""},"mobile":{"background-color":"","background-image":"","background-repeat":"repeat","background-position":"center center","background-size":"auto","background-attachment":"scroll","background-type":"","background-media":"","overlay-type":"","overlay-color":"","overlay-opacity":"","overlay-gradient":""}},"ast-content-background-meta":{"desktop":{"background-color":"var(--ast-global-color-5)","background-image":"","background-repeat":"repeat","background-position":"center center","background-size":"auto","background-attachment":"scroll","background-type":"","background-media":"","overlay-type":"","overlay-color":"","overlay-opacity":"","overlay-gradient":""},"tablet":{"background-color":"var(--ast-global-color-5)","background-image":"","background-repeat":"repeat","background-position":"center center","background-size":"auto","background-attachment":"scroll","background-type":"","background-media":"","overlay-type":"","overlay-color":"","overlay-opacity":"","overlay-gradient":""},"mobile":{"background-color":"var(--ast-global-color-5)","background-image":"","background-repeat":"repeat","background-position":"center center","background-size":"auto","background-attachment":"scroll","background-type":"","background-media":"","overlay-type":"","overlay-color":"","overlay-opacity":"","overlay-gradient":""}},"footnotes":""},"categories":[74,2,1,4,5],"tags":[228,227,194],"class_list":["post-4926","post","type-post","status-publish","format-standard","has-post-thumbnail","hentry","category-biblioteca","category-infantil","category-general","category-portada","category-primaria","tag-audiocontes","tag-covid-19","tag-curs-19-20"],"post_mailing_queue_ids":[],"_links":{"self":[{"href":"https:\/\/agora.xtec.cat\/ceip-peredetera\/wp-json\/wp\/v2\/posts\/4926","targetHints":{"allow":["GET"]}}],"collection":[{"href":"https:\/\/agora.xtec.cat\/ceip-peredetera\/wp-json\/wp\/v2\/posts"}],"about":[{"href":"https:\/\/agora.xtec.cat\/ceip-peredetera\/wp-json\/wp\/v2\/types\/post"}],"author":[{"embeddable":true,"href":"https:\/\/agora.xtec.cat\/ceip-peredetera\/wp-json\/wp\/v2\/users\/4"}],"replies":[{"embeddable":true,"href":"https:\/\/agora.xtec.cat\/ceip-peredetera\/wp-json\/wp\/v2\/comments?post=4926"}],"version-history":[{"count":1,"href":"https:\/\/agora.xtec.cat\/ceip-peredetera\/wp-json\/wp\/v2\/posts\/4926\/revisions"}],"predecessor-version":[{"id":4929,"href":"https:\/\/agora.xtec.cat\/ceip-peredetera\/wp-json\/wp\/v2\/posts\/4926\/revisions\/4929"}],"wp:featuredmedia":[{"embeddable":true,"href":"https:\/\/agora.xtec.cat\/ceip-peredetera\/wp-json\/wp\/v2\/media\/4928"}],"wp:attachment":[{"href":"https:\/\/agora.xtec.cat\/ceip-peredetera\/wp-json\/wp\/v2\/media?parent=4926"}],"wp:term":[{"taxonomy":"category","embeddable":true,"href":"https:\/\/agora.xtec.cat\/ceip-peredetera\/wp-json\/wp\/v2\/categories?post=4926"},{"taxonomy":"post_tag","embeddable":true,"href":"https:\/\/agora.xtec.cat\/ceip-peredetera\/wp-json\/wp\/v2\/tags?post=4926"}],"curies":[{"name":"wp","href":"https:\/\/api.w.org\/{rel}","templated":true}]}}