{"id":4820,"date":"2020-06-09T21:06:19","date_gmt":"2020-06-09T19:06:19","guid":{"rendered":"http:\/\/agora.xtec.cat\/ceip-peredetera\/?p=4820"},"modified":"2020-06-15T10:47:08","modified_gmt":"2020-06-15T08:47:08","slug":"beca-menjador","status":"publish","type":"post","link":"https:\/\/agora.xtec.cat\/ceip-peredetera\/portada\/beca-menjador\/","title":{"rendered":"BECA MENJADOR"},"content":{"rendered":"<p><a href=\"https:\/\/agora.xtec.cat\/ceip-peredetera\/wp-content\/uploads\/usu1268\/2020\/06\/BECA-MENJADOR-2020-21.jpg\"><img loading=\"lazy\" decoding=\"async\" class=\"wp-image-4818 alignleft\" src=\"https:\/\/agora.xtec.cat\/ceip-peredetera\/wp-content\/uploads\/usu1268\/2020\/06\/BECA-MENJADOR-2020-21.jpg\" alt=\"\" width=\"330\" height=\"330\" srcset=\"https:\/\/agora.xtec.cat\/ceip-peredetera\/wp-content\/uploads\/usu1268\/2020\/06\/BECA-MENJADOR-2020-21.jpg 750w, https:\/\/agora.xtec.cat\/ceip-peredetera\/wp-content\/uploads\/usu1268\/2020\/06\/BECA-MENJADOR-2020-21-150x150.jpg 150w, https:\/\/agora.xtec.cat\/ceip-peredetera\/wp-content\/uploads\/usu1268\/2020\/06\/BECA-MENJADOR-2020-21-300x300.jpg 300w\" sizes=\"auto, (max-width: 330px) 100vw, 330px\" \/><\/a>Benvolgudes fam\u00edlies,<\/p>\n<p>Ja s&#8217;ha iniciat el per\u00edode de sol\u00b7licitud de beques fins al dia 15 de Juliol.<\/p>\n<p>Qualsevol dubte ho heu de fer via telef\u00f2nica els dies que estar\u00e0 oberta l&#8217;escola (teniu el calendari a la Carta) o per correu electr\u00f2nic a:<\/p>\n<h2><span style=\"color: #0000ff;\">menjadorpdt@gmail.com<\/span><\/h2>\n<p>Us adjuntem la informaci\u00f3 necess\u00e0ria en el seg\u00fcent enlla\u00e7.<\/p>\n<p><a href=\"https:\/\/drive.google.com\/file\/d\/1dEDj85AEVUMdsUOf6WmhMfKyHXs8yrtz\/view?usp=sharing\">Carta Informativa beques<\/a><\/p>\n<p><a href=\"https:\/\/drive.google.com\/file\/d\/16oGU0a9QcErLxSZ-zruBwbqGRy48IdOG\/view?usp=sharing\">Formulari sol\u00b7licitud per primera sol\u00b7licitud.<\/a><\/p>\n<p>&nbsp;<\/p>\n<p><strong><span style=\"text-decoration: underline;\">Aclariment germans a P3:<\/span><\/strong><\/p>\n<p>Les fam\u00edlies dels alumnes que ja han presentat beca amb anterioritat, i que aquest curs tindran germans\/es al centre a P3, hauran de presentar la sol\u00b7licitud dels fills\/es grans com sempre (signant els papers) i pel nou alumne\/a hauran de presentar una c\u00f2pia de la sol\u00b7licitud del germ\u00e0\/germana gran tatxant el nom del germ\u00e0\/germana gran i posant a m\u00e0 el del germ\u00e0\/germana de P3.<\/p>\n<p>Per tant haureu d&#8217;enviar:<\/p>\n<ol>\n<li>Sol\u00b7licitud del germ\u00e0\/germana gran (signat etc).<\/li>\n<li>Sol\u00b7licitud del germ\u00e0\/german canviant el nom a boligraf pel del germ\u00e0 de p3 (signat etc).<\/li>\n<\/ol>\n<p>&nbsp;<\/p>\n<p>&nbsp;<\/p>\n","protected":false},"excerpt":{"rendered":"<p>Benvolgudes fam\u00edlies, Ja s&#8217;ha iniciat el per\u00edode de sol\u00b7licitud de beques fins al dia 15 de Juliol. Qualsevol dubte ho heu de fer via telef\u00f2nica els dies que estar\u00e0 oberta l&#8217;escola (teniu el calendari a la Carta) o per correu electr\u00f2nic a: menjadorpdt@gmail.com Us adjuntem la informaci\u00f3 necess\u00e0ria en el seg\u00fcent enlla\u00e7. Carta Informativa beques [&hellip;]<\/p>\n","protected":false},"author":1,"featured_media":4818,"comment_status":"closed","ping_status":"closed","sticky":false,"template":"","format":"standard","meta":{"_bbp_topic_count":0,"_bbp_reply_count":0,"_bbp_total_topic_count":0,"_bbp_total_reply_count":0,"_bbp_voice_count":0,"_bbp_anonymous_reply_count":0,"_bbp_topic_count_hidden":0,"_bbp_reply_count_hidden":0,"_bbp_forum_subforum_count":0,"site-sidebar-layout":"default","site-content-layout":"","ast-site-content-layout":"","site-content-style":"default","site-sidebar-style":"default","ast-global-header-display":"","ast-banner-title-visibility":"","ast-main-header-display":"","ast-hfb-above-header-display":"","ast-hfb-below-header-display":"","ast-hfb-mobile-header-display":"","site-post-title":"","ast-breadcrumbs-content":"","ast-featured-img":"","footer-sml-layout":"","theme-transparent-header-meta":"","adv-header-id-meta":"","stick-header-meta":"","header-above-stick-meta":"","header-main-stick-meta":"","header-below-stick-meta":"","astra-migrate-meta-layouts":"default","ast-page-background-enabled":"default","ast-page-background-meta":{"desktop":{"background-color":"var(--ast-global-color-4)","background-image":"","background-repeat":"repeat","background-position":"center center","background-size":"auto","background-attachment":"scroll","background-type":"","background-media":"","overlay-type":"","overlay-color":"","overlay-opacity":"","overlay-gradient":""},"tablet":{"background-color":"","background-image":"","background-repeat":"repeat","background-position":"center center","background-size":"auto","background-attachment":"scroll","background-type":"","background-media":"","overlay-type":"","overlay-color":"","overlay-opacity":"","overlay-gradient":""},"mobile":{"background-color":"","background-image":"","background-repeat":"repeat","background-position":"center center","background-size":"auto","background-attachment":"scroll","background-type":"","background-media":"","overlay-type":"","overlay-color":"","overlay-opacity":"","overlay-gradient":""}},"ast-content-background-meta":{"desktop":{"background-color":"var(--ast-global-color-5)","background-image":"","background-repeat":"repeat","background-position":"center center","background-size":"auto","background-attachment":"scroll","background-type":"","background-media":"","overlay-type":"","overlay-color":"","overlay-opacity":"","overlay-gradient":""},"tablet":{"background-color":"var(--ast-global-color-5)","background-image":"","background-repeat":"repeat","background-position":"center center","background-size":"auto","background-attachment":"scroll","background-type":"","background-media":"","overlay-type":"","overlay-color":"","overlay-opacity":"","overlay-gradient":""},"mobile":{"background-color":"var(--ast-global-color-5)","background-image":"","background-repeat":"repeat","background-position":"center center","background-size":"auto","background-attachment":"scroll","background-type":"","background-media":"","overlay-type":"","overlay-color":"","overlay-opacity":"","overlay-gradient":""}},"footnotes":""},"categories":[4],"tags":[282,280,194,281],"class_list":["post-4820","post","type-post","status-publish","format-standard","has-post-thumbnail","hentry","category-portada","tag-beques","tag-beques-de-menjador","tag-curs-19-20","tag-menjador"],"post_mailing_queue_ids":[],"_links":{"self":[{"href":"https:\/\/agora.xtec.cat\/ceip-peredetera\/wp-json\/wp\/v2\/posts\/4820","targetHints":{"allow":["GET"]}}],"collection":[{"href":"https:\/\/agora.xtec.cat\/ceip-peredetera\/wp-json\/wp\/v2\/posts"}],"about":[{"href":"https:\/\/agora.xtec.cat\/ceip-peredetera\/wp-json\/wp\/v2\/types\/post"}],"author":[{"embeddable":true,"href":"https:\/\/agora.xtec.cat\/ceip-peredetera\/wp-json\/wp\/v2\/users\/1"}],"replies":[{"embeddable":true,"href":"https:\/\/agora.xtec.cat\/ceip-peredetera\/wp-json\/wp\/v2\/comments?post=4820"}],"version-history":[{"count":4,"href":"https:\/\/agora.xtec.cat\/ceip-peredetera\/wp-json\/wp\/v2\/posts\/4820\/revisions"}],"predecessor-version":[{"id":4882,"href":"https:\/\/agora.xtec.cat\/ceip-peredetera\/wp-json\/wp\/v2\/posts\/4820\/revisions\/4882"}],"wp:featuredmedia":[{"embeddable":true,"href":"https:\/\/agora.xtec.cat\/ceip-peredetera\/wp-json\/wp\/v2\/media\/4818"}],"wp:attachment":[{"href":"https:\/\/agora.xtec.cat\/ceip-peredetera\/wp-json\/wp\/v2\/media?parent=4820"}],"wp:term":[{"taxonomy":"category","embeddable":true,"href":"https:\/\/agora.xtec.cat\/ceip-peredetera\/wp-json\/wp\/v2\/categories?post=4820"},{"taxonomy":"post_tag","embeddable":true,"href":"https:\/\/agora.xtec.cat\/ceip-peredetera\/wp-json\/wp\/v2\/tags?post=4820"}],"curies":[{"name":"wp","href":"https:\/\/api.w.org\/{rel}","templated":true}]}}