{"id":4805,"date":"2020-06-09T14:04:09","date_gmt":"2020-06-09T12:04:09","guid":{"rendered":"http:\/\/agora.xtec.cat\/ceip-peredetera\/?p=4805"},"modified":"2020-07-09T12:20:39","modified_gmt":"2020-07-09T10:20:39","slug":"baremacio-i-nombre-de-desempat","status":"publish","type":"post","link":"https:\/\/agora.xtec.cat\/ceip-peredetera\/general\/baremacio-i-nombre-de-desempat\/","title":{"rendered":"BAREMACI\u00d3 I NOMBRE DE DESEMPAT"},"content":{"rendered":"<p><a href=\"https:\/\/drive.google.com\/file\/d\/1eTeookK3p2uXPq8ruAuGbGI6r3RINAHr\/view?usp=sharing\"><img loading=\"lazy\" decoding=\"async\" class=\" wp-image-4806 alignleft\" src=\"https:\/\/agora.xtec.cat\/ceip-peredetera\/wp-content\/uploads\/usu1268\/2020\/06\/Libreta-Papel-Publicaci\u00f3n-de-Facebook-1-1024x858.jpg\" alt=\"\" width=\"215\" height=\"180\" srcset=\"https:\/\/agora.xtec.cat\/ceip-peredetera\/wp-content\/uploads\/usu1268\/2020\/06\/Libreta-Papel-Publicaci\u00f3n-de-Facebook-1-1024x858.jpg 1024w, https:\/\/agora.xtec.cat\/ceip-peredetera\/wp-content\/uploads\/usu1268\/2020\/06\/Libreta-Papel-Publicaci\u00f3n-de-Facebook-1-300x250.jpg 300w, https:\/\/agora.xtec.cat\/ceip-peredetera\/wp-content\/uploads\/usu1268\/2020\/06\/Libreta-Papel-Publicaci\u00f3n-de-Facebook-1-768x644.jpg 768w, https:\/\/agora.xtec.cat\/ceip-peredetera\/wp-content\/uploads\/usu1268\/2020\/06\/Libreta-Papel-Publicaci\u00f3n-de-Facebook-1.jpg 1410w\" sizes=\"auto, (max-width: 215px) 100vw, 215px\" \/><\/a>Benvolgudes fam\u00edlies,<\/p>\n<p>Aqu\u00ed teniu les llistes amb el barem individual de preinscripci\u00f3 pel curs 2020-21.<\/p>\n<p>Reviseu el vostre barem\u00a0 <span style=\"color: #0000ff;\"><a style=\"color: #0000ff;\" href=\"https:\/\/drive.google.com\/file\/d\/1eTeookK3p2uXPq8ruAuGbGI6r3RINAHr\/view?usp=sharing\">Cliqueu aqu\u00ed per veure el llistat<\/a><\/span><\/p>\n<p>Un aclariment, la casella que diu germans fa refer\u00e8ncia a germans que es preinscriuen a la vegada al centre, no ja inscrits a l&#8217;escola.<\/p>\n<p>Tamb\u00e9 us informem que el nombre de desempat \u00e9s el 33.386 .<\/p>\n<p><a href=\"https:\/\/agora.xtec.cat\/ceip-peredetera\/wp-content\/uploads\/usu1268\/2020\/06\/n\u00famero-de-desempat.jpg\"><img loading=\"lazy\" decoding=\"async\" class=\"wp-image-4807 alignnone\" src=\"https:\/\/agora.xtec.cat\/ceip-peredetera\/wp-content\/uploads\/usu1268\/2020\/06\/n\u00famero-de-desempat.jpg\" alt=\"\" width=\"211\" height=\"121\" \/><\/a><\/p>\n","protected":false},"excerpt":{"rendered":"<p>Benvolgudes fam\u00edlies, Aqu\u00ed teniu les llistes amb el barem individual de preinscripci\u00f3 pel curs 2020-21. Reviseu el vostre barem\u00a0 Cliqueu aqu\u00ed per veure el llistat Un aclariment, la casella que diu germans fa refer\u00e8ncia a germans que es preinscriuen a la vegada al centre, no ja inscrits a l&#8217;escola. Tamb\u00e9 us informem que el nombre [&hellip;]<\/p>\n","protected":false},"author":1,"featured_media":4806,"comment_status":"closed","ping_status":"closed","sticky":false,"template":"","format":"standard","meta":{"_bbp_topic_count":0,"_bbp_reply_count":0,"_bbp_total_topic_count":0,"_bbp_total_reply_count":0,"_bbp_voice_count":0,"_bbp_anonymous_reply_count":0,"_bbp_topic_count_hidden":0,"_bbp_reply_count_hidden":0,"_bbp_forum_subforum_count":0,"site-sidebar-layout":"default","site-content-layout":"","ast-site-content-layout":"","site-content-style":"default","site-sidebar-style":"default","ast-global-header-display":"","ast-banner-title-visibility":"","ast-main-header-display":"","ast-hfb-above-header-display":"","ast-hfb-below-header-display":"","ast-hfb-mobile-header-display":"","site-post-title":"","ast-breadcrumbs-content":"","ast-featured-img":"","footer-sml-layout":"","theme-transparent-header-meta":"","adv-header-id-meta":"","stick-header-meta":"","header-above-stick-meta":"","header-main-stick-meta":"","header-below-stick-meta":"","astra-migrate-meta-layouts":"default","ast-page-background-enabled":"default","ast-page-background-meta":{"desktop":{"background-color":"var(--ast-global-color-4)","background-image":"","background-repeat":"repeat","background-position":"center center","background-size":"auto","background-attachment":"scroll","background-type":"","background-media":"","overlay-type":"","overlay-color":"","overlay-opacity":"","overlay-gradient":""},"tablet":{"background-color":"","background-image":"","background-repeat":"repeat","background-position":"center center","background-size":"auto","background-attachment":"scroll","background-type":"","background-media":"","overlay-type":"","overlay-color":"","overlay-opacity":"","overlay-gradient":""},"mobile":{"background-color":"","background-image":"","background-repeat":"repeat","background-position":"center center","background-size":"auto","background-attachment":"scroll","background-type":"","background-media":"","overlay-type":"","overlay-color":"","overlay-opacity":"","overlay-gradient":""}},"ast-content-background-meta":{"desktop":{"background-color":"var(--ast-global-color-5)","background-image":"","background-repeat":"repeat","background-position":"center center","background-size":"auto","background-attachment":"scroll","background-type":"","background-media":"","overlay-type":"","overlay-color":"","overlay-opacity":"","overlay-gradient":""},"tablet":{"background-color":"var(--ast-global-color-5)","background-image":"","background-repeat":"repeat","background-position":"center center","background-size":"auto","background-attachment":"scroll","background-type":"","background-media":"","overlay-type":"","overlay-color":"","overlay-opacity":"","overlay-gradient":""},"mobile":{"background-color":"var(--ast-global-color-5)","background-image":"","background-repeat":"repeat","background-position":"center center","background-size":"auto","background-attachment":"scroll","background-type":"","background-media":"","overlay-type":"","overlay-color":"","overlay-opacity":"","overlay-gradient":""}},"footnotes":""},"categories":[1,4],"tags":[278,279,277,194,149],"class_list":["post-4805","post","type-post","status-publish","format-standard","has-post-thumbnail","hentry","category-general","category-portada","tag-barem","tag-barems-preinscripcio","tag-barems-preinscripcio-2019-20","tag-curs-19-20","tag-preinscripcio"],"post_mailing_queue_ids":[],"_links":{"self":[{"href":"https:\/\/agora.xtec.cat\/ceip-peredetera\/wp-json\/wp\/v2\/posts\/4805","targetHints":{"allow":["GET"]}}],"collection":[{"href":"https:\/\/agora.xtec.cat\/ceip-peredetera\/wp-json\/wp\/v2\/posts"}],"about":[{"href":"https:\/\/agora.xtec.cat\/ceip-peredetera\/wp-json\/wp\/v2\/types\/post"}],"author":[{"embeddable":true,"href":"https:\/\/agora.xtec.cat\/ceip-peredetera\/wp-json\/wp\/v2\/users\/1"}],"replies":[{"embeddable":true,"href":"https:\/\/agora.xtec.cat\/ceip-peredetera\/wp-json\/wp\/v2\/comments?post=4805"}],"version-history":[{"count":3,"href":"https:\/\/agora.xtec.cat\/ceip-peredetera\/wp-json\/wp\/v2\/posts\/4805\/revisions"}],"predecessor-version":[{"id":4985,"href":"https:\/\/agora.xtec.cat\/ceip-peredetera\/wp-json\/wp\/v2\/posts\/4805\/revisions\/4985"}],"wp:featuredmedia":[{"embeddable":true,"href":"https:\/\/agora.xtec.cat\/ceip-peredetera\/wp-json\/wp\/v2\/media\/4806"}],"wp:attachment":[{"href":"https:\/\/agora.xtec.cat\/ceip-peredetera\/wp-json\/wp\/v2\/media?parent=4805"}],"wp:term":[{"taxonomy":"category","embeddable":true,"href":"https:\/\/agora.xtec.cat\/ceip-peredetera\/wp-json\/wp\/v2\/categories?post=4805"},{"taxonomy":"post_tag","embeddable":true,"href":"https:\/\/agora.xtec.cat\/ceip-peredetera\/wp-json\/wp\/v2\/tags?post=4805"}],"curies":[{"name":"wp","href":"https:\/\/api.w.org\/{rel}","templated":true}]}}