{"id":4793,"date":"2020-06-08T20:00:38","date_gmt":"2020-06-08T18:00:38","guid":{"rendered":"http:\/\/agora.xtec.cat\/ceip-peredetera\/?p=4793"},"modified":"2020-06-08T20:00:38","modified_gmt":"2020-06-08T18:00:38","slug":"dia-mundial-dels-oceans","status":"publish","type":"post","link":"https:\/\/agora.xtec.cat\/ceip-peredetera\/general\/dia-mundial-dels-oceans\/","title":{"rendered":"DIA MUNDIAL DELS OCEANS"},"content":{"rendered":"<p>Avui, <strong>Dia Mundial dels Oceans<\/strong>, ten\u00edem previst fer el tancament del nostre Projecte d&#8217;aquest curs sobre el mar. Com que no ha pogut ser, ens sabia greu passar de llarg d&#8217;aquesta data. Us transmetem aquesta informaci\u00f3 sobre les <strong>balenes geperudes<\/strong> provinent de la ONG de Greenpeace.<\/p>\n<p>&#8220;Avui celebrem el <strong>Dia Mundial dels Oceans<\/strong> amb un petit miracle que est\u00e0 passant de forma silenciosa en les profunditats de l&#8217;oce\u00e0: les balenes geperudes estan recuperant-se.\u00a0Una not\u00edcia esperan\u00e7adora per al planeta i que, abans que ho preguntis, no, no t\u00e9 res a veure amb el coronavirus.<\/p>\n<p>La ca\u00e7a de balenes descontrolada va fer que aquesta poblaci\u00f3 de balenes geperudes, que habiten les aig\u00fces ant\u00e0rtiques durant l&#8217;estiu, es vei\u00e9s redu\u00efda a nom\u00e9s uns 450 exemplars. Gr\u00e0cies a la prohibici\u00f3 de la ca\u00e7a comercial de balenes a l&#8217;any 1986, podem dir que ara aquesta poblaci\u00f3 ha recuperat el 93% de la seva mida original. A l&#8217;eliminar aquesta amena\u00e7a, l&#8217;esp\u00e8cie ha pogut trobar espais segurs on sobreviure i prosperar.<\/p>\n<p>D\u00f3na molta tranquil\u00b7litat veure el que passa quan deixem que la natura segueixi el seu curs. Quan el nostre tour de vaixell de pol a pol va arribar a l&#8217;Ant\u00e0rtida, vam poder veure com aquestes balenes, probablement les m\u00e9s reconeixibles del m\u00f3n i les que realitzen la migraci\u00f3 m\u00e9s llarga coneguda en qualsevol mam\u00edfer, estaven alimentant-se i tractant d&#8217;engreixar.<\/p>\n<p>\u00c9s una gran not\u00edcia per a les balenes, per descomptat, per\u00f2 tamb\u00e9 per a la lluita contra el canvi clim\u00e0tic. De mitjana, una sola balena emmagatzema al llarg de la seva vida al voltant de 33 tones de CO2, el mateix que mil arbres a l&#8217;any. I es deu al fet que quan una balena mor, transporta a les profunditats de l&#8217;oce\u00e0 el carboni emmagatzemat en el seu gegant\u00ed cos, mantenint-lo tancat durant segles. Un informe de Fons Monetari Internacional estima que el servei ambiental de les balenes a l&#8217;economia mundial est\u00e0 valorat en un bili\u00f3 de d\u00f2lars.<\/p>\n<p>Per\u00f2 no tot s\u00f3n bones not\u00edcies per a les balenes: algunes esp\u00e8cies segueixen sota pressi\u00f3 per la ca\u00e7a comercial de pa\u00efsos com el Jap\u00f3. A m\u00e9s, s&#8217;enfronten a noves amenaces com el pl\u00e0stic o la crisi clim\u00e0tica.<\/p>\n<p>Avui sabem que els oceans i la vida marina que habita en ells poden recuperar-se. La ci\u00e8ncia \u00e9s clara: la soluci\u00f3 passa per crear una xarxa global de santuaris marins que cobreixi al menys el 30% dels mars i oceans. Estem a prop d&#8217;aconseguir-ho, per\u00f2 necessitem seguir pressionant als governs perqu\u00e8 no es dilueixin les negociacions&#8221;.<\/p>\n<p><em>\u00a0 \u00a0 \u00a0 \u00a0 \u00a0 \u00a0 \u00a0 \u00a0 \u00a0 \u00a0 \u00a0 \u00a0 \u00a0 \u00a0 \u00a0 \u00a0 \u00a0 \u00a0 \u00a0 \u00a0 \u00a0 \u00a0 \u00a0 \u00a0 \u00a0 \u00a0 \u00a0 \u00a0 \u00a0 \u00a0 \u00a0 \u00a0 \u00a0 \u00a0 \u00a0 \u00a0 \u00a0 \u00a0 \u00a0 \u00a0 \u00a0 \u00a0 \u00a0 \u00a0 \u00a0 <a href=\"https:\/\/agora.xtec.cat\/ceip-peredetera\/wp-content\/uploads\/usu1268\/2020\/06\/BALLENA-JOROBADA.jpg\"><img loading=\"lazy\" decoding=\"async\" class=\"alignleft size-medium wp-image-4794\" src=\"https:\/\/agora.xtec.cat\/ceip-peredetera\/wp-content\/uploads\/usu1268\/2020\/06\/BALLENA-JOROBADA-300x158.jpg\" alt=\"\" width=\"300\" height=\"158\" srcset=\"https:\/\/agora.xtec.cat\/ceip-peredetera\/wp-content\/uploads\/usu1268\/2020\/06\/BALLENA-JOROBADA-300x158.jpg 300w, https:\/\/agora.xtec.cat\/ceip-peredetera\/wp-content\/uploads\/usu1268\/2020\/06\/BALLENA-JOROBADA.jpg 310w\" sizes=\"auto, (max-width: 300px) 100vw, 300px\" \/><\/a> \u00a0 \u00a0 \u00a0 \u00a0 \u00a0 \u00a0 \u00a0 \u00a0 \u00a0 \u00a0 \u00a0 \u00a0 \u00a0 \u00a0 \u00a0 \u00a0 \u00a0 \u00a0 \u00a0 \u00a0 \u00a0 \u00a0 \u00a0 \u00a0 \u00a0 \u00a0 \u00a0 \u00a0 \u00a0 \u00a0 \u00a0 \u00a0 \u00a0 \u00a0 \u00a0 \u00a0 \u00a0 \u00a0 \u00a0 \u00a0 \u00a0 \u00a0 \u00a0 \u00a0 \u00a0 \u00a0 \u00a0 \u00a0 \u00a0 \u00a0 \u00a0 \u00a0 \u00a0 \u00a0 \u00a0 \u00a0 \u00a0 \u00a0 \u00a0 \u00a0 \u00a0 \u00a0 \u00a0 \u00a0 \u00a0 \u00a0 \u00a0 \u00a0 \u00a0 \u00a0 \u00a0 \u00a0 \u00a0 \u00a0 \u00a0 \u00a0 \u00a0 \u00a0 \u00a0 \u00a0 \u00a0 \u00a0 \u00a0 \u00a0 \u00a0 \u00a0 \u00a0 \u00a0 \u00a0 \u00a0 \u00a0 \u00a0 \u00a0 \u00a0 \u00a0 \u00a0 \u00a0 \u00a0 \u00a0 \u00a0 \u00a0 \u00a0 \u00a0 \u00a0 \u00a0 \u00a0 \u00a0 \u00a0 \u00a0 \u00a0 \u00a0 \u00a0 \u00a0 \u00a0 \u00a0 \u00a0 \u00a0 \u00a0 \u00a0 \u00a0 \u00a0 \u00a0 \u00a0 \u00a0 \u00a0 \u00a0 \u00a0 \u00a0 \u00a0 \u00a0 \u00a0 \u00a0 \u00a0 \u00a0 \u00a0 \u00a0 \u00a0 \u00a0 \u00a0 \u00a0 \u00a0 \u00a0 \u00a0 \u00a0 \u00a0 \u00a0 \u00a0 \u00a0 \u00a0 \u00a0 \u00a0 \u00a0 \u00a0 \u00a0 \u00a0 \u00a0 \u00a0 (Informaci\u00f3 extreta de Greenpeace)<\/em><\/p>\n<p><a href=\"https:\/\/youtu.be\/216xVmm0EUw\">CLICA AQU\u00cd I PODR\u00c0S ESCOLTAR EL CANT DE LES BALENES<\/a><\/p>\n","protected":false},"excerpt":{"rendered":"<p>Avui, Dia Mundial dels Oceans, ten\u00edem previst fer el tancament del nostre Projecte d&#8217;aquest curs sobre el mar. Com que no ha pogut ser, ens sabia greu passar de llarg d&#8217;aquesta data. Us transmetem aquesta informaci\u00f3 sobre les balenes geperudes provinent de la ONG de Greenpeace. &#8220;Avui celebrem el Dia Mundial dels Oceans amb un [&hellip;]<\/p>\n","protected":false},"author":4,"featured_media":4794,"comment_status":"closed","ping_status":"closed","sticky":false,"template":"","format":"standard","meta":{"_bbp_topic_count":0,"_bbp_reply_count":0,"_bbp_total_topic_count":0,"_bbp_total_reply_count":0,"_bbp_voice_count":0,"_bbp_anonymous_reply_count":0,"_bbp_topic_count_hidden":0,"_bbp_reply_count_hidden":0,"_bbp_forum_subforum_count":0,"site-sidebar-layout":"default","site-content-layout":"","ast-site-content-layout":"","site-content-style":"default","site-sidebar-style":"default","ast-global-header-display":"","ast-banner-title-visibility":"","ast-main-header-display":"","ast-hfb-above-header-display":"","ast-hfb-below-header-display":"","ast-hfb-mobile-header-display":"","site-post-title":"","ast-breadcrumbs-content":"","ast-featured-img":"","footer-sml-layout":"","theme-transparent-header-meta":"","adv-header-id-meta":"","stick-header-meta":"","header-above-stick-meta":"","header-main-stick-meta":"","header-below-stick-meta":"","astra-migrate-meta-layouts":"default","ast-page-background-enabled":"default","ast-page-background-meta":{"desktop":{"background-color":"var(--ast-global-color-4)","background-image":"","background-repeat":"repeat","background-position":"center center","background-size":"auto","background-attachment":"scroll","background-type":"","background-media":"","overlay-type":"","overlay-color":"","overlay-opacity":"","overlay-gradient":""},"tablet":{"background-color":"","background-image":"","background-repeat":"repeat","background-position":"center center","background-size":"auto","background-attachment":"scroll","background-type":"","background-media":"","overlay-type":"","overlay-color":"","overlay-opacity":"","overlay-gradient":""},"mobile":{"background-color":"","background-image":"","background-repeat":"repeat","background-position":"center center","background-size":"auto","background-attachment":"scroll","background-type":"","background-media":"","overlay-type":"","overlay-color":"","overlay-opacity":"","overlay-gradient":""}},"ast-content-background-meta":{"desktop":{"background-color":"var(--ast-global-color-5)","background-image":"","background-repeat":"repeat","background-position":"center center","background-size":"auto","background-attachment":"scroll","background-type":"","background-media":"","overlay-type":"","overlay-color":"","overlay-opacity":"","overlay-gradient":""},"tablet":{"background-color":"var(--ast-global-color-5)","background-image":"","background-repeat":"repeat","background-position":"center center","background-size":"auto","background-attachment":"scroll","background-type":"","background-media":"","overlay-type":"","overlay-color":"","overlay-opacity":"","overlay-gradient":""},"mobile":{"background-color":"var(--ast-global-color-5)","background-image":"","background-repeat":"repeat","background-position":"center center","background-size":"auto","background-attachment":"scroll","background-type":"","background-media":"","overlay-type":"","overlay-color":"","overlay-opacity":"","overlay-gradient":""}},"footnotes":""},"categories":[2,1,4,5],"tags":[],"class_list":["post-4793","post","type-post","status-publish","format-standard","has-post-thumbnail","hentry","category-infantil","category-general","category-portada","category-primaria"],"post_mailing_queue_ids":[],"_links":{"self":[{"href":"https:\/\/agora.xtec.cat\/ceip-peredetera\/wp-json\/wp\/v2\/posts\/4793","targetHints":{"allow":["GET"]}}],"collection":[{"href":"https:\/\/agora.xtec.cat\/ceip-peredetera\/wp-json\/wp\/v2\/posts"}],"about":[{"href":"https:\/\/agora.xtec.cat\/ceip-peredetera\/wp-json\/wp\/v2\/types\/post"}],"author":[{"embeddable":true,"href":"https:\/\/agora.xtec.cat\/ceip-peredetera\/wp-json\/wp\/v2\/users\/4"}],"replies":[{"embeddable":true,"href":"https:\/\/agora.xtec.cat\/ceip-peredetera\/wp-json\/wp\/v2\/comments?post=4793"}],"version-history":[{"count":2,"href":"https:\/\/agora.xtec.cat\/ceip-peredetera\/wp-json\/wp\/v2\/posts\/4793\/revisions"}],"predecessor-version":[{"id":4796,"href":"https:\/\/agora.xtec.cat\/ceip-peredetera\/wp-json\/wp\/v2\/posts\/4793\/revisions\/4796"}],"wp:featuredmedia":[{"embeddable":true,"href":"https:\/\/agora.xtec.cat\/ceip-peredetera\/wp-json\/wp\/v2\/media\/4794"}],"wp:attachment":[{"href":"https:\/\/agora.xtec.cat\/ceip-peredetera\/wp-json\/wp\/v2\/media?parent=4793"}],"wp:term":[{"taxonomy":"category","embeddable":true,"href":"https:\/\/agora.xtec.cat\/ceip-peredetera\/wp-json\/wp\/v2\/categories?post=4793"},{"taxonomy":"post_tag","embeddable":true,"href":"https:\/\/agora.xtec.cat\/ceip-peredetera\/wp-json\/wp\/v2\/tags?post=4793"}],"curies":[{"name":"wp","href":"https:\/\/api.w.org\/{rel}","templated":true}]}}