{"id":4772,"date":"2020-06-04T20:20:34","date_gmt":"2020-06-04T18:20:34","guid":{"rendered":"http:\/\/agora.xtec.cat\/ceip-peredetera\/?p=4772"},"modified":"2020-06-04T20:42:48","modified_gmt":"2020-06-04T18:42:48","slug":"dia-mundial-del-medi-ambient","status":"publish","type":"post","link":"https:\/\/agora.xtec.cat\/ceip-peredetera\/general\/dia-mundial-del-medi-ambient\/","title":{"rendered":"DIA MUNDIAL DEL MEDI AMBIENT"},"content":{"rendered":"<p>Dem\u00e0 dia 5 de Juny \u00e9s el Dia Mundial del Medi Ambient. Nosaltres, com a escola, hav\u00edem decidit participar en la campanya <strong>&#8220;Dona la nota, encara hi som a temps&#8221;<\/strong> cantant la can\u00e7\u00f3<strong> &#8220;No ens desdibuixeu&#8221;<\/strong> contra el canvi clim\u00e0tic. Les circumst\u00e0ncies no ens han deixat practicar la can\u00e7\u00f3 i participar en la cantada presencialment. Per\u00f2 us animem a sumar-vos virtualment a la cantada: <strong>DEM\u00c0 a les 11h EN AQUESTA WEB<\/strong>: <a href=\"https:\/\/projectes.xtec.cat\/encara-hi-som-a-temps\/\">https:\/\/projectes.xtec.cat\/encara-hi-som-a-temps\/<\/a><\/p>\n<p>Si voleu practicar la canc\u00f3: <a href=\"https:\/\/youtu.be\/z5csyfS5B_o\">CLIQUEU AQU\u00cd<\/a><\/p>\n<p>I si voleu la lletra, <a href=\"http:\/\/drive.google.com\/file\/d\/1TivGqF-t90CdkaTnoNRMXERkd5Jsh7tl\/view\">CLIQUEU AQU\u00cd<\/a><\/p>\n<p>Si voleu recordar pe<a style=\"color: #2795b6;\" href=\"https:\/\/youtu.be\/z5csyfS5B_o\"><img loading=\"lazy\" decoding=\"async\" class=\"wp-image-4773 alignleft\" src=\"https:\/\/agora.xtec.cat\/ceip-peredetera\/wp-content\/uploads\/usu1268\/2020\/06\/DONA-LA-NOTA.jpg\" alt=\"\" width=\"308\" height=\"231\" srcset=\"https:\/\/agora.xtec.cat\/ceip-peredetera\/wp-content\/uploads\/usu1268\/2020\/06\/DONA-LA-NOTA.jpg 259w, https:\/\/agora.xtec.cat\/ceip-peredetera\/wp-content\/uploads\/usu1268\/2020\/06\/DONA-LA-NOTA-200x150.jpg 200w\" sizes=\"auto, (max-width: 308px) 100vw, 308px\" \/><\/a>r qu\u00e8 \u00e9s necessari cuidar del medi ambient, mireu aquest altre <a href=\"https:\/\/youtu.be\/vZ4pyFUqEaI\">video.<\/a><\/p>\n<p>&nbsp;<\/p>\n<p>&nbsp;<\/p>\n<p><a href=\"https:\/\/youtu.be\/z5csyfS5B_o\">\u00a0<\/a><\/p>\n","protected":false},"excerpt":{"rendered":"<p>Dem\u00e0 dia 5 de Juny \u00e9s el Dia Mundial del Medi Ambient. Nosaltres, com a escola, hav\u00edem decidit participar en la campanya &#8220;Dona la nota, encara hi som a temps&#8221; cantant la can\u00e7\u00f3 &#8220;No ens desdibuixeu&#8221; contra el canvi clim\u00e0tic. Les circumst\u00e0ncies no ens han deixat practicar la can\u00e7\u00f3 i participar en la cantada presencialment. [&hellip;]<\/p>\n","protected":false},"author":4,"featured_media":4774,"comment_status":"closed","ping_status":"closed","sticky":false,"template":"","format":"standard","meta":{"_bbp_topic_count":0,"_bbp_reply_count":0,"_bbp_total_topic_count":0,"_bbp_total_reply_count":0,"_bbp_voice_count":0,"_bbp_anonymous_reply_count":0,"_bbp_topic_count_hidden":0,"_bbp_reply_count_hidden":0,"_bbp_forum_subforum_count":0,"site-sidebar-layout":"default","site-content-layout":"","ast-site-content-layout":"","site-content-style":"default","site-sidebar-style":"default","ast-global-header-display":"","ast-banner-title-visibility":"","ast-main-header-display":"","ast-hfb-above-header-display":"","ast-hfb-below-header-display":"","ast-hfb-mobile-header-display":"","site-post-title":"","ast-breadcrumbs-content":"","ast-featured-img":"","footer-sml-layout":"","theme-transparent-header-meta":"","adv-header-id-meta":"","stick-header-meta":"","header-above-stick-meta":"","header-main-stick-meta":"","header-below-stick-meta":"","astra-migrate-meta-layouts":"default","ast-page-background-enabled":"default","ast-page-background-meta":{"desktop":{"background-color":"var(--ast-global-color-4)","background-image":"","background-repeat":"repeat","background-position":"center center","background-size":"auto","background-attachment":"scroll","background-type":"","background-media":"","overlay-type":"","overlay-color":"","overlay-opacity":"","overlay-gradient":""},"tablet":{"background-color":"","background-image":"","background-repeat":"repeat","background-position":"center center","background-size":"auto","background-attachment":"scroll","background-type":"","background-media":"","overlay-type":"","overlay-color":"","overlay-opacity":"","overlay-gradient":""},"mobile":{"background-color":"","background-image":"","background-repeat":"repeat","background-position":"center center","background-size":"auto","background-attachment":"scroll","background-type":"","background-media":"","overlay-type":"","overlay-color":"","overlay-opacity":"","overlay-gradient":""}},"ast-content-background-meta":{"desktop":{"background-color":"var(--ast-global-color-5)","background-image":"","background-repeat":"repeat","background-position":"center center","background-size":"auto","background-attachment":"scroll","background-type":"","background-media":"","overlay-type":"","overlay-color":"","overlay-opacity":"","overlay-gradient":""},"tablet":{"background-color":"var(--ast-global-color-5)","background-image":"","background-repeat":"repeat","background-position":"center center","background-size":"auto","background-attachment":"scroll","background-type":"","background-media":"","overlay-type":"","overlay-color":"","overlay-opacity":"","overlay-gradient":""},"mobile":{"background-color":"var(--ast-global-color-5)","background-image":"","background-repeat":"repeat","background-position":"center center","background-size":"auto","background-attachment":"scroll","background-type":"","background-media":"","overlay-type":"","overlay-color":"","overlay-opacity":"","overlay-gradient":""}},"footnotes":""},"categories":[2,1,76,4,5],"tags":[],"class_list":["post-4772","post","type-post","status-publish","format-standard","has-post-thumbnail","hentry","category-infantil","category-general","category-musica","category-portada","category-primaria"],"post_mailing_queue_ids":[],"_links":{"self":[{"href":"https:\/\/agora.xtec.cat\/ceip-peredetera\/wp-json\/wp\/v2\/posts\/4772","targetHints":{"allow":["GET"]}}],"collection":[{"href":"https:\/\/agora.xtec.cat\/ceip-peredetera\/wp-json\/wp\/v2\/posts"}],"about":[{"href":"https:\/\/agora.xtec.cat\/ceip-peredetera\/wp-json\/wp\/v2\/types\/post"}],"author":[{"embeddable":true,"href":"https:\/\/agora.xtec.cat\/ceip-peredetera\/wp-json\/wp\/v2\/users\/4"}],"replies":[{"embeddable":true,"href":"https:\/\/agora.xtec.cat\/ceip-peredetera\/wp-json\/wp\/v2\/comments?post=4772"}],"version-history":[{"count":3,"href":"https:\/\/agora.xtec.cat\/ceip-peredetera\/wp-json\/wp\/v2\/posts\/4772\/revisions"}],"predecessor-version":[{"id":4779,"href":"https:\/\/agora.xtec.cat\/ceip-peredetera\/wp-json\/wp\/v2\/posts\/4772\/revisions\/4779"}],"wp:featuredmedia":[{"embeddable":true,"href":"https:\/\/agora.xtec.cat\/ceip-peredetera\/wp-json\/wp\/v2\/media\/4774"}],"wp:attachment":[{"href":"https:\/\/agora.xtec.cat\/ceip-peredetera\/wp-json\/wp\/v2\/media?parent=4772"}],"wp:term":[{"taxonomy":"category","embeddable":true,"href":"https:\/\/agora.xtec.cat\/ceip-peredetera\/wp-json\/wp\/v2\/categories?post=4772"},{"taxonomy":"post_tag","embeddable":true,"href":"https:\/\/agora.xtec.cat\/ceip-peredetera\/wp-json\/wp\/v2\/tags?post=4772"}],"curies":[{"name":"wp","href":"https:\/\/api.w.org\/{rel}","templated":true}]}}