{"id":4757,"date":"2020-06-02T19:56:05","date_gmt":"2020-06-02T17:56:05","guid":{"rendered":"http:\/\/agora.xtec.cat\/ceip-peredetera\/?p=4757"},"modified":"2020-06-15T10:48:59","modified_gmt":"2020-06-15T08:48:59","slug":"conte-davui-71","status":"publish","type":"post","link":"https:\/\/agora.xtec.cat\/ceip-peredetera\/general\/conte-davui-71\/","title":{"rendered":"CONTE D&#8217;AVUI 71"},"content":{"rendered":"<p><a href=\"https:\/\/agora.xtec.cat\/ceip-peredetera\/wp-content\/uploads\/usu1268\/2020\/06\/PETIT-SIOUX.jpg\"><img loading=\"lazy\" decoding=\"async\" class=\"alignleft size-full wp-image-4759\" src=\"https:\/\/agora.xtec.cat\/ceip-peredetera\/wp-content\/uploads\/usu1268\/2020\/06\/PETIT-SIOUX.jpg\" alt=\"\" width=\"224\" height=\"225\" srcset=\"https:\/\/agora.xtec.cat\/ceip-peredetera\/wp-content\/uploads\/usu1268\/2020\/06\/PETIT-SIOUX.jpg 224w, https:\/\/agora.xtec.cat\/ceip-peredetera\/wp-content\/uploads\/usu1268\/2020\/06\/PETIT-SIOUX-150x150.jpg 150w\" sizes=\"auto, (max-width: 224px) 100vw, 224px\" \/><\/a>A partir d&#8217;aquest mes de Juny anirem penjant els contes que ens envieu vosaltres. Animeu-vos a enregistrar un conte explicat &#8220;en fam\u00edlia&#8221; i gustosament el penjarem aqu\u00ed.<\/p>\n<p>Avui la <strong>Lydia Ruiz<\/strong> ens explica el conte <strong>&#8220;El petit sioux&#8221;<\/strong>. Ja veureu que en Toret Assegut va fer una trapelleria quan els seus pares van marxar. Escolta el conte amb atenci\u00f3 i sabr\u00e0s el que va passar.<\/p>\n<p>QUINA HA ESTAT LA TEVA TRAPELLERIA M\u00c9S GRAN QUE HAS FET? QU\u00c8 EN VAS APRENDRE DE L&#8217;EXPERI\u00c8NCIA?<\/p>\n<p><a href=\"https:\/\/drive.google.com\/file\/d\/1vR5M22iSXfNrSkx3ZTIdORmhwkTksYwl\/view?usp=sharing\">CLIQUEU AQU\u00cd\u00a0 PER ESCOLTAR EL CONTE<\/a><\/p>\n","protected":false},"excerpt":{"rendered":"<p>A partir d&#8217;aquest mes de Juny anirem penjant els contes que ens envieu vosaltres. Animeu-vos a enregistrar un conte explicat &#8220;en fam\u00edlia&#8221; i gustosament el penjarem aqu\u00ed. Avui la Lydia Ruiz ens explica el conte &#8220;El petit sioux&#8221;. Ja veureu que en Toret Assegut va fer una trapelleria quan els seus pares van marxar. Escolta [&hellip;]<\/p>\n","protected":false},"author":4,"featured_media":4759,"comment_status":"closed","ping_status":"closed","sticky":false,"template":"","format":"standard","meta":{"_bbp_topic_count":0,"_bbp_reply_count":0,"_bbp_total_topic_count":0,"_bbp_total_reply_count":0,"_bbp_voice_count":0,"_bbp_anonymous_reply_count":0,"_bbp_topic_count_hidden":0,"_bbp_reply_count_hidden":0,"_bbp_forum_subforum_count":0,"site-sidebar-layout":"default","site-content-layout":"","ast-site-content-layout":"","site-content-style":"default","site-sidebar-style":"default","ast-global-header-display":"","ast-banner-title-visibility":"","ast-main-header-display":"","ast-hfb-above-header-display":"","ast-hfb-below-header-display":"","ast-hfb-mobile-header-display":"","site-post-title":"","ast-breadcrumbs-content":"","ast-featured-img":"","footer-sml-layout":"","theme-transparent-header-meta":"","adv-header-id-meta":"","stick-header-meta":"","header-above-stick-meta":"","header-main-stick-meta":"","header-below-stick-meta":"","astra-migrate-meta-layouts":"default","ast-page-background-enabled":"default","ast-page-background-meta":{"desktop":{"background-color":"var(--ast-global-color-4)","background-image":"","background-repeat":"repeat","background-position":"center center","background-size":"auto","background-attachment":"scroll","background-type":"","background-media":"","overlay-type":"","overlay-color":"","overlay-opacity":"","overlay-gradient":""},"tablet":{"background-color":"","background-image":"","background-repeat":"repeat","background-position":"center center","background-size":"auto","background-attachment":"scroll","background-type":"","background-media":"","overlay-type":"","overlay-color":"","overlay-opacity":"","overlay-gradient":""},"mobile":{"background-color":"","background-image":"","background-repeat":"repeat","background-position":"center center","background-size":"auto","background-attachment":"scroll","background-type":"","background-media":"","overlay-type":"","overlay-color":"","overlay-opacity":"","overlay-gradient":""}},"ast-content-background-meta":{"desktop":{"background-color":"var(--ast-global-color-5)","background-image":"","background-repeat":"repeat","background-position":"center center","background-size":"auto","background-attachment":"scroll","background-type":"","background-media":"","overlay-type":"","overlay-color":"","overlay-opacity":"","overlay-gradient":""},"tablet":{"background-color":"var(--ast-global-color-5)","background-image":"","background-repeat":"repeat","background-position":"center center","background-size":"auto","background-attachment":"scroll","background-type":"","background-media":"","overlay-type":"","overlay-color":"","overlay-opacity":"","overlay-gradient":""},"mobile":{"background-color":"var(--ast-global-color-5)","background-image":"","background-repeat":"repeat","background-position":"center center","background-size":"auto","background-attachment":"scroll","background-type":"","background-media":"","overlay-type":"","overlay-color":"","overlay-opacity":"","overlay-gradient":""}},"footnotes":""},"categories":[74,2,1,4,5],"tags":[228,227,194],"class_list":["post-4757","post","type-post","status-publish","format-standard","has-post-thumbnail","hentry","category-biblioteca","category-infantil","category-general","category-portada","category-primaria","tag-audiocontes","tag-covid-19","tag-curs-19-20"],"post_mailing_queue_ids":[],"_links":{"self":[{"href":"https:\/\/agora.xtec.cat\/ceip-peredetera\/wp-json\/wp\/v2\/posts\/4757","targetHints":{"allow":["GET"]}}],"collection":[{"href":"https:\/\/agora.xtec.cat\/ceip-peredetera\/wp-json\/wp\/v2\/posts"}],"about":[{"href":"https:\/\/agora.xtec.cat\/ceip-peredetera\/wp-json\/wp\/v2\/types\/post"}],"author":[{"embeddable":true,"href":"https:\/\/agora.xtec.cat\/ceip-peredetera\/wp-json\/wp\/v2\/users\/4"}],"replies":[{"embeddable":true,"href":"https:\/\/agora.xtec.cat\/ceip-peredetera\/wp-json\/wp\/v2\/comments?post=4757"}],"version-history":[{"count":3,"href":"https:\/\/agora.xtec.cat\/ceip-peredetera\/wp-json\/wp\/v2\/posts\/4757\/revisions"}],"predecessor-version":[{"id":4761,"href":"https:\/\/agora.xtec.cat\/ceip-peredetera\/wp-json\/wp\/v2\/posts\/4757\/revisions\/4761"}],"wp:featuredmedia":[{"embeddable":true,"href":"https:\/\/agora.xtec.cat\/ceip-peredetera\/wp-json\/wp\/v2\/media\/4759"}],"wp:attachment":[{"href":"https:\/\/agora.xtec.cat\/ceip-peredetera\/wp-json\/wp\/v2\/media?parent=4757"}],"wp:term":[{"taxonomy":"category","embeddable":true,"href":"https:\/\/agora.xtec.cat\/ceip-peredetera\/wp-json\/wp\/v2\/categories?post=4757"},{"taxonomy":"post_tag","embeddable":true,"href":"https:\/\/agora.xtec.cat\/ceip-peredetera\/wp-json\/wp\/v2\/tags?post=4757"}],"curies":[{"name":"wp","href":"https:\/\/api.w.org\/{rel}","templated":true}]}}