{"id":4728,"date":"2020-05-30T10:36:15","date_gmt":"2020-05-30T08:36:15","guid":{"rendered":"http:\/\/agora.xtec.cat\/ceip-peredetera\/?p=4728"},"modified":"2020-06-15T10:50:27","modified_gmt":"2020-06-15T08:50:27","slug":"conte-davui-69","status":"publish","type":"post","link":"https:\/\/agora.xtec.cat\/ceip-peredetera\/general\/conte-davui-69\/","title":{"rendered":"CONTE D&#8217;AVUI 69"},"content":{"rendered":"<p>Avui, un conte cl\u00e0ssic en castell\u00e0: <strong>&#8220;La ratita presumida&#8221;<\/strong>. L&#8217;expliquen a Kalandraka tv l<strong>&#8216;Al\u00edcia Su\u00e1rez<\/strong>\u00a0 i la seva filla <strong>Noelia Qui\u00f1ones Su\u00e1rez<\/strong>. En aquesta adaptaci\u00f3 s&#8217;hi poden trobar pictogrames i est\u00e0 explicat tamb\u00e9 amb el llenguatge dels sords.<\/p>\n<p>M&#8217;ha semblat una idea fant\u00e0stica aix\u00f2 d&#8217;explicar un conte entre mare i filla. Us animeu? Vinga, pares, mares, filles, fills, germans&#8230;..busqueu algun conte i graveu-vos explicant-lo entre els dos. Si voleu, em podeu enviar el video a elenatorren720@gmail.com i el publicarem.<\/p>\n<p><a href=\"https:\/\/agora.xtec.cat\/ceip-peredetera\/wp-content\/uploads\/usu1268\/2020\/05\/rata-presumida.jpg\"><img loading=\"lazy\" decoding=\"async\" class=\"alignleft size-medium wp-image-4732\" src=\"https:\/\/agora.xtec.cat\/ceip-peredetera\/wp-content\/uploads\/usu1268\/2020\/05\/rata-presumida-300x168.jpg\" alt=\"\" width=\"300\" height=\"168\" \/><\/a><\/p>\n<p><a href=\"http:\/\/www.kalandraka.tv\/es\/video\/ratinapresumida\">CLIQUEU AQU\u00cd PER ESCOLTAR EL CONTE<\/a><\/p>\n","protected":false},"excerpt":{"rendered":"<p>Avui, un conte cl\u00e0ssic en castell\u00e0: &#8220;La ratita presumida&#8221;. L&#8217;expliquen a Kalandraka tv l&#8216;Al\u00edcia Su\u00e1rez\u00a0 i la seva filla Noelia Qui\u00f1ones Su\u00e1rez. En aquesta adaptaci\u00f3 s&#8217;hi poden trobar pictogrames i est\u00e0 explicat tamb\u00e9 amb el llenguatge dels sords. M&#8217;ha semblat una idea fant\u00e0stica aix\u00f2 d&#8217;explicar un conte entre mare i filla. Us animeu? Vinga, pares, [&hellip;]<\/p>\n","protected":false},"author":4,"featured_media":4733,"comment_status":"closed","ping_status":"closed","sticky":false,"template":"","format":"standard","meta":{"_bbp_topic_count":0,"_bbp_reply_count":0,"_bbp_total_topic_count":0,"_bbp_total_reply_count":0,"_bbp_voice_count":0,"_bbp_anonymous_reply_count":0,"_bbp_topic_count_hidden":0,"_bbp_reply_count_hidden":0,"_bbp_forum_subforum_count":0,"site-sidebar-layout":"default","site-content-layout":"","ast-site-content-layout":"","site-content-style":"default","site-sidebar-style":"default","ast-global-header-display":"","ast-banner-title-visibility":"","ast-main-header-display":"","ast-hfb-above-header-display":"","ast-hfb-below-header-display":"","ast-hfb-mobile-header-display":"","site-post-title":"","ast-breadcrumbs-content":"","ast-featured-img":"","footer-sml-layout":"","theme-transparent-header-meta":"","adv-header-id-meta":"","stick-header-meta":"","header-above-stick-meta":"","header-main-stick-meta":"","header-below-stick-meta":"","astra-migrate-meta-layouts":"default","ast-page-background-enabled":"default","ast-page-background-meta":{"desktop":{"background-color":"var(--ast-global-color-4)","background-image":"","background-repeat":"repeat","background-position":"center center","background-size":"auto","background-attachment":"scroll","background-type":"","background-media":"","overlay-type":"","overlay-color":"","overlay-opacity":"","overlay-gradient":""},"tablet":{"background-color":"","background-image":"","background-repeat":"repeat","background-position":"center center","background-size":"auto","background-attachment":"scroll","background-type":"","background-media":"","overlay-type":"","overlay-color":"","overlay-opacity":"","overlay-gradient":""},"mobile":{"background-color":"","background-image":"","background-repeat":"repeat","background-position":"center center","background-size":"auto","background-attachment":"scroll","background-type":"","background-media":"","overlay-type":"","overlay-color":"","overlay-opacity":"","overlay-gradient":""}},"ast-content-background-meta":{"desktop":{"background-color":"var(--ast-global-color-5)","background-image":"","background-repeat":"repeat","background-position":"center center","background-size":"auto","background-attachment":"scroll","background-type":"","background-media":"","overlay-type":"","overlay-color":"","overlay-opacity":"","overlay-gradient":""},"tablet":{"background-color":"var(--ast-global-color-5)","background-image":"","background-repeat":"repeat","background-position":"center center","background-size":"auto","background-attachment":"scroll","background-type":"","background-media":"","overlay-type":"","overlay-color":"","overlay-opacity":"","overlay-gradient":""},"mobile":{"background-color":"var(--ast-global-color-5)","background-image":"","background-repeat":"repeat","background-position":"center center","background-size":"auto","background-attachment":"scroll","background-type":"","background-media":"","overlay-type":"","overlay-color":"","overlay-opacity":"","overlay-gradient":""}},"footnotes":""},"categories":[74,2,1,4,5],"tags":[228,227,194],"class_list":["post-4728","post","type-post","status-publish","format-standard","has-post-thumbnail","hentry","category-biblioteca","category-infantil","category-general","category-portada","category-primaria","tag-audiocontes","tag-covid-19","tag-curs-19-20"],"post_mailing_queue_ids":[],"_links":{"self":[{"href":"https:\/\/agora.xtec.cat\/ceip-peredetera\/wp-json\/wp\/v2\/posts\/4728","targetHints":{"allow":["GET"]}}],"collection":[{"href":"https:\/\/agora.xtec.cat\/ceip-peredetera\/wp-json\/wp\/v2\/posts"}],"about":[{"href":"https:\/\/agora.xtec.cat\/ceip-peredetera\/wp-json\/wp\/v2\/types\/post"}],"author":[{"embeddable":true,"href":"https:\/\/agora.xtec.cat\/ceip-peredetera\/wp-json\/wp\/v2\/users\/4"}],"replies":[{"embeddable":true,"href":"https:\/\/agora.xtec.cat\/ceip-peredetera\/wp-json\/wp\/v2\/comments?post=4728"}],"version-history":[{"count":3,"href":"https:\/\/agora.xtec.cat\/ceip-peredetera\/wp-json\/wp\/v2\/posts\/4728\/revisions"}],"predecessor-version":[{"id":4734,"href":"https:\/\/agora.xtec.cat\/ceip-peredetera\/wp-json\/wp\/v2\/posts\/4728\/revisions\/4734"}],"wp:featuredmedia":[{"embeddable":true,"href":"https:\/\/agora.xtec.cat\/ceip-peredetera\/wp-json\/wp\/v2\/media\/4733"}],"wp:attachment":[{"href":"https:\/\/agora.xtec.cat\/ceip-peredetera\/wp-json\/wp\/v2\/media?parent=4728"}],"wp:term":[{"taxonomy":"category","embeddable":true,"href":"https:\/\/agora.xtec.cat\/ceip-peredetera\/wp-json\/wp\/v2\/categories?post=4728"},{"taxonomy":"post_tag","embeddable":true,"href":"https:\/\/agora.xtec.cat\/ceip-peredetera\/wp-json\/wp\/v2\/tags?post=4728"}],"curies":[{"name":"wp","href":"https:\/\/api.w.org\/{rel}","templated":true}]}}