{"id":4714,"date":"2020-05-27T22:09:04","date_gmt":"2020-05-27T20:09:04","guid":{"rendered":"http:\/\/agora.xtec.cat\/ceip-peredetera\/?p=4714"},"modified":"2023-07-04T21:22:51","modified_gmt":"2023-07-04T19:22:51","slug":"reobertura-de-centres-en-covid-19","status":"publish","type":"post","link":"https:\/\/agora.xtec.cat\/ceip-peredetera\/general\/reobertura-de-centres-en-covid-19\/","title":{"rendered":"REOBERTURA DE CENTRES EN COVID-19"},"content":{"rendered":"<p>&nbsp;<\/p>\n<table style=\"height: 333px; width: 986px;\" width=\"650\">\n<tbody>\n<tr>\n<td style=\"width: 519px;\"><span style=\"font-weight: 400;\">Benvolgudes fam\u00edlies,\u00a0<\/span><\/p>\n<p><span style=\"font-weight: 400;\">En primer lloc dir-vos que desitgem de tot cor que vosaltres i els vostres estigueu el millor possible. Hem passat per un episodi molt greu que ning\u00fa esper\u00e0vem i sabem que ha pogut afectar a moltes fam\u00edlies de diferents maneres. Esperem que poc a poc es pugui anar tirant endavant i solucionant els problemes que la pand\u00e8mia hagi pogut causar.\u00a0<\/span><\/p>\n<p><span style=\"font-weight: 400;\">Del que us volem parlar en aquesta carta \u00e9s del pla de reobertura <\/span><b>al mes de juny<\/b><span style=\"font-weight: 400;\"> que ens ha marcat el Departament d\u2019Educaci\u00f3.<\/span><\/p>\n<p><span style=\"font-weight: 400;\">La darrera setmana el Conseller d\u2019Educaci\u00f3 va enunciar una s\u00e8rie de propostes en relaci\u00f3 amb la <\/span><b>reobertura de centres escolars.<\/b><span style=\"font-weight: 400;\"> A continuaci\u00f3, us indiquem els aspectes m\u00e9s rellevants:<\/span><\/p>\n<p><span style=\"font-weight: 400;\">-Aquesta reobertura del centre est\u00e0 prevista per quan entrem a la <\/span><b style=\"font-family: inherit; font-size: 1em;\">Fase 2<\/b><span style=\"font-weight: 400;\">. Ser\u00e0 llavors quan s\u2019obriran les escoles segons les condicions i requisits que marquen les instruccions del Departament.<\/span><\/p>\n<p><span style=\"font-weight: 400;\">-El curs continua de forma\u00a0 telem\u00e0tica fins el darrer dia que ser\u00e0 el <\/span><b style=\"font-family: inherit; font-size: 1em;\">19 de juny<\/b><span style=\"font-weight: 400;\">.<\/span><\/p>\n<p><span style=\"font-weight: 400;\">-L\u2019assist\u00e8ncia a l\u2019escola per part dels infants tindr\u00e0 car\u00e0cter <\/span><b style=\"font-family: inherit; font-size: 1em;\">voluntari<\/b><span style=\"font-weight: 400;\">.<\/span><\/p>\n<p><span style=\"font-weight: 400;\">-En tots els casos, s\u2019haur\u00e0 de garantir el distanciament f\u00edsic i higi\u00e8nic i la no coincid\u00e8ncia amb l\u2019entrada i sortida del centre amb altres grups. Tot el material que s\u2019utilitzar\u00e0 ser\u00e0 individual i portat de casa pels alumnes.<\/span> <span style=\"font-weight: 400;\">No podem garantir que els\/les\u00a0 tutors\/es puguin acollir als seus grups &#8211; classe.<\/span><\/p>\n<p><span style=\"font-weight: 400;\">-En el cas de l<\/span><b style=\"font-family: inherit; font-size: 1em;\">\u2019Educaci\u00f3 Infantil<\/b><span style=\"font-weight: 400;\">, podran venir a l\u2019escola els infants que tinguin tant el pare com la mare (o tutors legals) que hagin de treballar fora de casa. Podran venir en grups d\u2019un m\u00e0xim de 8 infants per a P3 i d\u2019un m\u00e0xim de 10 infants per a P4 i P5, en horari de 9 a 13h. Passarem una <\/span><b style=\"font-family: inherit; font-size: 1em;\">enquesta<\/b><span style=\"font-weight: 400;\"> a les fam\u00edlies d\u2019Ed. Infantil per saber quants infants vindran. Sense la resposta d\u2019aquesta enquesta, l\u2019alumne\/a no podr\u00e0 assistir, per temes organitzatius. D\u2019altra banda, caldr\u00e0 que els pares justifiquin que treballen presencialment amb certificat d\u2019empresa i declaraci\u00f3 autoresponsable, que hauran d\u2019enviar al correu de l\u2019escola pr\u00e8viament.<\/span><\/p>\n<p><span style=\"font-weight: 400;\">-A l\u2019Educaci\u00f3 Prim\u00e0ria es prioritzen els alumnes que finalitzen l\u2019etapa <\/span><b style=\"font-family: inherit; font-size: 1em;\">(6\u00e8)<\/b><span style=\"font-weight: 400;\">, sempre garantint grups d\u2019un m\u00e0xim de 13 alumnes, en moments concrets i no continuats. Caldr\u00e0 cita pr\u00e8via (programades pels docents).<\/span><\/p>\n<p><span style=\"font-family: inherit; font-size: 1em;\">-Per la resta d\u2019alumnes es far\u00e0 una atenci\u00f3 personalitzada del tutor\/a amb l\u2019alumne-a\/ progenitor-a, sempre com a mesura excepcional, i sempre que no es pugui fer de manera virtual. Caldr\u00e0 cita pr\u00e8via (programades pels docents).<\/span><\/p>\n<p><span style=\"font-weight: 400;\">-Seguint les indicacions del Departament d\u2019Educaci\u00f3 <\/span><b style=\"font-family: inherit; font-size: 1em;\">NO PODRAN ASSISTIR AL CENTRE els infants que<\/b><span style=\"font-weight: 400;\">:<\/span><\/p>\n<p><span style=\"font-family: inherit; font-size: 1em;\">*Presentin simptomatologia compatible amb la COVID-19<\/span><\/p>\n<p><span style=\"font-weight: 400;\">*Que convisquin o hagin tingut contacte estret amb una persona que hagi donat positiu o amb simptomatologia compatible amb la malaltia en els 14 dies anteriors.<\/span><\/p>\n<p><span style=\"font-weight: 400;\">*Que no tinguin el calendari de vacunaci\u00f3 al dia.<\/span><\/p>\n<p><span style=\"font-weight: 400;\">*Que pateixin una patologia pr\u00e8via que els fa vulnerables a la COVID-19.<\/span><\/p>\n<p><span style=\"font-weight: 400;\">*Que formin part d\u2019un col\u00b7lectiu de risc.<\/span><\/p>\n<p>Aquells <span style=\"text-decoration: underline;\"><strong><span style=\"color: #0000ff; text-decoration: underline;\">alumnes d&#8217;infantil<\/span><\/strong><\/span> que que vulguin assistir al centre, els pares han d&#8217;aportar:<\/p>\n<ul>\n<li>\u00a0Els 2 certificats del lloc del treball on acreditin que els tutors han d&#8217;incorporar-se al lloc de treball i no tenen flexibilitzaci\u00f3 hor\u00e0ria. (Document a confegir pel lloc de treball)<\/li>\n<li>La <a href=\"https:\/\/drive.google.com\/file\/d\/150OM3ajx3sdueCJKKiel2VujJFn8kRtw\/view?usp=sharing\">Declaraci\u00f3 responsable (cliqueu per descarregar)<\/a>\u00a0que el seu fill\/a compleix les normes de sanitat per a poder assistir al centre.<\/li>\n<\/ul>\n<p>Aquells <span style=\"text-decoration: underline;\"><strong><span style=\"color: #0000ff; text-decoration: underline;\">alumnes de 6\u00e8<\/span><\/strong><\/span>\u00a0que que vulguin assistir al centre, els pares han d&#8217;aportar:<\/p>\n<ul>\n<li>La <a href=\"https:\/\/drive.google.com\/file\/d\/1rnVxbgi5jwfQ5uAChFudNfH6Z7lBQOox\/view?usp=sharing\">Declaraci\u00f3 responsable (cliqueu per descarregar)<\/a>\u00a0que el seu fill\/a compleix les normes de sanitat per a poder assistir al centre.<\/li>\n<\/ul>\n<p><span style=\"font-weight: 400;\">Gr\u00e0cies per la vostra col\u00b7laboraci\u00f3!<\/span><\/p>\n<p>Direcci\u00f3<\/p>\n<p>&nbsp;<\/td>\n<td style=\"width: 459px;\">\n<p><figure id=\"attachment_4705\" aria-describedby=\"caption-attachment-4705\" style=\"width: 390px\" class=\"wp-caption aligncenter\"><a href=\"https:\/\/agora.xtec.cat\/ceip-peredetera\/wp-content\/uploads\/usu1268\/2020\/05\/Reobertura-general.jpg\"><img loading=\"lazy\" decoding=\"async\" class=\"wp-image-4705\" src=\"https:\/\/agora.xtec.cat\/ceip-peredetera\/wp-content\/uploads\/usu1268\/2020\/05\/Reobertura-general-410x1024.jpg\" alt=\"\" width=\"390\" height=\"974\" srcset=\"https:\/\/agora.xtec.cat\/ceip-peredetera\/wp-content\/uploads\/usu1268\/2020\/05\/Reobertura-general-410x1024.jpg 410w, https:\/\/agora.xtec.cat\/ceip-peredetera\/wp-content\/uploads\/usu1268\/2020\/05\/Reobertura-general-120x300.jpg 120w, https:\/\/agora.xtec.cat\/ceip-peredetera\/wp-content\/uploads\/usu1268\/2020\/05\/Reobertura-general-768x1920.jpg 768w, https:\/\/agora.xtec.cat\/ceip-peredetera\/wp-content\/uploads\/usu1268\/2020\/05\/Reobertura-general.jpg 800w\" sizes=\"auto, (max-width: 390px) 100vw, 390px\" \/><\/a><figcaption id=\"caption-attachment-4705\" class=\"wp-caption-text\">Infografia reobertura de centres<\/figcaption><\/figure><\/td>\n<\/tr>\n<\/tbody>\n<\/table>\n","protected":false},"excerpt":{"rendered":"<p>&nbsp; Benvolgudes fam\u00edlies,\u00a0 En primer lloc dir-vos que desitgem de tot cor que vosaltres i els vostres estigueu el millor possible. Hem passat per un episodi molt greu que ning\u00fa esper\u00e0vem i sabem que ha pogut afectar a moltes fam\u00edlies de diferents maneres. Esperem que poc a poc es pugui anar tirant endavant i solucionant [&hellip;]<\/p>\n","protected":false},"author":1,"featured_media":4705,"comment_status":"closed","ping_status":"closed","sticky":false,"template":"","format":"standard","meta":{"_bbp_topic_count":0,"_bbp_reply_count":0,"_bbp_total_topic_count":0,"_bbp_total_reply_count":0,"_bbp_voice_count":0,"_bbp_anonymous_reply_count":0,"_bbp_topic_count_hidden":0,"_bbp_reply_count_hidden":0,"_bbp_forum_subforum_count":0,"site-sidebar-layout":"default","site-content-layout":"","ast-site-content-layout":"","site-content-style":"default","site-sidebar-style":"default","ast-global-header-display":"","ast-banner-title-visibility":"","ast-main-header-display":"","ast-hfb-above-header-display":"","ast-hfb-below-header-display":"","ast-hfb-mobile-header-display":"","site-post-title":"","ast-breadcrumbs-content":"","ast-featured-img":"","footer-sml-layout":"","theme-transparent-header-meta":"","adv-header-id-meta":"","stick-header-meta":"","header-above-stick-meta":"","header-main-stick-meta":"","header-below-stick-meta":"","astra-migrate-meta-layouts":"default","ast-page-background-enabled":"default","ast-page-background-meta":{"desktop":{"background-color":"var(--ast-global-color-4)","background-image":"","background-repeat":"repeat","background-position":"center center","background-size":"auto","background-attachment":"scroll","background-type":"","background-media":"","overlay-type":"","overlay-color":"","overlay-opacity":"","overlay-gradient":""},"tablet":{"background-color":"","background-image":"","background-repeat":"repeat","background-position":"center center","background-size":"auto","background-attachment":"scroll","background-type":"","background-media":"","overlay-type":"","overlay-color":"","overlay-opacity":"","overlay-gradient":""},"mobile":{"background-color":"","background-image":"","background-repeat":"repeat","background-position":"center center","background-size":"auto","background-attachment":"scroll","background-type":"","background-media":"","overlay-type":"","overlay-color":"","overlay-opacity":"","overlay-gradient":""}},"ast-content-background-meta":{"desktop":{"background-color":"var(--ast-global-color-5)","background-image":"","background-repeat":"repeat","background-position":"center center","background-size":"auto","background-attachment":"scroll","background-type":"","background-media":"","overlay-type":"","overlay-color":"","overlay-opacity":"","overlay-gradient":""},"tablet":{"background-color":"var(--ast-global-color-5)","background-image":"","background-repeat":"repeat","background-position":"center center","background-size":"auto","background-attachment":"scroll","background-type":"","background-media":"","overlay-type":"","overlay-color":"","overlay-opacity":"","overlay-gradient":""},"mobile":{"background-color":"var(--ast-global-color-5)","background-image":"","background-repeat":"repeat","background-position":"center center","background-size":"auto","background-attachment":"scroll","background-type":"","background-media":"","overlay-type":"","overlay-color":"","overlay-opacity":"","overlay-gradient":""}},"footnotes":""},"categories":[1,4],"tags":[227,194,271],"class_list":["post-4714","post","type-post","status-publish","format-standard","has-post-thumbnail","hentry","category-general","category-portada","tag-covid-19","tag-curs-19-20","tag-reobertura"],"post_mailing_queue_ids":[],"_links":{"self":[{"href":"https:\/\/agora.xtec.cat\/ceip-peredetera\/wp-json\/wp\/v2\/posts\/4714","targetHints":{"allow":["GET"]}}],"collection":[{"href":"https:\/\/agora.xtec.cat\/ceip-peredetera\/wp-json\/wp\/v2\/posts"}],"about":[{"href":"https:\/\/agora.xtec.cat\/ceip-peredetera\/wp-json\/wp\/v2\/types\/post"}],"author":[{"embeddable":true,"href":"https:\/\/agora.xtec.cat\/ceip-peredetera\/wp-json\/wp\/v2\/users\/1"}],"replies":[{"embeddable":true,"href":"https:\/\/agora.xtec.cat\/ceip-peredetera\/wp-json\/wp\/v2\/comments?post=4714"}],"version-history":[{"count":4,"href":"https:\/\/agora.xtec.cat\/ceip-peredetera\/wp-json\/wp\/v2\/posts\/4714\/revisions"}],"predecessor-version":[{"id":4722,"href":"https:\/\/agora.xtec.cat\/ceip-peredetera\/wp-json\/wp\/v2\/posts\/4714\/revisions\/4722"}],"wp:featuredmedia":[{"embeddable":true,"href":"https:\/\/agora.xtec.cat\/ceip-peredetera\/wp-json\/wp\/v2\/media\/4705"}],"wp:attachment":[{"href":"https:\/\/agora.xtec.cat\/ceip-peredetera\/wp-json\/wp\/v2\/media?parent=4714"}],"wp:term":[{"taxonomy":"category","embeddable":true,"href":"https:\/\/agora.xtec.cat\/ceip-peredetera\/wp-json\/wp\/v2\/categories?post=4714"},{"taxonomy":"post_tag","embeddable":true,"href":"https:\/\/agora.xtec.cat\/ceip-peredetera\/wp-json\/wp\/v2\/tags?post=4714"}],"curies":[{"name":"wp","href":"https:\/\/api.w.org\/{rel}","templated":true}]}}