{"id":4623,"date":"2020-05-20T10:00:37","date_gmt":"2020-05-20T08:00:37","guid":{"rendered":"http:\/\/agora.xtec.cat\/ceip-peredetera\/?p=4623"},"modified":"2020-05-21T14:24:45","modified_gmt":"2020-05-21T12:24:45","slug":"conte-davui-59","status":"publish","type":"post","link":"https:\/\/agora.xtec.cat\/ceip-peredetera\/general\/conte-davui-59\/","title":{"rendered":"CONTE D&#8217;AVUI 59"},"content":{"rendered":"<p>Nenes i nens, continuem amb els &#8220;Contes per tel\u00e8fon&#8221;. Us agraden? Avui l<strong>&#8216;Elena Torrents<\/strong> us llegeix <strong>&#8220;Tocar el nas del rei&#8221;<\/strong>, que explica la hist\u00f2ria d&#8217;un xavalet una mica descarat. A veure qu\u00e8 en penseu! US PROPOSO UN JOC DE PARAULES: \u00c9S EL MATEIX <strong>TOCAR EL NAS DEL REI<\/strong> QUE <strong>TOCAR EL NAS AL REI<\/strong>?<\/p>\n<p><a href=\"https:\/\/drive.google.com\/file\/d\/1rv9mloc5QzmThMNzWvDLMxBhLY4c-PZi\/view?usp=sharing\">CLIQUEU AQU\u00cd PER ESCOLTAR EL CONTE<\/a><\/p>\n<p><a href=\"https:\/\/agora.xtec.cat\/ceip-peredetera\/wp-content\/uploads\/usu1268\/2020\/05\/TOCAR-EL-NAS-DEL-REI.jpg\"><img loading=\"lazy\" decoding=\"async\" class=\"alignnone size-full wp-image-4624\" src=\"https:\/\/agora.xtec.cat\/ceip-peredetera\/wp-content\/uploads\/usu1268\/2020\/05\/TOCAR-EL-NAS-DEL-REI.jpg\" alt=\"\" width=\"259\" height=\"194\" srcset=\"https:\/\/agora.xtec.cat\/ceip-peredetera\/wp-content\/uploads\/usu1268\/2020\/05\/TOCAR-EL-NAS-DEL-REI.jpg 259w, https:\/\/agora.xtec.cat\/ceip-peredetera\/wp-content\/uploads\/usu1268\/2020\/05\/TOCAR-EL-NAS-DEL-REI-200x150.jpg 200w\" sizes=\"auto, (max-width: 259px) 100vw, 259px\" \/><\/a><\/p>\n","protected":false},"excerpt":{"rendered":"<p>Nenes i nens, continuem amb els &#8220;Contes per tel\u00e8fon&#8221;. Us agraden? Avui l&#8216;Elena Torrents us llegeix &#8220;Tocar el nas del rei&#8221;, que explica la hist\u00f2ria d&#8217;un xavalet una mica descarat. A veure qu\u00e8 en penseu! US PROPOSO UN JOC DE PARAULES: \u00c9S EL MATEIX TOCAR EL NAS DEL REI QUE TOCAR EL NAS AL REI? [&hellip;]<\/p>\n","protected":false},"author":4,"featured_media":4624,"comment_status":"closed","ping_status":"closed","sticky":false,"template":"","format":"standard","meta":{"_bbp_topic_count":0,"_bbp_reply_count":0,"_bbp_total_topic_count":0,"_bbp_total_reply_count":0,"_bbp_voice_count":0,"_bbp_anonymous_reply_count":0,"_bbp_topic_count_hidden":0,"_bbp_reply_count_hidden":0,"_bbp_forum_subforum_count":0,"site-sidebar-layout":"default","site-content-layout":"","ast-site-content-layout":"","site-content-style":"default","site-sidebar-style":"default","ast-global-header-display":"","ast-banner-title-visibility":"","ast-main-header-display":"","ast-hfb-above-header-display":"","ast-hfb-below-header-display":"","ast-hfb-mobile-header-display":"","site-post-title":"","ast-breadcrumbs-content":"","ast-featured-img":"","footer-sml-layout":"","theme-transparent-header-meta":"","adv-header-id-meta":"","stick-header-meta":"","header-above-stick-meta":"","header-main-stick-meta":"","header-below-stick-meta":"","astra-migrate-meta-layouts":"default","ast-page-background-enabled":"default","ast-page-background-meta":{"desktop":{"background-color":"var(--ast-global-color-4)","background-image":"","background-repeat":"repeat","background-position":"center center","background-size":"auto","background-attachment":"scroll","background-type":"","background-media":"","overlay-type":"","overlay-color":"","overlay-opacity":"","overlay-gradient":""},"tablet":{"background-color":"","background-image":"","background-repeat":"repeat","background-position":"center center","background-size":"auto","background-attachment":"scroll","background-type":"","background-media":"","overlay-type":"","overlay-color":"","overlay-opacity":"","overlay-gradient":""},"mobile":{"background-color":"","background-image":"","background-repeat":"repeat","background-position":"center center","background-size":"auto","background-attachment":"scroll","background-type":"","background-media":"","overlay-type":"","overlay-color":"","overlay-opacity":"","overlay-gradient":""}},"ast-content-background-meta":{"desktop":{"background-color":"var(--ast-global-color-5)","background-image":"","background-repeat":"repeat","background-position":"center center","background-size":"auto","background-attachment":"scroll","background-type":"","background-media":"","overlay-type":"","overlay-color":"","overlay-opacity":"","overlay-gradient":""},"tablet":{"background-color":"var(--ast-global-color-5)","background-image":"","background-repeat":"repeat","background-position":"center center","background-size":"auto","background-attachment":"scroll","background-type":"","background-media":"","overlay-type":"","overlay-color":"","overlay-opacity":"","overlay-gradient":""},"mobile":{"background-color":"var(--ast-global-color-5)","background-image":"","background-repeat":"repeat","background-position":"center center","background-size":"auto","background-attachment":"scroll","background-type":"","background-media":"","overlay-type":"","overlay-color":"","overlay-opacity":"","overlay-gradient":""}},"footnotes":""},"categories":[74,2,1,4,5],"tags":[228,227,194],"class_list":["post-4623","post","type-post","status-publish","format-standard","has-post-thumbnail","hentry","category-biblioteca","category-infantil","category-general","category-portada","category-primaria","tag-audiocontes","tag-covid-19","tag-curs-19-20"],"post_mailing_queue_ids":[],"_links":{"self":[{"href":"https:\/\/agora.xtec.cat\/ceip-peredetera\/wp-json\/wp\/v2\/posts\/4623","targetHints":{"allow":["GET"]}}],"collection":[{"href":"https:\/\/agora.xtec.cat\/ceip-peredetera\/wp-json\/wp\/v2\/posts"}],"about":[{"href":"https:\/\/agora.xtec.cat\/ceip-peredetera\/wp-json\/wp\/v2\/types\/post"}],"author":[{"embeddable":true,"href":"https:\/\/agora.xtec.cat\/ceip-peredetera\/wp-json\/wp\/v2\/users\/4"}],"replies":[{"embeddable":true,"href":"https:\/\/agora.xtec.cat\/ceip-peredetera\/wp-json\/wp\/v2\/comments?post=4623"}],"version-history":[{"count":2,"href":"https:\/\/agora.xtec.cat\/ceip-peredetera\/wp-json\/wp\/v2\/posts\/4623\/revisions"}],"predecessor-version":[{"id":4654,"href":"https:\/\/agora.xtec.cat\/ceip-peredetera\/wp-json\/wp\/v2\/posts\/4623\/revisions\/4654"}],"wp:featuredmedia":[{"embeddable":true,"href":"https:\/\/agora.xtec.cat\/ceip-peredetera\/wp-json\/wp\/v2\/media\/4624"}],"wp:attachment":[{"href":"https:\/\/agora.xtec.cat\/ceip-peredetera\/wp-json\/wp\/v2\/media?parent=4623"}],"wp:term":[{"taxonomy":"category","embeddable":true,"href":"https:\/\/agora.xtec.cat\/ceip-peredetera\/wp-json\/wp\/v2\/categories?post=4623"},{"taxonomy":"post_tag","embeddable":true,"href":"https:\/\/agora.xtec.cat\/ceip-peredetera\/wp-json\/wp\/v2\/tags?post=4623"}],"curies":[{"name":"wp","href":"https:\/\/api.w.org\/{rel}","templated":true}]}}