{"id":4351,"date":"2020-05-13T00:18:18","date_gmt":"2020-05-12T22:18:18","guid":{"rendered":"http:\/\/agora.xtec.cat\/ceip-peredetera\/?p=4351"},"modified":"2020-06-16T17:58:12","modified_gmt":"2020-06-16T15:58:12","slug":"preinscripcio-2020-21","status":"publish","type":"post","link":"https:\/\/agora.xtec.cat\/ceip-peredetera\/general\/preinscripcio-2020-21\/","title":{"rendered":"PREINSCRIPCI\u00d3 2020-21"},"content":{"rendered":"<h1><b>Preinscripci\u00f3 curs 2020-2021<\/b><\/h1>\n<p><b>ESCOLA PERE DE TERA\u00a0 CODI: 08035878<\/b><\/p>\n<h4><b>CALENDARI<\/b><\/h4>\n<p><span style=\"font-weight: 400;\">Per\u00edode de presentaci\u00f3 de sol\u00b7licitud de preinscripci\u00f3: <\/span><b>13 a 22 de maig<\/b><\/p>\n<p><span style=\"font-weight: 400;\">Matr\u00edcula: <strong><span style=\"color: #000000;\">9<\/span><\/strong><\/span><strong><span style=\"color: #000000;\">\u00a0a 17 de juliol<\/span><\/strong><\/p>\n<p><span style=\"font-weight: 400;\">En cas que sigui necessari modificar el calendari per causa de for\u00e7a major, les noves dates es faran p\u00fabliques al web <\/span><a href=\"http:\/\/queestudiar.gencat.cat\/ca\/index.html\"><span style=\"font-weight: 400;\">Estudiar a Catalunya<\/span><\/a><span style=\"font-weight: 400;\">.<\/span><\/p>\n<p><span style=\"font-weight: 400;\">Per a qualsevol consulta restem a la vostra disposici\u00f3 sempre al mail de l\u2019escola:<\/span><\/p>\n<p><b>preinscripciopdt@gmail.com<\/b><\/p>\n<p><span style=\"font-weight: 400;\">A partir del dimecres 13 de maig\u00a0 al tel\u00e8fon:<\/span><\/p>\n<p><b>697.99.42.86<\/b> <span style=\"font-weight: 400;\">\u00a0<\/span><span style=\"font-weight: 400;\">en horari de 10h a 13h<\/span><\/p>\n<h4><b>PROCEDIMENT PER LA PREINSCRIPCI\u00d3<\/b><\/h4>\n<h6><b>1. Presentaci\u00f3 de la sol\u00b7licitud de preinscripci\u00f3<\/b><\/h6>\n<p><b>PAS 1<\/b><span style=\"font-weight: 400;\">: La <\/span><b>sol\u00b7licitud<\/b><span style=\"font-weight: 400;\"> es far\u00e0 per via telem\u00e0tica. Publicarem aqu\u00ed l\u2019enlla\u00e7 a l\u2019aplicatiu de preinscripci\u00f3 tan bon punt estigui disponible. <\/span><a href=\"http:\/\/ensenyament.gencat.cat\/ca\/tramits\/tramits-temes\/20483_preinscripcio_escolar?moda=1\"><span style=\"font-weight: 400;\">Enlla\u00e7<\/span><\/a> <b>(Encara no est\u00e0 actiu).<\/b><\/p>\n<p><b>PAS 2<\/b><span style=\"font-weight: 400;\">: No s\u2019ha de presentar la sol\u00b7licitud i la documentaci\u00f3 en paper al centre, sin\u00f3 que s\u2019ha d\u2019<\/span><b>enviar el resguard de la sol\u00b7licitud i la documentaci\u00f3 necess\u00e0ria<\/b><span style=\"font-weight: 400;\">, escanejada o fotografiada, mitjan\u00e7ant un correu a la b\u00fastia electr\u00f2nica oficial del centre demanat en primera opci\u00f3. En el cas que la vostra primera opci\u00f3 sigui l\u2019Escola PERE DE TERA, l\u2019heu d\u2019enviar a <\/span><span style=\"font-weight: 400;\">preinscripciopdt@gmail.com<\/span><span style=\"font-weight: 400;\">. <\/span><span style=\"font-weight: 400;\">A l\u2019assumpte poseu: Preinscripci\u00f3+Nom alumn@+Nivell.<\/span><\/p>\n<p><span style=\"font-weight: 400;\">Documentaci\u00f3 necess\u00e0ria i els criteris de prioritat<\/span><span style=\"font-weight: 400;\">.<\/span><\/p>\n<ul>\n<li style=\"font-weight: 400;\"><span style=\"font-weight: 400;\">Documentaci\u00f3 requerida:<\/span>\n<ul>\n<li style=\"font-weight: 400;\"><span style=\"font-weight: 400;\">Original i fotoc\u00f2pia del DNI o NIE o passaport de l\u2019alumne\/a.<\/span><\/li>\n<li style=\"font-weight: 400;\"><span style=\"font-weight: 400;\">Original i c\u00f2pia del\u00a0llibre de fam\u00edlia o altres documents relatius a la filiaci\u00f3. Si l\u2019alumne o alumna est\u00e0 en situaci\u00f3 d\u2019acolliment, la resoluci\u00f3 d\u2019acolliment del Departament de Treball, Afers Socials i Fam\u00edlies.<\/span><\/li>\n<li style=\"font-weight: 400;\"><span style=\"font-weight: 400;\">Original i c\u00f2pia del DNI de la persona sol\u00b7licitant (pare, mare, tutor\/a o guardador\/a de fet) o, si el sol\u00b7licitant \u00e9s estranger, de la targeta de resid\u00e8ncia on consta el NIE o el passaport. Si es tracta d\u2019estrangers comunitaris, document d\u2019identitat del pa\u00eds d\u2019origen.<\/span><\/li>\n<\/ul>\n<\/li>\n<\/ul>\n<p><span style=\"font-weight: 400;\">De forma extraordin\u00e0ria, les dades d\u2019identificaci\u00f3 o de filiaci\u00f3 dels\u00a0<\/span><span style=\"font-weight: 400;\">alumnes estrangers<\/span><span style=\"font-weight: 400;\">\u00a0tamb\u00e9 es poden acreditar amb el document d\u2019identitat, el llibre de fam\u00edlia del pa\u00eds d\u2019origen o la documentaci\u00f3 alternativa que la persona pugui aportar. El director o directora del centre la valorar\u00e0 i deixar\u00e0 const\u00e0ncia per escrit de la decisi\u00f3 adoptada.<\/span><\/p>\n<p><span style=\"font-weight: 400;\">DOCUMENTACI\u00d3 PER ACREDITAR PUNTUACI\u00d3:\u00a0<\/span><\/p>\n<ul>\n<li style=\"font-weight: 400;\"><span style=\"font-weight: 400;\">Criteris de puntuaci\u00f3:<\/span><\/li>\n<li style=\"font-weight: 400;\"><span style=\"font-weight: 400;\">Germans escolaritzats al centre: 40 punts.<\/span><\/li>\n<li style=\"font-weight: 400;\"><span style=\"font-weight: 400;\">Proximitat del centre al lloc habitual de resid\u00e8ncia: padr\u00f3<\/span><\/li>\n<li style=\"font-weight: 400;\"><span style=\"font-weight: 400;\">Quan el domicili habitual es troba a l\u2019\u00e0rea d\u2019influ\u00e8ncia del centre (zona 4 en el nostre cas):\u00a030 punts.<\/span><\/li>\n<li style=\"font-weight: 400;\"><span style=\"font-weight: 400;\">Quan, a inst\u00e0ncia del sol\u00b7licitant es pren en consideraci\u00f3 l\u2019adre\u00e7a del lloc de treball del pare, la mare, el tutor o tutora, o el guardador o guardadora de fet, i aquest \u00e9s dins l\u2019\u00e0rea d\u2019influ\u00e8ncia del centre:\u00a020 punts.<\/span><\/li>\n<li style=\"font-weight: 400;\"><span style=\"font-weight: 400;\">Quan el domicili habitual \u00e9s al mateix municipi\u00a0del centre sol\u00b7licitat en primer lloc, per\u00f2 no en la seva \u00e0rea d\u2019influ\u00e8ncia:\u00a010 punts.<\/span><\/li>\n<li style=\"font-weight: 400;\"><span style=\"font-weight: 400;\">Discapacitat(igual o superior al 33%) de l\u2019alumne o alumna, el pare o mare, o el germ\u00e0 o germana:\u00a010 punts<\/span><\/li>\n<li style=\"font-weight: 400;\"><span style=\"font-weight: 400;\">Beneficiaris de la prestaci\u00f3 econ\u00f2mica de la renda garantida:\u00a010 punts<\/span><\/li>\n<li style=\"font-weight: 400;\"><span style=\"font-weight: 400;\">Familia nombrosa o monoparental.15 punts.<\/span><\/li>\n<\/ul>\n<p><span style=\"font-weight: 400;\">Cal aportar documentaci\u00f3 original i fotoc\u00f2pia de la documentaci\u00f3 acreditativa dels criteris de puntuaci\u00f3 (en cas presencial)<\/span><\/p>\n<p><span style=\"font-weight: 400;\">Tan bon punt rebem el correu\u00a0<\/span><b>us el retornarem confirmant que l\u2019hem rebut<\/b><span style=\"font-weight: 400;\">\u00a0i que la documentaci\u00f3 est\u00e0 completa i \u00e9s llegible.\u00a0<\/span><b>Aquest mail de retorn ser\u00e0 la vostra confirmaci\u00f3 de preinscripci\u00f3.\u00a0<\/b><\/p>\n<p><span style=\"font-weight: 400;\">Us recomanem que <\/span><span style=\"font-weight: 400;\">poseu el m\u00e0xim de centres<\/span><span style=\"font-weight: 400;\"> a la vostra preinscripci\u00f3 i <\/span><span style=\"font-weight: 400;\">us recordem que el per\u00edode per presentar el resguard i la documentaci\u00f3 finalitza dilluns 25 de maig.<\/span><\/p>\n<p><span style=\"font-weight: 400;\">De manera excepcional, si no \u00e9s possible fer el tr\u00e0mit per internet, es far\u00e0 la presentaci\u00f3 presencial de sol\u00b7licituds entre els dies <\/span><b>19 i 22 de maig<\/b><span style=\"font-weight: 400;\">. \u00c9s un tr\u00e0mit que requereix <\/span><b>cita pr\u00e8via<\/b><span style=\"font-weight: 400;\"> per poder accedir al centre. Per concertar-la es podr\u00e0 fer de dues maneres:<\/span><\/p>\n<ul>\n<li style=\"list-style-type: none;\">\n<ul>\n<li style=\"list-style-type: none;\">\n<ul>\n<li style=\"font-weight: 400;\"><span style=\"font-weight: 400;\">1. Es posar\u00e0 a disposici\u00f3 un enlla\u00e7 a una aplicaci\u00f3, que publicarem aqu\u00ed mateix. Enlla\u00e7 (Encara no est\u00e0 actiu).<\/span><\/li>\n<li style=\"font-weight: 400;\"><span style=\"font-weight: 400;\">2. O b\u00e9, trucant al tel\u00e8fon a partir del 14 de maig\u00a0<\/span><\/li>\n<li style=\"font-weight: 400;\"><span style=\"font-weight: 400;\">\u00a0Tel\u00e8fon: <\/span><b>697.99.42.86\u00a0<\/b><\/li>\n<li style=\"font-weight: 400;\"><b><span style=\"font-weight: 400;\">\u00a0Horari d\u2019atenci\u00f3: <\/span>10:00 &#8211; 13:00<\/b><\/li>\n<\/ul>\n<\/li>\n<\/ul>\n<\/li>\n<li style=\"list-style-type: none;\"><\/li>\n<\/ul>\n<ol start=\"2\">\n<li><b> Publicaci\u00f3 de les llistes de barem i de les llistes d\u2019assignacions i llistes d\u2019espera. <\/b><span style=\"font-weight: 400;\">Es publicaran a la web del centre, de manera anonimitzada. Tamb\u00e9 es podr\u00e0 fer consulta individual de les dades del sol\u00b7licitant des del web <\/span><a href=\"http:\/\/queestudiar.gencat.cat\/ca\/index.html\"><span style=\"font-weight: 400;\">Estudiar a Catalunya<\/span><\/a><span style=\"font-weight: 400;\">.<\/span><\/li>\n<\/ol>\n<ol start=\"3\">\n<li><b> Reclamacions a la llista de barem provisional.<\/b><\/li>\n<\/ol>\n<p><span style=\"font-weight: 400;\">Es far\u00e0 mitjan\u00e7ant correu electr\u00f2nic a la b\u00fastia electr\u00f2nica oficial del centre. El centre enviar\u00e0 un correu de resposta com a justificant de recepci\u00f3 de la reclamaci\u00f3.<\/span><\/p>\n<p><span style=\"font-weight: 400;\">Excepcionalment, tamb\u00e9 hi haur\u00e0 un procediment de cita pr\u00e8via per l\u2019atenci\u00f3 presencial de persones a les que els sigui impossible fer la reclamaci\u00f3 v\u00eda telem\u00e0tica.<\/span><\/p>\n<h6><b>4. Matr\u00edcula al centre.<\/b><\/h6>\n<p><span style=\"font-weight: 400;\">Es far\u00e0 la gesti\u00f3 a trav\u00e9s d\u2019un procediment de cita pr\u00e8via (publicarem tota la informaci\u00f3 aqu\u00ed quan arribi el moment). La gesti\u00f3 presencial de la confirmaci\u00f3 tamb\u00e9 es podr\u00e0 substituir per l\u2019enviament de la documentaci\u00f3 necess\u00e0ria a trav\u00e9s d\u2019un correu electr\u00f2nic al centre, i el centre respondr\u00e0 el correu com a justificant de la formalitzaci\u00f3 de la matr\u00edcula.<\/span><\/p>\n<h6><b>Com es far\u00e0 l\u2019atenci\u00f3 presencial?<\/b><\/h6>\n<p><span style=\"font-weight: 400;\">Cal tenir present que amb l\u2019obertura dels centres per al tr\u00e0mit de preinscripci\u00f3 nom\u00e9s<\/span><\/p>\n<p><span style=\"font-weight: 400;\">est\u00e0 prevista la utilitzaci\u00f3 dels espais imprescindibles per al treball administratiu. Per<\/span><\/p>\n<p><span style=\"font-weight: 400;\">tant, <\/span><b>no ser\u00e0 possible realitzar visites als centres.<\/b><\/p>\n<p><span style=\"font-family: inherit; font-size: 1em;\">La gesti\u00f3 presencial nom\u00e9s ser\u00e0 per aquells casos en que sigui impossible fer els tr\u00e0mits telem\u00e0tics.<\/span><\/p>\n<ul>\n<li style=\"font-weight: 400;\"><span style=\"font-weight: 400;\">Al centre ha de venir el menor nombre possible de persones a fer les gestions (preferiblement, una sola persona).<\/span><\/li>\n<li style=\"font-weight: 400;\"><span style=\"font-weight: 400;\">S\u2019ha de portar original i fotoc\u00f2pia de la documentaci\u00f3\u00a0 i <\/span><a href=\"https:\/\/drive.google.com\/file\/d\/1eaHqg8uctFGFW9eoMXvXkaO8EX0TqKVV\/view?usp=sharing\"><span style=\"font-weight: 400;\">dues c\u00f2pies de la sol\u00b7licitud<\/span><\/a><span style=\"font-weight: 400;\"> emplenada des de casa, a ser possible.\u00a0 \u00c9s recomanable que la persona <\/span><b>porti el seu propi bol\u00edgraf.<\/b><\/li>\n<li style=\"font-weight: 400;\"><span style=\"font-weight: 400;\">Cal portar mascareta i guants.<\/span><\/li>\n<li style=\"font-weight: 400;\"><span style=\"font-weight: 400;\">No han d\u2019acudir al centre les persones de grups d\u2019especial vulnerabilitat o en per\u00edode de confinament, o que presentin s\u00edmptomes; en aquest cas, poden autoritzar per escrit a una altra persona a portar la sol\u00b7licitud i la documentaci\u00f3.<\/span><\/li>\n<li style=\"font-weight: 400;\"><b>L\u2019horari de preinscipci\u00f3 ser\u00e0 de 9.15 a 13.15h<\/b><\/li>\n<li style=\"font-weight: 400;\"><b>ESPAI:\u00a0 porxo de l\u2019edifici de prim\u00e0ria que d\u00f3na al carrer Sanatori (estar\u00e0 degudament indicat)<\/b><\/li>\n<\/ul>\n<p><b>INFORMACI\u00d3 SOBRE EL NOSTRE CENTRE<\/b><\/p>\n<table>\n<tbody>\n<tr>\n<td colspan=\"10\"><b>ENSENYAMENTS OFERTATS\u00a0<\/b><\/p>\n<p><b>SEGON CICLE D&#8217;EDUCACI\u00d3\u00a0 INFANTIL I EDUCACI\u00d3 PRIM\u00c0RIA.<\/b><\/p>\n<p><b>2 grups a cada nivell, menys a 3r i 6\u00e8 que s\u00f3n 3<\/b><\/td>\n<\/tr>\n<tr>\n<td><b>Grups<\/b><\/td>\n<td><span style=\"font-weight: 400;\">EI-3<\/span><\/td>\n<td><span style=\"font-weight: 400;\">EI-4<\/span><\/td>\n<td><span style=\"font-weight: 400;\">EI-5<\/span><\/td>\n<td><span style=\"font-weight: 400;\">1r<\/span><\/td>\n<td><span style=\"font-weight: 400;\">2n<\/span><\/td>\n<td><span style=\"font-weight: 400;\">3r<\/span><\/td>\n<td><span style=\"font-weight: 400;\">4t<\/span><\/td>\n<td><span style=\"font-weight: 400;\">5\u00e8<\/span><\/td>\n<td><span style=\"font-weight: 400;\">6\u00e8<\/span><\/td>\n<\/tr>\n<tr>\n<td><b>Vacants<\/b><\/td>\n<td><span style=\"font-weight: 400;\">44 + 6 NEE<\/span><\/td>\n<td><span style=\"font-weight: 400;\">10+4 NEE<\/span><\/td>\n<td><span style=\"font-weight: 400;\">1<\/span><\/td>\n<td><span style=\"font-weight: 400;\">0<\/span><\/td>\n<td><span style=\"font-weight: 400;\">0<\/span><\/td>\n<td><span style=\"font-weight: 400;\">0<\/span><\/td>\n<td><span style=\"font-weight: 400;\">1<\/span><\/td>\n<td><span style=\"font-weight: 400;\">0<\/span><\/td>\n<td><span style=\"font-weight: 400;\">0<\/span><\/td>\n<\/tr>\n<\/tbody>\n<\/table>\n<p>&nbsp;<\/p>\n<p><b>Altres informacions d&#8217;inter\u00e9s:<\/b><\/p>\n<ul>\n<li style=\"font-weight: 400;\"><span style=\"font-weight: 400;\">P\u00e0gina web:<\/span><\/li>\n<\/ul>\n<p><a href=\"https:\/\/agora.xtec.cat\/ceip-peredetera\/\"><span style=\"font-weight: 400;\">https:\/\/agora.xtec.cat\/ceip-peredetera\/<\/span><\/a><span style=\"font-weight: 400;\">\u00a0<\/span><\/p>\n<ul>\n<li style=\"list-style-type: none;\">\n<ul>\n<li style=\"font-weight: 400;\"><span style=\"font-weight: 400;\">AL MEN\u00da a l&#8217;apartat de DOCUMENTS trobareu el PGC i la programaci\u00f3 Anual entred&#8217;altres informacions\u00a0<\/span><\/li>\n<\/ul>\n<\/li>\n<\/ul>\n<p><a href=\"https:\/\/agora.xtec.cat\/ceip-peredetera\/documents\/\"><span style=\"font-weight: 400;\">https:\/\/agora.xtec.cat\/ceip-peredetera\/documents\/<\/span><\/a><\/p>\n<ul>\n<li style=\"font-weight: 400;\"><span style=\"font-weight: 400;\">Presentaci\u00f3 Portes Obertes<\/span><\/li>\n<\/ul>\n<p><a href=\"https:\/\/docs.google.com\/presentation\/d\/1fM8pUu1u-rTTNxpTg1Eqo_JP5joWiyDuX14JioZvT6I\/edit\"><span style=\"font-weight: 400;\">https:\/\/docs.google.com\/presentation\/d\/1fM8pUu1u-rTTNxpTg1Eqo_JP5joWiyDuX14JioZvT6I\/edit<\/span><\/a><\/p>\n<ul>\n<li style=\"font-weight: 400;\"><span style=\"font-weight: 400;\">El tr\u00edptic que us facilitem a les portes obertes<\/span><\/li>\n<\/ul>\n<p><a href=\"https:\/\/www.canva.com\/design\/DAD1kPpEQwE\/sqVrjlYZVnuvpDLkofTv3g\/view?utm_content=DAD1kPpEQwE&amp;utm_campaign=designshare&amp;utm_medium=link&amp;utm_source=sharebutton\"><span style=\"font-weight: 400;\">https:\/\/www.canva.com\/design\/DAD1kPpEQwE\/sqVrjlYZVnuvpDLkofTv3g\/view?utm_content=DAD1kPpEQwE&amp;utm_campaign=designshare&amp;utm_medium=link&amp;utm_source=sharebutton<\/span><\/a><\/p>\n","protected":false},"excerpt":{"rendered":"<p>Preinscripci\u00f3 curs 2020-2021 ESCOLA PERE DE TERA\u00a0 CODI: 08035878 CALENDARI Per\u00edode de presentaci\u00f3 de sol\u00b7licitud de preinscripci\u00f3: 13 a 22 de maig Matr\u00edcula: 9\u00a0a 17 de juliol En cas que sigui necessari modificar el calendari per causa de for\u00e7a major, les noves dates es faran p\u00fabliques al web Estudiar a Catalunya. Per a qualsevol consulta [&hellip;]<\/p>\n","protected":false},"author":1,"featured_media":4378,"comment_status":"closed","ping_status":"closed","sticky":false,"template":"","format":"standard","meta":{"_bbp_topic_count":0,"_bbp_reply_count":0,"_bbp_total_topic_count":0,"_bbp_total_reply_count":0,"_bbp_voice_count":0,"_bbp_anonymous_reply_count":0,"_bbp_topic_count_hidden":0,"_bbp_reply_count_hidden":0,"_bbp_forum_subforum_count":0,"site-sidebar-layout":"default","site-content-layout":"","ast-site-content-layout":"","site-content-style":"default","site-sidebar-style":"default","ast-global-header-display":"","ast-banner-title-visibility":"","ast-main-header-display":"","ast-hfb-above-header-display":"","ast-hfb-below-header-display":"","ast-hfb-mobile-header-display":"","site-post-title":"","ast-breadcrumbs-content":"","ast-featured-img":"","footer-sml-layout":"","theme-transparent-header-meta":"","adv-header-id-meta":"","stick-header-meta":"","header-above-stick-meta":"","header-main-stick-meta":"","header-below-stick-meta":"","astra-migrate-meta-layouts":"default","ast-page-background-enabled":"default","ast-page-background-meta":{"desktop":{"background-color":"var(--ast-global-color-4)","background-image":"","background-repeat":"repeat","background-position":"center center","background-size":"auto","background-attachment":"scroll","background-type":"","background-media":"","overlay-type":"","overlay-color":"","overlay-opacity":"","overlay-gradient":""},"tablet":{"background-color":"","background-image":"","background-repeat":"repeat","background-position":"center center","background-size":"auto","background-attachment":"scroll","background-type":"","background-media":"","overlay-type":"","overlay-color":"","overlay-opacity":"","overlay-gradient":""},"mobile":{"background-color":"","background-image":"","background-repeat":"repeat","background-position":"center center","background-size":"auto","background-attachment":"scroll","background-type":"","background-media":"","overlay-type":"","overlay-color":"","overlay-opacity":"","overlay-gradient":""}},"ast-content-background-meta":{"desktop":{"background-color":"var(--ast-global-color-5)","background-image":"","background-repeat":"repeat","background-position":"center center","background-size":"auto","background-attachment":"scroll","background-type":"","background-media":"","overlay-type":"","overlay-color":"","overlay-opacity":"","overlay-gradient":""},"tablet":{"background-color":"var(--ast-global-color-5)","background-image":"","background-repeat":"repeat","background-position":"center center","background-size":"auto","background-attachment":"scroll","background-type":"","background-media":"","overlay-type":"","overlay-color":"","overlay-opacity":"","overlay-gradient":""},"mobile":{"background-color":"var(--ast-global-color-5)","background-image":"","background-repeat":"repeat","background-position":"center center","background-size":"auto","background-attachment":"scroll","background-type":"","background-media":"","overlay-type":"","overlay-color":"","overlay-opacity":"","overlay-gradient":""}},"footnotes":""},"categories":[1,4],"tags":[194,149],"class_list":["post-4351","post","type-post","status-publish","format-standard","has-post-thumbnail","hentry","category-general","category-portada","tag-curs-19-20","tag-preinscripcio"],"post_mailing_queue_ids":[],"_links":{"self":[{"href":"https:\/\/agora.xtec.cat\/ceip-peredetera\/wp-json\/wp\/v2\/posts\/4351","targetHints":{"allow":["GET"]}}],"collection":[{"href":"https:\/\/agora.xtec.cat\/ceip-peredetera\/wp-json\/wp\/v2\/posts"}],"about":[{"href":"https:\/\/agora.xtec.cat\/ceip-peredetera\/wp-json\/wp\/v2\/types\/post"}],"author":[{"embeddable":true,"href":"https:\/\/agora.xtec.cat\/ceip-peredetera\/wp-json\/wp\/v2\/users\/1"}],"replies":[{"embeddable":true,"href":"https:\/\/agora.xtec.cat\/ceip-peredetera\/wp-json\/wp\/v2\/comments?post=4351"}],"version-history":[{"count":4,"href":"https:\/\/agora.xtec.cat\/ceip-peredetera\/wp-json\/wp\/v2\/posts\/4351\/revisions"}],"predecessor-version":[{"id":4934,"href":"https:\/\/agora.xtec.cat\/ceip-peredetera\/wp-json\/wp\/v2\/posts\/4351\/revisions\/4934"}],"wp:featuredmedia":[{"embeddable":true,"href":"https:\/\/agora.xtec.cat\/ceip-peredetera\/wp-json\/wp\/v2\/media\/4378"}],"wp:attachment":[{"href":"https:\/\/agora.xtec.cat\/ceip-peredetera\/wp-json\/wp\/v2\/media?parent=4351"}],"wp:term":[{"taxonomy":"category","embeddable":true,"href":"https:\/\/agora.xtec.cat\/ceip-peredetera\/wp-json\/wp\/v2\/categories?post=4351"},{"taxonomy":"post_tag","embeddable":true,"href":"https:\/\/agora.xtec.cat\/ceip-peredetera\/wp-json\/wp\/v2\/tags?post=4351"}],"curies":[{"name":"wp","href":"https:\/\/api.w.org\/{rel}","templated":true}]}}