{"id":4215,"date":"2020-04-27T17:11:18","date_gmt":"2020-04-27T15:11:18","guid":{"rendered":"http:\/\/agora.xtec.cat\/ceip-peredetera\/?p=4215"},"modified":"2020-05-01T21:13:08","modified_gmt":"2020-05-01T19:13:08","slug":"guanyadores-i-guanyador-de-les-confivacances","status":"publish","type":"post","link":"https:\/\/agora.xtec.cat\/ceip-peredetera\/general\/guanyadores-i-guanyador-de-les-confivacances\/","title":{"rendered":"Guanyadores i guanyador de les ConfiVacances"},"content":{"rendered":"<p><span style=\"color: #cc99ff;\"><strong>Ja tenim els 3 guanyadors del concurs de les ConfiVacances moltes felicitats <span style=\"color: #ff6600;\">Malak,<\/span> <span style=\"color: #339966;\">Alae i <\/span><span style=\"color: #3366ff;\">Bojan!!\u00a0<\/span><\/strong><\/span><\/p>\n<p><span style=\"color: #cc99ff;\"><strong>Heu fet unes fotos fant\u00e0stiques i ens han traslladat a una pila de llocs del m\u00f3n.<\/strong><\/span><\/p>\n<p><a href=\"https:\/\/agora.xtec.cat\/ceip-peredetera\/wp-content\/uploads\/usu1268\/2020\/04\/guanyadors-concurs.jpg\"><img loading=\"lazy\" decoding=\"async\" class=\"alignnone size-large wp-image-4216\" src=\"https:\/\/agora.xtec.cat\/ceip-peredetera\/wp-content\/uploads\/usu1268\/2020\/04\/guanyadors-concurs-1024x724.jpg\" alt=\"\" width=\"1024\" height=\"724\" srcset=\"https:\/\/agora.xtec.cat\/ceip-peredetera\/wp-content\/uploads\/usu1268\/2020\/04\/guanyadors-concurs-1024x724.jpg 1024w, https:\/\/agora.xtec.cat\/ceip-peredetera\/wp-content\/uploads\/usu1268\/2020\/04\/guanyadors-concurs-300x212.jpg 300w, https:\/\/agora.xtec.cat\/ceip-peredetera\/wp-content\/uploads\/usu1268\/2020\/04\/guanyadors-concurs-768x543.jpg 768w\" sizes=\"auto, (max-width: 1024px) 100vw, 1024px\" \/><\/a><\/p>\n<p><span style=\"color: #cc99ff;\">Aqu\u00ed us tornem a deixar<\/span> <a href=\"https:\/\/photos.app.goo.gl\/2bPLPmqkccLGeK1ZA\">l&#8217;enlla\u00e7 de totes les fotos<\/a> <span style=\"color: #cc99ff;\">que ens heu enviat fent veure que estaveu de vacances a diferents llocs del m\u00f3n!<\/span><\/p>\n<p><span style=\"color: #cc99ff;\">Tamb\u00e9 hi trobareu penjat el v\u00eddeo muntatge!<\/span><\/p>\n","protected":false},"excerpt":{"rendered":"<p>Ja tenim els 3 guanyadors del concurs de les ConfiVacances moltes felicitats Malak, Alae i Bojan!!\u00a0 Heu fet unes fotos fant\u00e0stiques i ens han traslladat a una pila de llocs del m\u00f3n. Aqu\u00ed us tornem a deixar l&#8217;enlla\u00e7 de totes les fotos que ens heu enviat fent veure que estaveu de vacances a diferents llocs [&hellip;]<\/p>\n","protected":false},"author":4,"featured_media":4216,"comment_status":"closed","ping_status":"closed","sticky":false,"template":"","format":"standard","meta":{"_bbp_topic_count":0,"_bbp_reply_count":0,"_bbp_total_topic_count":0,"_bbp_total_reply_count":0,"_bbp_voice_count":0,"_bbp_anonymous_reply_count":0,"_bbp_topic_count_hidden":0,"_bbp_reply_count_hidden":0,"_bbp_forum_subforum_count":0,"site-sidebar-layout":"default","site-content-layout":"","ast-site-content-layout":"","site-content-style":"default","site-sidebar-style":"default","ast-global-header-display":"","ast-banner-title-visibility":"","ast-main-header-display":"","ast-hfb-above-header-display":"","ast-hfb-below-header-display":"","ast-hfb-mobile-header-display":"","site-post-title":"","ast-breadcrumbs-content":"","ast-featured-img":"","footer-sml-layout":"","theme-transparent-header-meta":"","adv-header-id-meta":"","stick-header-meta":"","header-above-stick-meta":"","header-main-stick-meta":"","header-below-stick-meta":"","astra-migrate-meta-layouts":"default","ast-page-background-enabled":"default","ast-page-background-meta":{"desktop":{"background-color":"var(--ast-global-color-4)","background-image":"","background-repeat":"repeat","background-position":"center center","background-size":"auto","background-attachment":"scroll","background-type":"","background-media":"","overlay-type":"","overlay-color":"","overlay-opacity":"","overlay-gradient":""},"tablet":{"background-color":"","background-image":"","background-repeat":"repeat","background-position":"center center","background-size":"auto","background-attachment":"scroll","background-type":"","background-media":"","overlay-type":"","overlay-color":"","overlay-opacity":"","overlay-gradient":""},"mobile":{"background-color":"","background-image":"","background-repeat":"repeat","background-position":"center center","background-size":"auto","background-attachment":"scroll","background-type":"","background-media":"","overlay-type":"","overlay-color":"","overlay-opacity":"","overlay-gradient":""}},"ast-content-background-meta":{"desktop":{"background-color":"var(--ast-global-color-5)","background-image":"","background-repeat":"repeat","background-position":"center center","background-size":"auto","background-attachment":"scroll","background-type":"","background-media":"","overlay-type":"","overlay-color":"","overlay-opacity":"","overlay-gradient":""},"tablet":{"background-color":"var(--ast-global-color-5)","background-image":"","background-repeat":"repeat","background-position":"center center","background-size":"auto","background-attachment":"scroll","background-type":"","background-media":"","overlay-type":"","overlay-color":"","overlay-opacity":"","overlay-gradient":""},"mobile":{"background-color":"var(--ast-global-color-5)","background-image":"","background-repeat":"repeat","background-position":"center center","background-size":"auto","background-attachment":"scroll","background-type":"","background-media":"","overlay-type":"","overlay-color":"","overlay-opacity":"","overlay-gradient":""}},"footnotes":""},"categories":[11,65,62,1,4,5],"tags":[222,240,194,242,250],"class_list":["post-4215","post","type-post","status-publish","format-standard","has-post-thumbnail","hentry","category-6a-cs","category-6b-cs","category-cm","category-general","category-portada","category-primaria","tag-confinament","tag-confinats","tag-curs-19-20","tag-deures-confinats","tag-vacances"],"post_mailing_queue_ids":[],"_links":{"self":[{"href":"https:\/\/agora.xtec.cat\/ceip-peredetera\/wp-json\/wp\/v2\/posts\/4215","targetHints":{"allow":["GET"]}}],"collection":[{"href":"https:\/\/agora.xtec.cat\/ceip-peredetera\/wp-json\/wp\/v2\/posts"}],"about":[{"href":"https:\/\/agora.xtec.cat\/ceip-peredetera\/wp-json\/wp\/v2\/types\/post"}],"author":[{"embeddable":true,"href":"https:\/\/agora.xtec.cat\/ceip-peredetera\/wp-json\/wp\/v2\/users\/4"}],"replies":[{"embeddable":true,"href":"https:\/\/agora.xtec.cat\/ceip-peredetera\/wp-json\/wp\/v2\/comments?post=4215"}],"version-history":[{"count":3,"href":"https:\/\/agora.xtec.cat\/ceip-peredetera\/wp-json\/wp\/v2\/posts\/4215\/revisions"}],"predecessor-version":[{"id":4219,"href":"https:\/\/agora.xtec.cat\/ceip-peredetera\/wp-json\/wp\/v2\/posts\/4215\/revisions\/4219"}],"wp:featuredmedia":[{"embeddable":true,"href":"https:\/\/agora.xtec.cat\/ceip-peredetera\/wp-json\/wp\/v2\/media\/4216"}],"wp:attachment":[{"href":"https:\/\/agora.xtec.cat\/ceip-peredetera\/wp-json\/wp\/v2\/media?parent=4215"}],"wp:term":[{"taxonomy":"category","embeddable":true,"href":"https:\/\/agora.xtec.cat\/ceip-peredetera\/wp-json\/wp\/v2\/categories?post=4215"},{"taxonomy":"post_tag","embeddable":true,"href":"https:\/\/agora.xtec.cat\/ceip-peredetera\/wp-json\/wp\/v2\/tags?post=4215"}],"curies":[{"name":"wp","href":"https:\/\/api.w.org\/{rel}","templated":true}]}}