{"id":4102,"date":"2020-04-19T11:00:34","date_gmt":"2020-04-19T09:00:34","guid":{"rendered":"http:\/\/agora.xtec.cat\/ceip-peredetera\/?p=4102"},"modified":"2020-04-19T13:46:01","modified_gmt":"2020-04-19T11:46:01","slug":"conte-davui-30","status":"publish","type":"post","link":"https:\/\/agora.xtec.cat\/ceip-peredetera\/general\/conte-davui-30\/","title":{"rendered":"CONTE D&#8217;AVUI 30"},"content":{"rendered":"<p><a href=\"https:\/\/agora.xtec.cat\/ceip-peredetera\/wp-content\/uploads\/usu1268\/2020\/04\/TIERRA-REDONDA.jpg\"><img loading=\"lazy\" decoding=\"async\" class=\"size-full wp-image-4103 alignleft\" src=\"https:\/\/agora.xtec.cat\/ceip-peredetera\/wp-content\/uploads\/usu1268\/2020\/04\/TIERRA-REDONDA.jpg\" alt=\"\" width=\"284\" height=\"177\" \/><\/a>Avui escoltarem el conte <strong>Per qu\u00e8 la Terra \u00e9s rodona, <\/strong>un conte popular magreb\u00ed. Versi\u00f3 d&#8217; <span class=\"wp-playlist-item-meta wp-playlist-item-artist\"><strong>ALI ABDELALI EL AZIZ LARBI<\/strong>. Aquest \u00e9s un conte dins de la col\u00b7lecci\u00f3 &#8220;CONTES DE TOTS COLORS&#8221; on s&#8217;expliquen <\/span><strong style=\"font-family: inherit; font-size: 1em;\"><em>L\u2019Origen de les coses. <\/em><\/strong><span style=\"font-family: inherit; font-size: 1em;\">Narradors i narradores de diferents indrets del m\u00f3n us revelaran, a cau d\u2019orella, l\u2019origen i el perqu\u00e8 d\u2019algunes coses que podeu trobar al vostre voltant\u2026 o al lloc m\u00e9s allunyat de la Terra!\u00a0I tot plegat acompanyat de la m\u00fasica original de CaboSanRoque!<\/span><\/p>\n<section class=\"elementor-element elementor-element-21025bf elementor-section-boxed elementor-section-height-default elementor-section-height-default elementor-section elementor-top-section\" data-id=\"21025bf\" data-element_type=\"section\">\n<div class=\"elementor-container elementor-column-gap-default\">\n<div class=\"elementor-row\">\n<div class=\"elementor-element elementor-element-58b4881 elementor-column elementor-col-50 elementor-top-column\" data-id=\"58b4881\" data-element_type=\"column\">\n<div class=\"elementor-column-wrap elementor-element-populated\">\n<div class=\"elementor-widget-wrap\">\n<div class=\"elementor-element elementor-element-e76c484 elementor-widget elementor-widget-text-editor\" data-id=\"e76c484\" data-element_type=\"widget\" data-widget_type=\"text-editor.default\">\n<div class=\"elementor-widget-container\">\n<div class=\"elementor-text-editor elementor-clearfix\">\n<p>Pengen un conte cada dia. Els podeu trobar en aquesta web: <strong>http:\/\/flicfestival.com\/es\/contes-de-tots-colors\/<\/strong><\/p>\n<\/div>\n<\/div>\n<\/div>\n<\/div>\n<\/div>\n<\/div>\n<\/div>\n<\/div>\n<\/section>\n<p><a href=\"http:\/\/flicfestival.com\/wp-content\/uploads\/2020\/03\/02-Perqu%C3%A8-La-Terra-%C3%89s-Rodona.mp3\">CLIQUEU AQU\u00cd PER ESCOLTAR-LO<\/a><\/p>\n","protected":false},"excerpt":{"rendered":"<p>Avui escoltarem el conte Per qu\u00e8 la Terra \u00e9s rodona, un conte popular magreb\u00ed. Versi\u00f3 d&#8217; ALI ABDELALI EL AZIZ LARBI. Aquest \u00e9s un conte dins de la col\u00b7lecci\u00f3 &#8220;CONTES DE TOTS COLORS&#8221; on s&#8217;expliquen L\u2019Origen de les coses. Narradors i narradores de diferents indrets del m\u00f3n us revelaran, a cau d\u2019orella, l\u2019origen i el [&hellip;]<\/p>\n","protected":false},"author":4,"featured_media":4103,"comment_status":"closed","ping_status":"closed","sticky":false,"template":"","format":"standard","meta":{"_bbp_topic_count":0,"_bbp_reply_count":0,"_bbp_total_topic_count":0,"_bbp_total_reply_count":0,"_bbp_voice_count":0,"_bbp_anonymous_reply_count":0,"_bbp_topic_count_hidden":0,"_bbp_reply_count_hidden":0,"_bbp_forum_subforum_count":0,"site-sidebar-layout":"default","site-content-layout":"","ast-site-content-layout":"","site-content-style":"default","site-sidebar-style":"default","ast-global-header-display":"","ast-banner-title-visibility":"","ast-main-header-display":"","ast-hfb-above-header-display":"","ast-hfb-below-header-display":"","ast-hfb-mobile-header-display":"","site-post-title":"","ast-breadcrumbs-content":"","ast-featured-img":"","footer-sml-layout":"","theme-transparent-header-meta":"","adv-header-id-meta":"","stick-header-meta":"","header-above-stick-meta":"","header-main-stick-meta":"","header-below-stick-meta":"","astra-migrate-meta-layouts":"default","ast-page-background-enabled":"default","ast-page-background-meta":{"desktop":{"background-color":"var(--ast-global-color-4)","background-image":"","background-repeat":"repeat","background-position":"center center","background-size":"auto","background-attachment":"scroll","background-type":"","background-media":"","overlay-type":"","overlay-color":"","overlay-opacity":"","overlay-gradient":""},"tablet":{"background-color":"","background-image":"","background-repeat":"repeat","background-position":"center center","background-size":"auto","background-attachment":"scroll","background-type":"","background-media":"","overlay-type":"","overlay-color":"","overlay-opacity":"","overlay-gradient":""},"mobile":{"background-color":"","background-image":"","background-repeat":"repeat","background-position":"center center","background-size":"auto","background-attachment":"scroll","background-type":"","background-media":"","overlay-type":"","overlay-color":"","overlay-opacity":"","overlay-gradient":""}},"ast-content-background-meta":{"desktop":{"background-color":"var(--ast-global-color-5)","background-image":"","background-repeat":"repeat","background-position":"center center","background-size":"auto","background-attachment":"scroll","background-type":"","background-media":"","overlay-type":"","overlay-color":"","overlay-opacity":"","overlay-gradient":""},"tablet":{"background-color":"var(--ast-global-color-5)","background-image":"","background-repeat":"repeat","background-position":"center center","background-size":"auto","background-attachment":"scroll","background-type":"","background-media":"","overlay-type":"","overlay-color":"","overlay-opacity":"","overlay-gradient":""},"mobile":{"background-color":"var(--ast-global-color-5)","background-image":"","background-repeat":"repeat","background-position":"center center","background-size":"auto","background-attachment":"scroll","background-type":"","background-media":"","overlay-type":"","overlay-color":"","overlay-opacity":"","overlay-gradient":""}},"footnotes":""},"categories":[74,2,1,4,5],"tags":[228,227,194],"class_list":["post-4102","post","type-post","status-publish","format-standard","has-post-thumbnail","hentry","category-biblioteca","category-infantil","category-general","category-portada","category-primaria","tag-audiocontes","tag-covid-19","tag-curs-19-20"],"post_mailing_queue_ids":[],"_links":{"self":[{"href":"https:\/\/agora.xtec.cat\/ceip-peredetera\/wp-json\/wp\/v2\/posts\/4102","targetHints":{"allow":["GET"]}}],"collection":[{"href":"https:\/\/agora.xtec.cat\/ceip-peredetera\/wp-json\/wp\/v2\/posts"}],"about":[{"href":"https:\/\/agora.xtec.cat\/ceip-peredetera\/wp-json\/wp\/v2\/types\/post"}],"author":[{"embeddable":true,"href":"https:\/\/agora.xtec.cat\/ceip-peredetera\/wp-json\/wp\/v2\/users\/4"}],"replies":[{"embeddable":true,"href":"https:\/\/agora.xtec.cat\/ceip-peredetera\/wp-json\/wp\/v2\/comments?post=4102"}],"version-history":[{"count":2,"href":"https:\/\/agora.xtec.cat\/ceip-peredetera\/wp-json\/wp\/v2\/posts\/4102\/revisions"}],"predecessor-version":[{"id":4110,"href":"https:\/\/agora.xtec.cat\/ceip-peredetera\/wp-json\/wp\/v2\/posts\/4102\/revisions\/4110"}],"wp:featuredmedia":[{"embeddable":true,"href":"https:\/\/agora.xtec.cat\/ceip-peredetera\/wp-json\/wp\/v2\/media\/4103"}],"wp:attachment":[{"href":"https:\/\/agora.xtec.cat\/ceip-peredetera\/wp-json\/wp\/v2\/media?parent=4102"}],"wp:term":[{"taxonomy":"category","embeddable":true,"href":"https:\/\/agora.xtec.cat\/ceip-peredetera\/wp-json\/wp\/v2\/categories?post=4102"},{"taxonomy":"post_tag","embeddable":true,"href":"https:\/\/agora.xtec.cat\/ceip-peredetera\/wp-json\/wp\/v2\/tags?post=4102"}],"curies":[{"name":"wp","href":"https:\/\/api.w.org\/{rel}","templated":true}]}}