{"id":4075,"date":"2020-02-14T13:32:18","date_gmt":"2020-02-14T12:32:18","guid":{"rendered":"http:\/\/agora.xtec.cat\/ceip-peredetera\/?p=4075"},"modified":"2020-04-14T13:39:33","modified_gmt":"2020-04-14T11:39:33","slug":"veniu-a-coneixer-la-nostra-escola","status":"publish","type":"post","link":"https:\/\/agora.xtec.cat\/ceip-peredetera\/general\/veniu-a-coneixer-la-nostra-escola\/","title":{"rendered":"VENIU A CON\u00c8IXER LA NOSTRA ESCOLA"},"content":{"rendered":"<p><a href=\"https:\/\/agora.xtec.cat\/ceip-peredetera\/wp-content\/uploads\/usu1268\/2020\/02\/CARTELL-PORTES-OBERTES-IMATGE.png\"><img loading=\"lazy\" decoding=\"async\" class=\"wp-image-3477 alignleft\" src=\"https:\/\/agora.xtec.cat\/ceip-peredetera\/wp-content\/uploads\/usu1268\/2020\/02\/CARTELL-PORTES-OBERTES-IMATGE.png\" alt=\"\" width=\"265\" height=\"377\" srcset=\"https:\/\/agora.xtec.cat\/ceip-peredetera\/wp-content\/uploads\/usu1268\/2020\/02\/CARTELL-PORTES-OBERTES-IMATGE.png 589w, https:\/\/agora.xtec.cat\/ceip-peredetera\/wp-content\/uploads\/usu1268\/2020\/02\/CARTELL-PORTES-OBERTES-IMATGE-211x300.png 211w\" sizes=\"auto, (max-width: 265px) 100vw, 265px\" \/><\/a>Cercar i trobar una escola pels fills i filles, \u00e9s un proc\u00e9s important i que preocupa a totes les fam\u00edlies.<\/p>\n<p>Es tracta de trobar\/ buscar una comunitat i\u00a0un espai f\u00edsic que pel seu estil i forma de fer i per la l\u00ednia educativa, \u00a0els pares i mares us sentiu segurs i conven\u00e7uts de que \u00e9s el millor lloc pel vostre infant.\u00a0Per tothom \u00e9s un pas important per a l\u2019educaci\u00f3 i desenvolupament personal dels infants\u00a0i voleu prendre la millor decisi\u00f3 possible.<\/p>\n<p>Per aix\u00f2 des de l\u2019escola\u00a0Pere de Tera\u00a0volem donar-nos a con\u00e8ixer i us volem facilitar aquesta decisi\u00f3. Volem que tamb\u00e9 conegueu la nostra comunitat educativa a trav\u00e9s de la nostra Web\u00a0 per\u00f2 sobretot que ens vingueu a con\u00e8ixer. Volem acompanyar-vos en el creixement dels vostres fills\/es comen\u00e7ant des del primer moment, i aix\u00f2 vol dir que ja comencem pel\u00a0 proc\u00e9s de preinscripci\u00f3 de cara al curs vinent.<\/p>\n<p>La preinscripci\u00f3 per a les etapes d\u2019Educaci\u00f3 Infantil de segon cicle i Educaci\u00f3 Prim\u00e0ria est\u00e0 prevista pel dies 23 de mar\u00e7 a 1 d\u2019abril. I per aix\u00f2 us convidem a venir a con\u00e8ixe\u2019ns\u00a0 abans d\u2019aquestes dates. Els propers dies dimarts 10 de mar\u00e7 a les 15:15 i el dissabte 14 a les 10:30!<\/p>\n<p>Per qualsevol cosa ens podeu contactar al tel\u00e8fon\u00a093.387.01.03\u00a0 o a l\u2019email\u00a0a8035878@xtec.cat<\/p>\n<p>Hi sou tots molt benvinguts!!<\/p>\n","protected":false},"excerpt":{"rendered":"<p>Cercar i trobar una escola pels fills i filles, \u00e9s un proc\u00e9s important i que preocupa a totes les fam\u00edlies. Es tracta de trobar\/ buscar una comunitat i\u00a0un espai f\u00edsic que pel seu estil i forma de fer i per la l\u00ednia educativa, \u00a0els pares i mares us sentiu segurs i conven\u00e7uts de que \u00e9s [&hellip;]<\/p>\n","protected":false},"author":1,"featured_media":3477,"comment_status":"open","ping_status":"closed","sticky":false,"template":"","format":"standard","meta":{"_bbp_topic_count":0,"_bbp_reply_count":0,"_bbp_total_topic_count":0,"_bbp_total_reply_count":0,"_bbp_voice_count":0,"_bbp_anonymous_reply_count":0,"_bbp_topic_count_hidden":0,"_bbp_reply_count_hidden":0,"_bbp_forum_subforum_count":0,"site-sidebar-layout":"default","site-content-layout":"","ast-site-content-layout":"","site-content-style":"default","site-sidebar-style":"default","ast-global-header-display":"","ast-banner-title-visibility":"","ast-main-header-display":"","ast-hfb-above-header-display":"","ast-hfb-below-header-display":"","ast-hfb-mobile-header-display":"","site-post-title":"","ast-breadcrumbs-content":"","ast-featured-img":"","footer-sml-layout":"","theme-transparent-header-meta":"","adv-header-id-meta":"","stick-header-meta":"","header-above-stick-meta":"","header-main-stick-meta":"","header-below-stick-meta":"","astra-migrate-meta-layouts":"default","ast-page-background-enabled":"default","ast-page-background-meta":{"desktop":{"background-color":"var(--ast-global-color-4)","background-image":"","background-repeat":"repeat","background-position":"center center","background-size":"auto","background-attachment":"scroll","background-type":"","background-media":"","overlay-type":"","overlay-color":"","overlay-opacity":"","overlay-gradient":""},"tablet":{"background-color":"","background-image":"","background-repeat":"repeat","background-position":"center center","background-size":"auto","background-attachment":"scroll","background-type":"","background-media":"","overlay-type":"","overlay-color":"","overlay-opacity":"","overlay-gradient":""},"mobile":{"background-color":"","background-image":"","background-repeat":"repeat","background-position":"center center","background-size":"auto","background-attachment":"scroll","background-type":"","background-media":"","overlay-type":"","overlay-color":"","overlay-opacity":"","overlay-gradient":""}},"ast-content-background-meta":{"desktop":{"background-color":"var(--ast-global-color-5)","background-image":"","background-repeat":"repeat","background-position":"center center","background-size":"auto","background-attachment":"scroll","background-type":"","background-media":"","overlay-type":"","overlay-color":"","overlay-opacity":"","overlay-gradient":""},"tablet":{"background-color":"var(--ast-global-color-5)","background-image":"","background-repeat":"repeat","background-position":"center center","background-size":"auto","background-attachment":"scroll","background-type":"","background-media":"","overlay-type":"","overlay-color":"","overlay-opacity":"","overlay-gradient":""},"mobile":{"background-color":"var(--ast-global-color-5)","background-image":"","background-repeat":"repeat","background-position":"center center","background-size":"auto","background-attachment":"scroll","background-type":"","background-media":"","overlay-type":"","overlay-color":"","overlay-opacity":"","overlay-gradient":""}},"footnotes":""},"categories":[1],"tags":[],"class_list":["post-4075","post","type-post","status-publish","format-standard","has-post-thumbnail","hentry","category-general"],"post_mailing_queue_ids":[],"_links":{"self":[{"href":"https:\/\/agora.xtec.cat\/ceip-peredetera\/wp-json\/wp\/v2\/posts\/4075","targetHints":{"allow":["GET"]}}],"collection":[{"href":"https:\/\/agora.xtec.cat\/ceip-peredetera\/wp-json\/wp\/v2\/posts"}],"about":[{"href":"https:\/\/agora.xtec.cat\/ceip-peredetera\/wp-json\/wp\/v2\/types\/post"}],"author":[{"embeddable":true,"href":"https:\/\/agora.xtec.cat\/ceip-peredetera\/wp-json\/wp\/v2\/users\/1"}],"replies":[{"embeddable":true,"href":"https:\/\/agora.xtec.cat\/ceip-peredetera\/wp-json\/wp\/v2\/comments?post=4075"}],"version-history":[{"count":2,"href":"https:\/\/agora.xtec.cat\/ceip-peredetera\/wp-json\/wp\/v2\/posts\/4075\/revisions"}],"predecessor-version":[{"id":4704,"href":"https:\/\/agora.xtec.cat\/ceip-peredetera\/wp-json\/wp\/v2\/posts\/4075\/revisions\/4704"}],"wp:featuredmedia":[{"embeddable":true,"href":"https:\/\/agora.xtec.cat\/ceip-peredetera\/wp-json\/wp\/v2\/media\/3477"}],"wp:attachment":[{"href":"https:\/\/agora.xtec.cat\/ceip-peredetera\/wp-json\/wp\/v2\/media?parent=4075"}],"wp:term":[{"taxonomy":"category","embeddable":true,"href":"https:\/\/agora.xtec.cat\/ceip-peredetera\/wp-json\/wp\/v2\/categories?post=4075"},{"taxonomy":"post_tag","embeddable":true,"href":"https:\/\/agora.xtec.cat\/ceip-peredetera\/wp-json\/wp\/v2\/tags?post=4075"}],"curies":[{"name":"wp","href":"https:\/\/api.w.org\/{rel}","templated":true}]}}