{"id":3913,"date":"2020-04-06T09:00:32","date_gmt":"2020-04-06T07:00:32","guid":{"rendered":"http:\/\/agora.xtec.cat\/ceip-peredetera\/?p=3913"},"modified":"2020-04-07T21:26:16","modified_gmt":"2020-04-07T19:26:16","slug":"aquesta-setmana-santa","status":"publish","type":"post","link":"https:\/\/agora.xtec.cat\/ceip-peredetera\/general\/aquesta-setmana-santa\/","title":{"rendered":"AQUESTA SETMANA SANTA&#8230;&#8230;.."},"content":{"rendered":"<p>Aq<img loading=\"lazy\" decoding=\"async\" class=\" wp-image-3916 alignleft\" src=\"https:\/\/agora.xtec.cat\/ceip-peredetera\/wp-content\/uploads\/usu1268\/2020\/03\/Per-SETMANA-SANTA-120x300.jpg\" alt=\"\" width=\"168\" height=\"420\" srcset=\"https:\/\/agora.xtec.cat\/ceip-peredetera\/wp-content\/uploads\/usu1268\/2020\/03\/Per-SETMANA-SANTA-120x300.jpg 120w, https:\/\/agora.xtec.cat\/ceip-peredetera\/wp-content\/uploads\/usu1268\/2020\/03\/Per-SETMANA-SANTA-768x1920.jpg 768w, https:\/\/agora.xtec.cat\/ceip-peredetera\/wp-content\/uploads\/usu1268\/2020\/03\/Per-SETMANA-SANTA-410x1024.jpg 410w, https:\/\/agora.xtec.cat\/ceip-peredetera\/wp-content\/uploads\/usu1268\/2020\/03\/Per-SETMANA-SANTA.jpg 800w\" sizes=\"auto, (max-width: 168px) 100vw, 168px\" \/><span style=\"font-family: inherit; font-size: 1em;\">uestes vacances de Setmana Santa seran molt diferents per\u00f2 alhora tamb\u00e9 seran una experi\u00e8ncia que recordarem\u00a0 sempre. Aprofitem per fer coses que ens agradin i que moltes vegades no tenim t<\/span><span style=\"font-family: inherit; font-size: 1em;\">emps de fer perqu\u00e8 sempre estem molt ocupats! Fem que aquests dies de #joemquedoacasa siguin enriquidors, divertits, plens&#8230;.. Procurem cuidar-nos molt entre nosaltres, relacionar-nos amb els que no estan a casa com poguem i sentir des del cor que tots ens estimem i ens trobem a faltar.<\/span><\/p>\n<p>Des del cole, us volem donar algunes idees de coses xules que podeu fer, per\u00f2 s\u00f3n nom\u00e9s idees, trobeu les vostres personals i procureu gaudir molt, molt\u00edsssim!<\/p>\n<p>Ens agradaria molt que ens enviessiu petits videos, fets amb el m\u00f2bil o amb tauleta (en horitzontal) mostrant alguna cosa que feu que us agradi molt. Un cop gravats, heu de crear un enlla\u00e7 amb el Google Photos i enviar-nos-el al web de l&#8217;escola a8035878@xtec.cat.<\/p>\n<p><a href=\"https:\/\/agora.xtec.cat\/ceip-peredetera\/wp-content\/uploads\/usu1268\/2020\/03\/Per-SETMANA-SANTA.jpg\">Vinga, va, que us volem veure, que us enyorem mogoll\u00f3n!!<br \/>\n<\/a><\/p>\n","protected":false},"excerpt":{"rendered":"<p>Aquestes vacances de Setmana Santa seran molt diferents per\u00f2 alhora tamb\u00e9 seran una experi\u00e8ncia que recordarem\u00a0 sempre. Aprofitem per fer coses que ens agradin i que moltes vegades no tenim temps de fer perqu\u00e8 sempre estem molt ocupats! Fem que aquests dies de #joemquedoacasa siguin enriquidors, divertits, plens&#8230;.. Procurem cuidar-nos molt entre nosaltres, relacionar-nos amb [&hellip;]<\/p>\n","protected":false},"author":4,"featured_media":3916,"comment_status":"open","ping_status":"closed","sticky":false,"template":"","format":"standard","meta":{"_bbp_topic_count":0,"_bbp_reply_count":0,"_bbp_total_topic_count":0,"_bbp_total_reply_count":0,"_bbp_voice_count":0,"_bbp_anonymous_reply_count":0,"_bbp_topic_count_hidden":0,"_bbp_reply_count_hidden":0,"_bbp_forum_subforum_count":0,"site-sidebar-layout":"default","site-content-layout":"","ast-site-content-layout":"","site-content-style":"default","site-sidebar-style":"default","ast-global-header-display":"","ast-banner-title-visibility":"","ast-main-header-display":"","ast-hfb-above-header-display":"","ast-hfb-below-header-display":"","ast-hfb-mobile-header-display":"","site-post-title":"","ast-breadcrumbs-content":"","ast-featured-img":"","footer-sml-layout":"","theme-transparent-header-meta":"","adv-header-id-meta":"","stick-header-meta":"","header-above-stick-meta":"","header-main-stick-meta":"","header-below-stick-meta":"","astra-migrate-meta-layouts":"default","ast-page-background-enabled":"default","ast-page-background-meta":{"desktop":{"background-color":"var(--ast-global-color-4)","background-image":"","background-repeat":"repeat","background-position":"center center","background-size":"auto","background-attachment":"scroll","background-type":"","background-media":"","overlay-type":"","overlay-color":"","overlay-opacity":"","overlay-gradient":""},"tablet":{"background-color":"","background-image":"","background-repeat":"repeat","background-position":"center center","background-size":"auto","background-attachment":"scroll","background-type":"","background-media":"","overlay-type":"","overlay-color":"","overlay-opacity":"","overlay-gradient":""},"mobile":{"background-color":"","background-image":"","background-repeat":"repeat","background-position":"center center","background-size":"auto","background-attachment":"scroll","background-type":"","background-media":"","overlay-type":"","overlay-color":"","overlay-opacity":"","overlay-gradient":""}},"ast-content-background-meta":{"desktop":{"background-color":"var(--ast-global-color-5)","background-image":"","background-repeat":"repeat","background-position":"center center","background-size":"auto","background-attachment":"scroll","background-type":"","background-media":"","overlay-type":"","overlay-color":"","overlay-opacity":"","overlay-gradient":""},"tablet":{"background-color":"var(--ast-global-color-5)","background-image":"","background-repeat":"repeat","background-position":"center center","background-size":"auto","background-attachment":"scroll","background-type":"","background-media":"","overlay-type":"","overlay-color":"","overlay-opacity":"","overlay-gradient":""},"mobile":{"background-color":"var(--ast-global-color-5)","background-image":"","background-repeat":"repeat","background-position":"center center","background-size":"auto","background-attachment":"scroll","background-type":"","background-media":"","overlay-type":"","overlay-color":"","overlay-opacity":"","overlay-gradient":""}},"footnotes":""},"categories":[2,1,4,5],"tags":[],"class_list":["post-3913","post","type-post","status-publish","format-standard","has-post-thumbnail","hentry","category-infantil","category-general","category-portada","category-primaria"],"post_mailing_queue_ids":[],"_links":{"self":[{"href":"https:\/\/agora.xtec.cat\/ceip-peredetera\/wp-json\/wp\/v2\/posts\/3913","targetHints":{"allow":["GET"]}}],"collection":[{"href":"https:\/\/agora.xtec.cat\/ceip-peredetera\/wp-json\/wp\/v2\/posts"}],"about":[{"href":"https:\/\/agora.xtec.cat\/ceip-peredetera\/wp-json\/wp\/v2\/types\/post"}],"author":[{"embeddable":true,"href":"https:\/\/agora.xtec.cat\/ceip-peredetera\/wp-json\/wp\/v2\/users\/4"}],"replies":[{"embeddable":true,"href":"https:\/\/agora.xtec.cat\/ceip-peredetera\/wp-json\/wp\/v2\/comments?post=3913"}],"version-history":[{"count":4,"href":"https:\/\/agora.xtec.cat\/ceip-peredetera\/wp-json\/wp\/v2\/posts\/3913\/revisions"}],"predecessor-version":[{"id":4033,"href":"https:\/\/agora.xtec.cat\/ceip-peredetera\/wp-json\/wp\/v2\/posts\/3913\/revisions\/4033"}],"wp:featuredmedia":[{"embeddable":true,"href":"https:\/\/agora.xtec.cat\/ceip-peredetera\/wp-json\/wp\/v2\/media\/3916"}],"wp:attachment":[{"href":"https:\/\/agora.xtec.cat\/ceip-peredetera\/wp-json\/wp\/v2\/media?parent=3913"}],"wp:term":[{"taxonomy":"category","embeddable":true,"href":"https:\/\/agora.xtec.cat\/ceip-peredetera\/wp-json\/wp\/v2\/categories?post=3913"},{"taxonomy":"post_tag","embeddable":true,"href":"https:\/\/agora.xtec.cat\/ceip-peredetera\/wp-json\/wp\/v2\/tags?post=3913"}],"curies":[{"name":"wp","href":"https:\/\/api.w.org\/{rel}","templated":true}]}}