{"id":3811,"date":"2020-03-24T00:46:23","date_gmt":"2020-03-23T23:46:23","guid":{"rendered":"http:\/\/agora.xtec.cat\/ceip-peredetera\/?p=3811"},"modified":"2020-04-01T00:52:30","modified_gmt":"2020-03-31T22:52:30","slug":"propostes-de-tasques-per-p5","status":"publish","type":"post","link":"https:\/\/agora.xtec.cat\/ceip-peredetera\/general\/propostes-de-tasques-per-p5\/","title":{"rendered":"PROPOSTA DE TASQUES PER P5"},"content":{"rendered":"<div dir=\"auto\"><a href=\"https:\/\/docs.google.com\/document\/d\/1qNPQewSKkWqR-1uNyBF88FTCgseLBQCvn-7ptYb0Y4A\/edit?usp=sharing\"><img loading=\"lazy\" decoding=\"async\" class=\"alignleft wp-image-3799\" src=\"https:\/\/agora.xtec.cat\/ceip-peredetera\/wp-content\/uploads\/usu1268\/2020\/03\/3-1024x576.jpg\" alt=\"\" width=\"452\" height=\"254\" srcset=\"https:\/\/agora.xtec.cat\/ceip-peredetera\/wp-content\/uploads\/usu1268\/2020\/03\/3-1024x576.jpg 1024w, https:\/\/agora.xtec.cat\/ceip-peredetera\/wp-content\/uploads\/usu1268\/2020\/03\/3-300x169.jpg 300w, https:\/\/agora.xtec.cat\/ceip-peredetera\/wp-content\/uploads\/usu1268\/2020\/03\/3-768x432.jpg 768w\" sizes=\"auto, (max-width: 452px) 100vw, 452px\" \/><\/a>Benvolgudes fam\u00edlies, esperem que estigueu tots molt b\u00e9.<\/div>\n<div dir=\"auto\"><\/div>\n<div dir=\"auto\">Us fem arribar una nova proposta d&#8217;activitats recomanades.<\/div>\n<div dir=\"auto\">Aquesta vegada les hem estructurat per dies i \u00e0rees amb la finalitat d&#8217;ajudar en la vostra organitzaci\u00f3 i\u00a0 que el vostre fill o filla pugui seguir treballant els aprenentatges fets fins ara.<\/div>\n<div dir=\"auto\"><\/div>\n<div dir=\"auto\">Aquestes activitats no s\u00f3n avaluables i deixem sota el vostre criteri l&#8217;ordre en que les porteu a terme.<\/div>\n<div dir=\"auto\"><\/div>\n<div dir=\"auto\">La setmana vinent us farem arribar una nova proposta.<\/div>\n<div dir=\"auto\"><\/div>\n<div dir=\"auto\">Aprofitem per demanar-vos que us quedeu a casa i enviar-vos molta energia.<\/div>\n<div dir=\"auto\"><\/div>\n<div dir=\"auto\">#joemquedoacasa<\/div>\n<p>#totanirabe<\/p>\n<p><a href=\"https:\/\/docs.google.com\/document\/d\/1qNPQewSKkWqR-1uNyBF88FTCgseLBQCvn-7ptYb0Y4A\/edit?usp=sharing\">CLICA AQU\u00cd<\/a><\/p>\n","protected":false},"excerpt":{"rendered":"<p>Benvolgudes fam\u00edlies, esperem que estigueu tots molt b\u00e9. Us fem arribar una nova proposta d&#8217;activitats recomanades. Aquesta vegada les hem estructurat per dies i \u00e0rees amb la finalitat d&#8217;ajudar en la vostra organitzaci\u00f3 i\u00a0 que el vostre fill o filla pugui seguir treballant els aprenentatges fets fins ara. Aquestes activitats no s\u00f3n avaluables i deixem [&hellip;]<\/p>\n","protected":false},"author":1,"featured_media":3799,"comment_status":"closed","ping_status":"closed","sticky":false,"template":"","format":"standard","meta":{"_bbp_topic_count":0,"_bbp_reply_count":0,"_bbp_total_topic_count":0,"_bbp_total_reply_count":0,"_bbp_voice_count":0,"_bbp_anonymous_reply_count":0,"_bbp_topic_count_hidden":0,"_bbp_reply_count_hidden":0,"_bbp_forum_subforum_count":0,"site-sidebar-layout":"default","site-content-layout":"","ast-site-content-layout":"","site-content-style":"default","site-sidebar-style":"default","ast-global-header-display":"","ast-banner-title-visibility":"","ast-main-header-display":"","ast-hfb-above-header-display":"","ast-hfb-below-header-display":"","ast-hfb-mobile-header-display":"","site-post-title":"","ast-breadcrumbs-content":"","ast-featured-img":"","footer-sml-layout":"","theme-transparent-header-meta":"","adv-header-id-meta":"","stick-header-meta":"","header-above-stick-meta":"","header-main-stick-meta":"","header-below-stick-meta":"","astra-migrate-meta-layouts":"default","ast-page-background-enabled":"default","ast-page-background-meta":{"desktop":{"background-color":"var(--ast-global-color-4)","background-image":"","background-repeat":"repeat","background-position":"center center","background-size":"auto","background-attachment":"scroll","background-type":"","background-media":"","overlay-type":"","overlay-color":"","overlay-opacity":"","overlay-gradient":""},"tablet":{"background-color":"","background-image":"","background-repeat":"repeat","background-position":"center center","background-size":"auto","background-attachment":"scroll","background-type":"","background-media":"","overlay-type":"","overlay-color":"","overlay-opacity":"","overlay-gradient":""},"mobile":{"background-color":"","background-image":"","background-repeat":"repeat","background-position":"center center","background-size":"auto","background-attachment":"scroll","background-type":"","background-media":"","overlay-type":"","overlay-color":"","overlay-opacity":"","overlay-gradient":""}},"ast-content-background-meta":{"desktop":{"background-color":"var(--ast-global-color-5)","background-image":"","background-repeat":"repeat","background-position":"center center","background-size":"auto","background-attachment":"scroll","background-type":"","background-media":"","overlay-type":"","overlay-color":"","overlay-opacity":"","overlay-gradient":""},"tablet":{"background-color":"var(--ast-global-color-5)","background-image":"","background-repeat":"repeat","background-position":"center center","background-size":"auto","background-attachment":"scroll","background-type":"","background-media":"","overlay-type":"","overlay-color":"","overlay-opacity":"","overlay-gradient":""},"mobile":{"background-color":"var(--ast-global-color-5)","background-image":"","background-repeat":"repeat","background-position":"center center","background-size":"auto","background-attachment":"scroll","background-type":"","background-media":"","overlay-type":"","overlay-color":"","overlay-opacity":"","overlay-gradient":""}},"footnotes":""},"categories":[59,2,1,4],"tags":[222,232,241,231],"class_list":["post-3811","post","type-post","status-publish","format-standard","has-post-thumbnail","hentry","category-5-cg","category-infantil","category-general","category-portada","tag-confinament","tag-curs","tag-propostes-confinament","tag-tasques-p5"],"post_mailing_queue_ids":[],"_links":{"self":[{"href":"https:\/\/agora.xtec.cat\/ceip-peredetera\/wp-json\/wp\/v2\/posts\/3811","targetHints":{"allow":["GET"]}}],"collection":[{"href":"https:\/\/agora.xtec.cat\/ceip-peredetera\/wp-json\/wp\/v2\/posts"}],"about":[{"href":"https:\/\/agora.xtec.cat\/ceip-peredetera\/wp-json\/wp\/v2\/types\/post"}],"author":[{"embeddable":true,"href":"https:\/\/agora.xtec.cat\/ceip-peredetera\/wp-json\/wp\/v2\/users\/1"}],"replies":[{"embeddable":true,"href":"https:\/\/agora.xtec.cat\/ceip-peredetera\/wp-json\/wp\/v2\/comments?post=3811"}],"version-history":[{"count":4,"href":"https:\/\/agora.xtec.cat\/ceip-peredetera\/wp-json\/wp\/v2\/posts\/3811\/revisions"}],"predecessor-version":[{"id":3877,"href":"https:\/\/agora.xtec.cat\/ceip-peredetera\/wp-json\/wp\/v2\/posts\/3811\/revisions\/3877"}],"wp:featuredmedia":[{"embeddable":true,"href":"https:\/\/agora.xtec.cat\/ceip-peredetera\/wp-json\/wp\/v2\/media\/3799"}],"wp:attachment":[{"href":"https:\/\/agora.xtec.cat\/ceip-peredetera\/wp-json\/wp\/v2\/media?parent=3811"}],"wp:term":[{"taxonomy":"category","embeddable":true,"href":"https:\/\/agora.xtec.cat\/ceip-peredetera\/wp-json\/wp\/v2\/categories?post=3811"},{"taxonomy":"post_tag","embeddable":true,"href":"https:\/\/agora.xtec.cat\/ceip-peredetera\/wp-json\/wp\/v2\/tags?post=3811"}],"curies":[{"name":"wp","href":"https:\/\/api.w.org\/{rel}","templated":true}]}}