{"id":3782,"date":"2020-03-25T09:00:08","date_gmt":"2020-03-25T08:00:08","guid":{"rendered":"http:\/\/agora.xtec.cat\/ceip-peredetera\/?p=3782"},"modified":"2020-05-01T21:06:52","modified_gmt":"2020-05-01T19:06:52","slug":"testimo-quasi-sempre","status":"publish","type":"post","link":"https:\/\/agora.xtec.cat\/ceip-peredetera\/general\/testimo-quasi-sempre\/","title":{"rendered":"CONTE D&#8217;AVUI 5"},"content":{"rendered":"<p><a href=\"https:\/\/agora.xtec.cat\/ceip-peredetera\/wp-content\/uploads\/usu1268\/2020\/03\/IMG-20200322-WA0045.jpg\"><img loading=\"lazy\" decoding=\"async\" class=\" wp-image-3783 alignleft\" src=\"https:\/\/agora.xtec.cat\/ceip-peredetera\/wp-content\/uploads\/usu1268\/2020\/03\/IMG-20200322-WA0045-1024x1003.jpg\" alt=\"\" width=\"290\" height=\"284\" srcset=\"https:\/\/agora.xtec.cat\/ceip-peredetera\/wp-content\/uploads\/usu1268\/2020\/03\/IMG-20200322-WA0045-1024x1003.jpg 1024w, https:\/\/agora.xtec.cat\/ceip-peredetera\/wp-content\/uploads\/usu1268\/2020\/03\/IMG-20200322-WA0045-300x294.jpg 300w, https:\/\/agora.xtec.cat\/ceip-peredetera\/wp-content\/uploads\/usu1268\/2020\/03\/IMG-20200322-WA0045-768x752.jpg 768w, https:\/\/agora.xtec.cat\/ceip-peredetera\/wp-content\/uploads\/usu1268\/2020\/03\/IMG-20200322-WA0045.jpg 2048w\" sizes=\"auto, (max-width: 290px) 100vw, 290px\" \/><\/a><\/p>\n<h3><span style=\"color: #3366ff;\">T&#8217;ESTIMO (quasi sempre)<\/span><\/h3>\n<p>Aq<span style=\"font-family: inherit; font-size: 1em;\">u\u00ed teniu un altre conte per escoltar i gaudir!<\/span><\/p>\n<p>Avui el Ra\u00fal us llegir\u00e0 un conte: <span style=\"color: #3366ff;\">T&#8217;ESTIMO (quasi sempre),\u00a0<\/span> de l&#8217;escriptora Anna Llenas.<\/p>\n<p>Alg\u00fa el coneix? No, doncs a veure qu\u00e8 passar\u00e0!<\/p>\n<p>Desitgem que us agradi molt!<\/p>\n<p><a href=\"https:\/\/drive.google.com\/file\/d\/1lw0sowwxeAKD6xsiCKMn-TK01Lvf0RSa\/view?usp=sharing\">CLIQUEU AQU\u00cd PER ESCOLTAR-LO<\/a><\/p>\n<p>&nbsp;<\/p>\n","protected":false},"excerpt":{"rendered":"<p>T&#8217;ESTIMO (quasi sempre) Aqu\u00ed teniu un altre conte per escoltar i gaudir! Avui el Ra\u00fal us llegir\u00e0 un conte: T&#8217;ESTIMO (quasi sempre),\u00a0 de l&#8217;escriptora Anna Llenas. Alg\u00fa el coneix? No, doncs a veure qu\u00e8 passar\u00e0! Desitgem que us agradi molt! CLIQUEU AQU\u00cd PER ESCOLTAR-LO &nbsp;<\/p>\n","protected":false},"author":1,"featured_media":3783,"comment_status":"closed","ping_status":"closed","sticky":false,"template":"","format":"standard","meta":{"_bbp_topic_count":0,"_bbp_reply_count":0,"_bbp_total_topic_count":0,"_bbp_total_reply_count":0,"_bbp_voice_count":0,"_bbp_anonymous_reply_count":0,"_bbp_topic_count_hidden":0,"_bbp_reply_count_hidden":0,"_bbp_forum_subforum_count":0,"site-sidebar-layout":"default","site-content-layout":"","ast-site-content-layout":"","site-content-style":"default","site-sidebar-style":"default","ast-global-header-display":"","ast-banner-title-visibility":"","ast-main-header-display":"","ast-hfb-above-header-display":"","ast-hfb-below-header-display":"","ast-hfb-mobile-header-display":"","site-post-title":"","ast-breadcrumbs-content":"","ast-featured-img":"","footer-sml-layout":"","theme-transparent-header-meta":"","adv-header-id-meta":"","stick-header-meta":"","header-above-stick-meta":"","header-main-stick-meta":"","header-below-stick-meta":"","astra-migrate-meta-layouts":"default","ast-page-background-enabled":"default","ast-page-background-meta":{"desktop":{"background-color":"var(--ast-global-color-4)","background-image":"","background-repeat":"repeat","background-position":"center center","background-size":"auto","background-attachment":"scroll","background-type":"","background-media":"","overlay-type":"","overlay-color":"","overlay-opacity":"","overlay-gradient":""},"tablet":{"background-color":"","background-image":"","background-repeat":"repeat","background-position":"center center","background-size":"auto","background-attachment":"scroll","background-type":"","background-media":"","overlay-type":"","overlay-color":"","overlay-opacity":"","overlay-gradient":""},"mobile":{"background-color":"","background-image":"","background-repeat":"repeat","background-position":"center center","background-size":"auto","background-attachment":"scroll","background-type":"","background-media":"","overlay-type":"","overlay-color":"","overlay-opacity":"","overlay-gradient":""}},"ast-content-background-meta":{"desktop":{"background-color":"var(--ast-global-color-5)","background-image":"","background-repeat":"repeat","background-position":"center center","background-size":"auto","background-attachment":"scroll","background-type":"","background-media":"","overlay-type":"","overlay-color":"","overlay-opacity":"","overlay-gradient":""},"tablet":{"background-color":"var(--ast-global-color-5)","background-image":"","background-repeat":"repeat","background-position":"center center","background-size":"auto","background-attachment":"scroll","background-type":"","background-media":"","overlay-type":"","overlay-color":"","overlay-opacity":"","overlay-gradient":""},"mobile":{"background-color":"var(--ast-global-color-5)","background-image":"","background-repeat":"repeat","background-position":"center center","background-size":"auto","background-attachment":"scroll","background-type":"","background-media":"","overlay-type":"","overlay-color":"","overlay-opacity":"","overlay-gradient":""}},"footnotes":""},"categories":[74,62,63,61,2,1,4],"tags":[228,222,240,227,194],"class_list":["post-3782","post","type-post","status-publish","format-standard","has-post-thumbnail","hentry","category-biblioteca","category-cm","category-cs","category-ci","category-infantil","category-general","category-portada","tag-audiocontes","tag-confinament","tag-confinats","tag-covid-19","tag-curs-19-20"],"post_mailing_queue_ids":[],"_links":{"self":[{"href":"https:\/\/agora.xtec.cat\/ceip-peredetera\/wp-json\/wp\/v2\/posts\/3782","targetHints":{"allow":["GET"]}}],"collection":[{"href":"https:\/\/agora.xtec.cat\/ceip-peredetera\/wp-json\/wp\/v2\/posts"}],"about":[{"href":"https:\/\/agora.xtec.cat\/ceip-peredetera\/wp-json\/wp\/v2\/types\/post"}],"author":[{"embeddable":true,"href":"https:\/\/agora.xtec.cat\/ceip-peredetera\/wp-json\/wp\/v2\/users\/1"}],"replies":[{"embeddable":true,"href":"https:\/\/agora.xtec.cat\/ceip-peredetera\/wp-json\/wp\/v2\/comments?post=3782"}],"version-history":[{"count":3,"href":"https:\/\/agora.xtec.cat\/ceip-peredetera\/wp-json\/wp\/v2\/posts\/3782\/revisions"}],"predecessor-version":[{"id":4013,"href":"https:\/\/agora.xtec.cat\/ceip-peredetera\/wp-json\/wp\/v2\/posts\/3782\/revisions\/4013"}],"wp:featuredmedia":[{"embeddable":true,"href":"https:\/\/agora.xtec.cat\/ceip-peredetera\/wp-json\/wp\/v2\/media\/3783"}],"wp:attachment":[{"href":"https:\/\/agora.xtec.cat\/ceip-peredetera\/wp-json\/wp\/v2\/media?parent=3782"}],"wp:term":[{"taxonomy":"category","embeddable":true,"href":"https:\/\/agora.xtec.cat\/ceip-peredetera\/wp-json\/wp\/v2\/categories?post=3782"},{"taxonomy":"post_tag","embeddable":true,"href":"https:\/\/agora.xtec.cat\/ceip-peredetera\/wp-json\/wp\/v2\/tags?post=3782"}],"curies":[{"name":"wp","href":"https:\/\/api.w.org\/{rel}","templated":true}]}}