{"id":3695,"date":"2020-03-03T18:26:03","date_gmt":"2020-03-03T17:26:03","guid":{"rendered":"http:\/\/agora.xtec.cat\/ceip-peredetera\/?p=3695"},"modified":"2020-05-01T21:16:12","modified_gmt":"2020-05-01T19:16:12","slug":"carnaval-a-cicle-mitja","status":"publish","type":"post","link":"https:\/\/agora.xtec.cat\/ceip-peredetera\/general\/carnaval-a-cicle-mitja\/","title":{"rendered":"Carnaval a Cicle Mitj\u00e0"},"content":{"rendered":"<p><span style=\"color: #ff6600;\"><strong>Aquest any hem <span style=\"color: #99cc00;\">viscut un<\/span> <span style=\"color: #ff00ff;\">s\u00faper Carnaval mar\u00edtim!<\/span><span style=\"color: #3366ff;\"> Mireu quina passada<\/span> <span style=\"color: #ff0000;\">de disfresses vam<\/span> <span style=\"color: #ffcc00;\">portar el divendres durant<\/span> <span style=\"color: #008000;\">la rua les nenes i<\/span> nens de tercer i quart!<\/strong><\/span><\/p>\n<p><a href=\"https:\/\/photos.app.goo.gl\/aTHcemAzh4BwiXpA6\">Aqu\u00ed teniu l&#8217;enlla\u00e7 amb les fotos.<\/a><\/p>\n<p><a href=\"https:\/\/agora.xtec.cat\/ceip-peredetera\/wp-content\/uploads\/usu1268\/2020\/03\/5c697b75-0311-4216-93a3-1ededf1da53c.jpg\"><img loading=\"lazy\" decoding=\"async\" class=\"alignnone wp-image-3696\" src=\"https:\/\/agora.xtec.cat\/ceip-peredetera\/wp-content\/uploads\/usu1268\/2020\/03\/5c697b75-0311-4216-93a3-1ededf1da53c-1024x768.jpg\" alt=\"\" width=\"391\" height=\"293\" srcset=\"https:\/\/agora.xtec.cat\/ceip-peredetera\/wp-content\/uploads\/usu1268\/2020\/03\/5c697b75-0311-4216-93a3-1ededf1da53c.jpg 1024w, https:\/\/agora.xtec.cat\/ceip-peredetera\/wp-content\/uploads\/usu1268\/2020\/03\/5c697b75-0311-4216-93a3-1ededf1da53c-300x225.jpg 300w, https:\/\/agora.xtec.cat\/ceip-peredetera\/wp-content\/uploads\/usu1268\/2020\/03\/5c697b75-0311-4216-93a3-1ededf1da53c-768x576.jpg 768w, https:\/\/agora.xtec.cat\/ceip-peredetera\/wp-content\/uploads\/usu1268\/2020\/03\/5c697b75-0311-4216-93a3-1ededf1da53c-200x150.jpg 200w\" sizes=\"auto, (max-width: 391px) 100vw, 391px\" \/><\/a><a href=\"https:\/\/agora.xtec.cat\/ceip-peredetera\/wp-content\/uploads\/usu1268\/2020\/03\/IMG-20200226-WA0006.jpg\"><img loading=\"lazy\" decoding=\"async\" class=\"alignnone wp-image-3697\" src=\"https:\/\/agora.xtec.cat\/ceip-peredetera\/wp-content\/uploads\/usu1268\/2020\/03\/IMG-20200226-WA0006-1024x768.jpg\" alt=\"\" width=\"391\" height=\"293\" srcset=\"https:\/\/agora.xtec.cat\/ceip-peredetera\/wp-content\/uploads\/usu1268\/2020\/03\/IMG-20200226-WA0006.jpg 1024w, https:\/\/agora.xtec.cat\/ceip-peredetera\/wp-content\/uploads\/usu1268\/2020\/03\/IMG-20200226-WA0006-300x225.jpg 300w, https:\/\/agora.xtec.cat\/ceip-peredetera\/wp-content\/uploads\/usu1268\/2020\/03\/IMG-20200226-WA0006-768x576.jpg 768w, https:\/\/agora.xtec.cat\/ceip-peredetera\/wp-content\/uploads\/usu1268\/2020\/03\/IMG-20200226-WA0006-200x150.jpg 200w\" sizes=\"auto, (max-width: 391px) 100vw, 391px\" \/><\/a><a href=\"https:\/\/agora.xtec.cat\/ceip-peredetera\/wp-content\/uploads\/usu1268\/2020\/03\/IMG-20200226-WA0004.jpg\"><img loading=\"lazy\" decoding=\"async\" class=\"alignnone wp-image-3698\" src=\"https:\/\/agora.xtec.cat\/ceip-peredetera\/wp-content\/uploads\/usu1268\/2020\/03\/IMG-20200226-WA0004-1024x768.jpg\" alt=\"\" width=\"390\" height=\"292\" srcset=\"https:\/\/agora.xtec.cat\/ceip-peredetera\/wp-content\/uploads\/usu1268\/2020\/03\/IMG-20200226-WA0004.jpg 1024w, https:\/\/agora.xtec.cat\/ceip-peredetera\/wp-content\/uploads\/usu1268\/2020\/03\/IMG-20200226-WA0004-300x225.jpg 300w, https:\/\/agora.xtec.cat\/ceip-peredetera\/wp-content\/uploads\/usu1268\/2020\/03\/IMG-20200226-WA0004-768x576.jpg 768w, https:\/\/agora.xtec.cat\/ceip-peredetera\/wp-content\/uploads\/usu1268\/2020\/03\/IMG-20200226-WA0004-200x150.jpg 200w\" sizes=\"auto, (max-width: 390px) 100vw, 390px\" \/><\/a><a href=\"https:\/\/agora.xtec.cat\/ceip-peredetera\/wp-content\/uploads\/usu1268\/2020\/03\/47efd957-cef7-4ec3-b0d0-1dc82d9d5698.jpg\"><img loading=\"lazy\" decoding=\"async\" class=\"alignnone wp-image-3701\" src=\"https:\/\/agora.xtec.cat\/ceip-peredetera\/wp-content\/uploads\/usu1268\/2020\/03\/47efd957-cef7-4ec3-b0d0-1dc82d9d5698-1024x768.jpg\" alt=\"\" width=\"387\" height=\"290\" srcset=\"https:\/\/agora.xtec.cat\/ceip-peredetera\/wp-content\/uploads\/usu1268\/2020\/03\/47efd957-cef7-4ec3-b0d0-1dc82d9d5698-1024x768.jpg 1024w, https:\/\/agora.xtec.cat\/ceip-peredetera\/wp-content\/uploads\/usu1268\/2020\/03\/47efd957-cef7-4ec3-b0d0-1dc82d9d5698-300x225.jpg 300w, https:\/\/agora.xtec.cat\/ceip-peredetera\/wp-content\/uploads\/usu1268\/2020\/03\/47efd957-cef7-4ec3-b0d0-1dc82d9d5698-768x576.jpg 768w, https:\/\/agora.xtec.cat\/ceip-peredetera\/wp-content\/uploads\/usu1268\/2020\/03\/47efd957-cef7-4ec3-b0d0-1dc82d9d5698-200x150.jpg 200w, https:\/\/agora.xtec.cat\/ceip-peredetera\/wp-content\/uploads\/usu1268\/2020\/03\/47efd957-cef7-4ec3-b0d0-1dc82d9d5698.jpg 1600w\" sizes=\"auto, (max-width: 387px) 100vw, 387px\" \/><\/a><\/p>\n","protected":false},"excerpt":{"rendered":"<p>Aquest any hem viscut un s\u00faper Carnaval mar\u00edtim! Mireu quina passada de disfresses vam portar el divendres durant la rua les nenes i nens de tercer i quart! Aqu\u00ed teniu l&#8217;enlla\u00e7 amb les fotos.<\/p>\n","protected":false},"author":4,"featured_media":3696,"comment_status":"open","ping_status":"closed","sticky":false,"template":"","format":"standard","meta":{"_bbp_topic_count":0,"_bbp_reply_count":0,"_bbp_total_topic_count":0,"_bbp_total_reply_count":0,"_bbp_voice_count":0,"_bbp_anonymous_reply_count":0,"_bbp_topic_count_hidden":0,"_bbp_reply_count_hidden":0,"_bbp_forum_subforum_count":0,"site-sidebar-layout":"default","site-content-layout":"","ast-site-content-layout":"","site-content-style":"default","site-sidebar-style":"default","ast-global-header-display":"","ast-banner-title-visibility":"","ast-main-header-display":"","ast-hfb-above-header-display":"","ast-hfb-below-header-display":"","ast-hfb-mobile-header-display":"","site-post-title":"","ast-breadcrumbs-content":"","ast-featured-img":"","footer-sml-layout":"","theme-transparent-header-meta":"","adv-header-id-meta":"","stick-header-meta":"","header-above-stick-meta":"","header-main-stick-meta":"","header-below-stick-meta":"","astra-migrate-meta-layouts":"default","ast-page-background-enabled":"default","ast-page-background-meta":{"desktop":{"background-color":"var(--ast-global-color-4)","background-image":"","background-repeat":"repeat","background-position":"center center","background-size":"auto","background-attachment":"scroll","background-type":"","background-media":"","overlay-type":"","overlay-color":"","overlay-opacity":"","overlay-gradient":""},"tablet":{"background-color":"","background-image":"","background-repeat":"repeat","background-position":"center center","background-size":"auto","background-attachment":"scroll","background-type":"","background-media":"","overlay-type":"","overlay-color":"","overlay-opacity":"","overlay-gradient":""},"mobile":{"background-color":"","background-image":"","background-repeat":"repeat","background-position":"center center","background-size":"auto","background-attachment":"scroll","background-type":"","background-media":"","overlay-type":"","overlay-color":"","overlay-opacity":"","overlay-gradient":""}},"ast-content-background-meta":{"desktop":{"background-color":"var(--ast-global-color-5)","background-image":"","background-repeat":"repeat","background-position":"center center","background-size":"auto","background-attachment":"scroll","background-type":"","background-media":"","overlay-type":"","overlay-color":"","overlay-opacity":"","overlay-gradient":""},"tablet":{"background-color":"var(--ast-global-color-5)","background-image":"","background-repeat":"repeat","background-position":"center center","background-size":"auto","background-attachment":"scroll","background-type":"","background-media":"","overlay-type":"","overlay-color":"","overlay-opacity":"","overlay-gradient":""},"mobile":{"background-color":"var(--ast-global-color-5)","background-image":"","background-repeat":"repeat","background-position":"center center","background-size":"auto","background-attachment":"scroll","background-type":"","background-media":"","overlay-type":"","overlay-color":"","overlay-opacity":"","overlay-gradient":""}},"footnotes":""},"categories":[12,11,66,65,62,72,1,4,5],"tags":[220,218,194],"class_list":["post-3695","post","type-post","status-publish","format-standard","has-post-thumbnail","hentry","category-6a-promocio-2010","category-6a-cs","category-6b-promocio-2010","category-6b-cs","category-cm","category-festes","category-general","category-portada","category-primaria","tag-carnaval","tag-carnestoltes-2020","tag-curs-19-20"],"post_mailing_queue_ids":[],"_links":{"self":[{"href":"https:\/\/agora.xtec.cat\/ceip-peredetera\/wp-json\/wp\/v2\/posts\/3695","targetHints":{"allow":["GET"]}}],"collection":[{"href":"https:\/\/agora.xtec.cat\/ceip-peredetera\/wp-json\/wp\/v2\/posts"}],"about":[{"href":"https:\/\/agora.xtec.cat\/ceip-peredetera\/wp-json\/wp\/v2\/types\/post"}],"author":[{"embeddable":true,"href":"https:\/\/agora.xtec.cat\/ceip-peredetera\/wp-json\/wp\/v2\/users\/4"}],"replies":[{"embeddable":true,"href":"https:\/\/agora.xtec.cat\/ceip-peredetera\/wp-json\/wp\/v2\/comments?post=3695"}],"version-history":[{"count":3,"href":"https:\/\/agora.xtec.cat\/ceip-peredetera\/wp-json\/wp\/v2\/posts\/3695\/revisions"}],"predecessor-version":[{"id":3703,"href":"https:\/\/agora.xtec.cat\/ceip-peredetera\/wp-json\/wp\/v2\/posts\/3695\/revisions\/3703"}],"wp:featuredmedia":[{"embeddable":true,"href":"https:\/\/agora.xtec.cat\/ceip-peredetera\/wp-json\/wp\/v2\/media\/3696"}],"wp:attachment":[{"href":"https:\/\/agora.xtec.cat\/ceip-peredetera\/wp-json\/wp\/v2\/media?parent=3695"}],"wp:term":[{"taxonomy":"category","embeddable":true,"href":"https:\/\/agora.xtec.cat\/ceip-peredetera\/wp-json\/wp\/v2\/categories?post=3695"},{"taxonomy":"post_tag","embeddable":true,"href":"https:\/\/agora.xtec.cat\/ceip-peredetera\/wp-json\/wp\/v2\/tags?post=3695"}],"curies":[{"name":"wp","href":"https:\/\/api.w.org\/{rel}","templated":true}]}}