{"id":3662,"date":"2020-02-28T16:17:34","date_gmt":"2020-02-28T15:17:34","guid":{"rendered":"http:\/\/agora.xtec.cat\/ceip-peredetera\/?p=3662"},"modified":"2020-03-01T11:21:17","modified_gmt":"2020-03-01T10:21:17","slug":"plantada-darbres-al-parc-del-molinet-5e","status":"publish","type":"post","link":"https:\/\/agora.xtec.cat\/ceip-peredetera\/general\/plantada-darbres-al-parc-del-molinet-5e\/","title":{"rendered":"PLANTADA D&#8217;ARBRES AL PARC DEL MOLINET 5\u00e8"},"content":{"rendered":"<p>El dijous 27 de febrer, els alumnes de 5\u00e8 vam anar a plantar arbres al parc del Molinet dins la campanya &#8220;Arrela&#8217;t al parc&#8221;. Degut a la tempesta &#8220;Gl\u00f2ria&#8221; alguns dels arbres del parc es van morir i hem ajudat a plantar-ne de nous.<\/p>\n<p>El proc\u00e9s va ser: primer vam posar un tub ample dins del forat que ja havien fet els jardiners d&#8217;AMB perqu\u00e8 l&#8217;aire pugui entrar on s\u00f3n les arrels. Despr\u00e9s amb pales, vam anar abocant pedretes i terra abonada. Finalment vam col\u00b7locar amb una grua les <strong>freixes d&#8217;olor<\/strong> o freixes de flor (Flaxinus ornus) dins dels sots i les vam tapar amb m\u00e9s terra. El Robert, bi\u00f2leg de &#8220;Bosc de llum&#8221; ens va estar explicant i acompanyant en tot el proc\u00e9s.<\/p>\n<p>Ha estat molt interessant poder col\u00b7laborar perqu\u00e8 tinguem zones de natura a la ciutat, a prop de casa nostra,\u00a0 i que les podem gaudir.<\/p>\n<div id=\"cp_widget_0317ec91-3923-4d97-aecb-4279c3574f33\">&#8230;<\/div>\n<p><script type=\"text\/javascript\">\nvar cpo = []; cpo[\"_object\"] =\"cp_widget_0317ec91-3923-4d97-aecb-4279c3574f33\"; cpo[\"_fid\"] = \"AwDA5oe0vQnH\";\nvar _cpmp = _cpmp || []; _cpmp.push(cpo);\n(function() { var cp = document.createElement(\"script\"); cp.type = \"text\/javascript\";\ncp.async = true; cp.src = \"\/\/www.cincopa.com\/media-platform\/runtime\/libasync.js\";\nvar c = document.getElementsByTagName(\"script\")[0];\nc.parentNode.insertBefore(cp, c); })(); <\/script><\/p>\n","protected":false},"excerpt":{"rendered":"<p>El dijous 27 de febrer, els alumnes de 5\u00e8 vam anar a plantar arbres al parc del Molinet dins la campanya &#8220;Arrela&#8217;t al parc&#8221;. Degut a la tempesta &#8220;Gl\u00f2ria&#8221; alguns dels arbres del parc es van morir i hem ajudat a plantar-ne de nous. El proc\u00e9s va ser: primer vam posar un tub ample dins [&hellip;]<\/p>\n","protected":false},"author":1,"featured_media":3666,"comment_status":"closed","ping_status":"closed","sticky":false,"template":"","format":"standard","meta":{"_bbp_topic_count":0,"_bbp_reply_count":0,"_bbp_total_topic_count":0,"_bbp_total_reply_count":0,"_bbp_voice_count":0,"_bbp_anonymous_reply_count":0,"_bbp_topic_count_hidden":0,"_bbp_reply_count_hidden":0,"_bbp_forum_subforum_count":0,"site-sidebar-layout":"default","site-content-layout":"","ast-site-content-layout":"","site-content-style":"default","site-sidebar-style":"default","ast-global-header-display":"","ast-banner-title-visibility":"","ast-main-header-display":"","ast-hfb-above-header-display":"","ast-hfb-below-header-display":"","ast-hfb-mobile-header-display":"","site-post-title":"","ast-breadcrumbs-content":"","ast-featured-img":"","footer-sml-layout":"","theme-transparent-header-meta":"","adv-header-id-meta":"","stick-header-meta":"","header-above-stick-meta":"","header-main-stick-meta":"","header-below-stick-meta":"","astra-migrate-meta-layouts":"default","ast-page-background-enabled":"default","ast-page-background-meta":{"desktop":{"background-color":"var(--ast-global-color-4)","background-image":"","background-repeat":"repeat","background-position":"center center","background-size":"auto","background-attachment":"scroll","background-type":"","background-media":"","overlay-type":"","overlay-color":"","overlay-opacity":"","overlay-gradient":""},"tablet":{"background-color":"","background-image":"","background-repeat":"repeat","background-position":"center center","background-size":"auto","background-attachment":"scroll","background-type":"","background-media":"","overlay-type":"","overlay-color":"","overlay-opacity":"","overlay-gradient":""},"mobile":{"background-color":"","background-image":"","background-repeat":"repeat","background-position":"center center","background-size":"auto","background-attachment":"scroll","background-type":"","background-media":"","overlay-type":"","overlay-color":"","overlay-opacity":"","overlay-gradient":""}},"ast-content-background-meta":{"desktop":{"background-color":"var(--ast-global-color-5)","background-image":"","background-repeat":"repeat","background-position":"center center","background-size":"auto","background-attachment":"scroll","background-type":"","background-media":"","overlay-type":"","overlay-color":"","overlay-opacity":"","overlay-gradient":""},"tablet":{"background-color":"var(--ast-global-color-5)","background-image":"","background-repeat":"repeat","background-position":"center center","background-size":"auto","background-attachment":"scroll","background-type":"","background-media":"","overlay-type":"","overlay-color":"","overlay-opacity":"","overlay-gradient":""},"mobile":{"background-color":"var(--ast-global-color-5)","background-image":"","background-repeat":"repeat","background-position":"center center","background-size":"auto","background-attachment":"scroll","background-type":"","background-media":"","overlay-type":"","overlay-color":"","overlay-opacity":"","overlay-gradient":""}},"footnotes":""},"categories":[13,67,63,1,4,5],"tags":[],"class_list":["post-3662","post","type-post","status-publish","format-standard","has-post-thumbnail","hentry","category-6a","category-6b-promocions-antigues","category-cs","category-general","category-portada","category-primaria"],"post_mailing_queue_ids":[],"_links":{"self":[{"href":"https:\/\/agora.xtec.cat\/ceip-peredetera\/wp-json\/wp\/v2\/posts\/3662","targetHints":{"allow":["GET"]}}],"collection":[{"href":"https:\/\/agora.xtec.cat\/ceip-peredetera\/wp-json\/wp\/v2\/posts"}],"about":[{"href":"https:\/\/agora.xtec.cat\/ceip-peredetera\/wp-json\/wp\/v2\/types\/post"}],"author":[{"embeddable":true,"href":"https:\/\/agora.xtec.cat\/ceip-peredetera\/wp-json\/wp\/v2\/users\/1"}],"replies":[{"embeddable":true,"href":"https:\/\/agora.xtec.cat\/ceip-peredetera\/wp-json\/wp\/v2\/comments?post=3662"}],"version-history":[{"count":3,"href":"https:\/\/agora.xtec.cat\/ceip-peredetera\/wp-json\/wp\/v2\/posts\/3662\/revisions"}],"predecessor-version":[{"id":3667,"href":"https:\/\/agora.xtec.cat\/ceip-peredetera\/wp-json\/wp\/v2\/posts\/3662\/revisions\/3667"}],"wp:featuredmedia":[{"embeddable":true,"href":"https:\/\/agora.xtec.cat\/ceip-peredetera\/wp-json\/wp\/v2\/media\/3666"}],"wp:attachment":[{"href":"https:\/\/agora.xtec.cat\/ceip-peredetera\/wp-json\/wp\/v2\/media?parent=3662"}],"wp:term":[{"taxonomy":"category","embeddable":true,"href":"https:\/\/agora.xtec.cat\/ceip-peredetera\/wp-json\/wp\/v2\/categories?post=3662"},{"taxonomy":"post_tag","embeddable":true,"href":"https:\/\/agora.xtec.cat\/ceip-peredetera\/wp-json\/wp\/v2\/tags?post=3662"}],"curies":[{"name":"wp","href":"https:\/\/api.w.org\/{rel}","templated":true}]}}