{"id":3167,"date":"2019-11-19T18:49:21","date_gmt":"2019-11-19T17:49:21","guid":{"rendered":"http:\/\/agora.xtec.cat\/ceip-peredetera\/?p=3167"},"modified":"2020-05-09T12:22:11","modified_gmt":"2020-05-09T10:22:11","slug":"3r-visita-del-submarinista","status":"publish","type":"post","link":"https:\/\/agora.xtec.cat\/ceip-peredetera\/general\/3r-visita-del-submarinista\/","title":{"rendered":"3r Visita d&#8217;un Submarinista"},"content":{"rendered":"<p>Aquest curs el tema interdisciplinar de l&#8217;escola \u00e9s el mar i les classes de tercer som les classes dels submarinistes. \u00c9s per aix\u00f2 que aquest dimarts 19 de novembre hem rebut la visita del Jose, un experimentat submarinista de Badalona del club Radical Dive (<a href=\"https:\/\/kikarlequin.wixsite.com\/radical-dive-club\">https:\/\/kikarlequin.wixsite.com\/radical-dive-club<\/a>) .<\/p>\n<p>Ens ha explicat i ensenyat quin equip ha de portar un submarinista, com s&#8217;organitzen a sota l&#8217;aigua, quins animals ens podem trobar a les nostres platges i a la mar Mediterr\u00e0nia i tamb\u00e9 la import\u00e0ncia de cuidar el nostre mar i procurar no generar molta brut\u00edcia, ja que aquesta acaba sovint al mar i fa molt de mal a tots els animals i plantes que hi viuen.<\/p>\n<p>Hem passat un mat\u00ed s\u00faper interessant plegats a l&#8217;escola i sembla que aviat tamb\u00e9 ho farem a sota de l&#8217;aigua!!! &#8230;<\/p>\n<p>Aqu\u00ed teniu algunes <a href=\"https:\/\/photos.app.goo.gl\/ng2bZbKhjNngx8qB7\">fotos<\/a> del dia<\/p>\n<p><a href=\"https:\/\/agora.xtec.cat\/ceip-peredetera\/wp-content\/uploads\/usu1268\/2019\/11\/submarinista.jpeg\"><img loading=\"lazy\" decoding=\"async\" class=\"alignnone size-full wp-image-3169\" src=\"https:\/\/agora.xtec.cat\/ceip-peredetera\/wp-content\/uploads\/usu1268\/2019\/11\/submarinista.jpeg\" alt=\"\" width=\"630\" height=\"322\" srcset=\"https:\/\/agora.xtec.cat\/ceip-peredetera\/wp-content\/uploads\/usu1268\/2019\/11\/submarinista.jpeg 630w, https:\/\/agora.xtec.cat\/ceip-peredetera\/wp-content\/uploads\/usu1268\/2019\/11\/submarinista-300x153.jpeg 300w\" sizes=\"auto, (max-width: 630px) 100vw, 630px\" \/><\/a><\/p>\n","protected":false},"excerpt":{"rendered":"<p>Aquest curs el tema interdisciplinar de l&#8217;escola \u00e9s el mar i les classes de tercer som les classes dels submarinistes. \u00c9s per aix\u00f2 que aquest dimarts 19 de novembre hem rebut la visita del Jose, un experimentat submarinista de Badalona del club Radical Dive (https:\/\/kikarlequin.wixsite.com\/radical-dive-club) . Ens ha explicat i ensenyat quin equip ha de [&hellip;]<\/p>\n","protected":false},"author":4,"featured_media":3169,"comment_status":"closed","ping_status":"closed","sticky":false,"template":"","format":"standard","meta":{"_bbp_topic_count":0,"_bbp_reply_count":0,"_bbp_total_topic_count":0,"_bbp_total_reply_count":0,"_bbp_voice_count":0,"_bbp_anonymous_reply_count":0,"_bbp_topic_count_hidden":0,"_bbp_reply_count_hidden":0,"_bbp_forum_subforum_count":0,"site-sidebar-layout":"default","site-content-layout":"","ast-site-content-layout":"","site-content-style":"default","site-sidebar-style":"default","ast-global-header-display":"","ast-banner-title-visibility":"","ast-main-header-display":"","ast-hfb-above-header-display":"","ast-hfb-below-header-display":"","ast-hfb-mobile-header-display":"","site-post-title":"","ast-breadcrumbs-content":"","ast-featured-img":"","footer-sml-layout":"","theme-transparent-header-meta":"","adv-header-id-meta":"","stick-header-meta":"","header-above-stick-meta":"","header-main-stick-meta":"","header-below-stick-meta":"","astra-migrate-meta-layouts":"default","ast-page-background-enabled":"default","ast-page-background-meta":{"desktop":{"background-color":"var(--ast-global-color-4)","background-image":"","background-repeat":"repeat","background-position":"center center","background-size":"auto","background-attachment":"scroll","background-type":"","background-media":"","overlay-type":"","overlay-color":"","overlay-opacity":"","overlay-gradient":""},"tablet":{"background-color":"","background-image":"","background-repeat":"repeat","background-position":"center center","background-size":"auto","background-attachment":"scroll","background-type":"","background-media":"","overlay-type":"","overlay-color":"","overlay-opacity":"","overlay-gradient":""},"mobile":{"background-color":"","background-image":"","background-repeat":"repeat","background-position":"center center","background-size":"auto","background-attachment":"scroll","background-type":"","background-media":"","overlay-type":"","overlay-color":"","overlay-opacity":"","overlay-gradient":""}},"ast-content-background-meta":{"desktop":{"background-color":"var(--ast-global-color-5)","background-image":"","background-repeat":"repeat","background-position":"center center","background-size":"auto","background-attachment":"scroll","background-type":"","background-media":"","overlay-type":"","overlay-color":"","overlay-opacity":"","overlay-gradient":""},"tablet":{"background-color":"var(--ast-global-color-5)","background-image":"","background-repeat":"repeat","background-position":"center center","background-size":"auto","background-attachment":"scroll","background-type":"","background-media":"","overlay-type":"","overlay-color":"","overlay-opacity":"","overlay-gradient":""},"mobile":{"background-color":"var(--ast-global-color-5)","background-image":"","background-repeat":"repeat","background-position":"center center","background-size":"auto","background-attachment":"scroll","background-type":"","background-media":"","overlay-type":"","overlay-color":"","overlay-opacity":"","overlay-gradient":""}},"footnotes":""},"categories":[11,65,62,1,4,5,73],"tags":[194,89],"class_list":["post-3167","post","type-post","status-publish","format-standard","has-post-thumbnail","hentry","category-6a-cs","category-6b-cs","category-cm","category-general","category-portada","category-primaria","category-sortides","tag-curs-19-20","tag-taller"],"post_mailing_queue_ids":[],"_links":{"self":[{"href":"https:\/\/agora.xtec.cat\/ceip-peredetera\/wp-json\/wp\/v2\/posts\/3167","targetHints":{"allow":["GET"]}}],"collection":[{"href":"https:\/\/agora.xtec.cat\/ceip-peredetera\/wp-json\/wp\/v2\/posts"}],"about":[{"href":"https:\/\/agora.xtec.cat\/ceip-peredetera\/wp-json\/wp\/v2\/types\/post"}],"author":[{"embeddable":true,"href":"https:\/\/agora.xtec.cat\/ceip-peredetera\/wp-json\/wp\/v2\/users\/4"}],"replies":[{"embeddable":true,"href":"https:\/\/agora.xtec.cat\/ceip-peredetera\/wp-json\/wp\/v2\/comments?post=3167"}],"version-history":[{"count":3,"href":"https:\/\/agora.xtec.cat\/ceip-peredetera\/wp-json\/wp\/v2\/posts\/3167\/revisions"}],"predecessor-version":[{"id":3171,"href":"https:\/\/agora.xtec.cat\/ceip-peredetera\/wp-json\/wp\/v2\/posts\/3167\/revisions\/3171"}],"wp:featuredmedia":[{"embeddable":true,"href":"https:\/\/agora.xtec.cat\/ceip-peredetera\/wp-json\/wp\/v2\/media\/3169"}],"wp:attachment":[{"href":"https:\/\/agora.xtec.cat\/ceip-peredetera\/wp-json\/wp\/v2\/media?parent=3167"}],"wp:term":[{"taxonomy":"category","embeddable":true,"href":"https:\/\/agora.xtec.cat\/ceip-peredetera\/wp-json\/wp\/v2\/categories?post=3167"},{"taxonomy":"post_tag","embeddable":true,"href":"https:\/\/agora.xtec.cat\/ceip-peredetera\/wp-json\/wp\/v2\/tags?post=3167"}],"curies":[{"name":"wp","href":"https:\/\/api.w.org\/{rel}","templated":true}]}}