{"id":2972,"date":"2019-06-28T13:38:16","date_gmt":"2019-06-28T11:38:16","guid":{"rendered":"http:\/\/agora.xtec.cat\/ceip-peredetera\/?p=2972"},"modified":"2019-07-11T17:23:55","modified_gmt":"2019-07-11T15:23:55","slug":"us-presentem-el-nou-logo-de-lescola","status":"publish","type":"post","link":"https:\/\/agora.xtec.cat\/ceip-peredetera\/general\/us-presentem-el-nou-logo-de-lescola\/","title":{"rendered":"US PRESENTEM EL NOU LOGO DE L&#8217;ESCOLA!!"},"content":{"rendered":"<p><span style=\"color: #0000ff;\">Despr\u00e9s d&#8217;un curs de treball per part de tothom ja tenim el nou LOGOTIP de l&#8217;escola!!<\/span><\/p>\n<p><span style=\"color: #0000ff;\">Aquest\u00a0 ha estat triat en un proc\u00e9s de treball cooperatiu i participatiu!<\/span><\/p>\n<p><span style=\"color: #0000ff;\">Els alumnes han treballat diferents propostes amb elements caracter\u00edstics i m\u00e9s representatius del centre a l&#8217;aula. Despr\u00e9s s&#8217;han passat aquestes propostes al Consell de Delegats per passar la informaci\u00f3 a la resta de companys.\u00a0<\/span><\/p>\n<p><span style=\"color: #0000ff;\">Conjuntament hem triat all\u00f2 que creiem que era m\u00e9s representatiu en reuni\u00f3 del Consell de Delegats!<\/span><\/p>\n<p><span style=\"color: #0000ff;\">Vam contactar amb en Xavi, que \u00e9s DISSENYADOR GR\u00c0FIC i ens va fer moltes propostes xul\u00edssimes&#8230;. <\/span><\/p>\n<p><span style=\"color: #0000ff;\">I vam fer <\/span><span style=\"color: #0000ff;\">una votaci\u00f3<\/span><span style=\"color: #0000ff;\">\u00a0<\/span><span style=\"color: #0000ff;\">a totes les classes <\/span><span style=\"font-family: inherit; font-size: 1em; color: #0000ff;\">a<\/span><span style=\"font-family: inherit; font-size: 1em; color: #0000ff;\">mb totes les propostes&#8230;. i al final la proposta guanyadora \u00e9s&#8230;.<\/span><\/p>\n<p><a href=\"https:\/\/photos.app.goo.gl\/NgaWZojK1NM4vF9L6\">AQU\u00cd TENIU LES FOTOS DE LES VOTACIONS DEL LOGOTIP<\/a><\/p>\n<p><a href=\"https:\/\/agora.xtec.cat\/ceip-peredetera\/wp-content\/uploads\/usu1268\/2019\/06\/20190628_124714.gif\"><br \/>\n<img loading=\"lazy\" decoding=\"async\" class=\"wp-image-2973 aligncenter\" src=\"https:\/\/agora.xtec.cat\/ceip-peredetera\/wp-content\/uploads\/usu1268\/2019\/06\/20190628_124714.gif\" alt=\"\" width=\"422\" height=\"383\" \/><\/a><\/p>\n<p>MOLTES GR\u00c0CIES XAVI PER AQUEST DISSENY!!<\/p>\n<p>I moltes felicitats a tot l&#8217;alumnat per aquesta feina tant ben feta!!<\/p>\n","protected":false},"excerpt":{"rendered":"<p>Despr\u00e9s d&#8217;un curs de treball per part de tothom ja tenim el nou LOGOTIP de l&#8217;escola!! Aquest\u00a0 ha estat triat en un proc\u00e9s de treball cooperatiu i participatiu! Els alumnes han treballat diferents propostes amb elements caracter\u00edstics i m\u00e9s representatius del centre a l&#8217;aula. Despr\u00e9s s&#8217;han passat aquestes propostes al Consell de Delegats per passar [&hellip;]<\/p>\n","protected":false},"author":1,"featured_media":2973,"comment_status":"closed","ping_status":"closed","sticky":false,"template":"","format":"standard","meta":{"_bbp_topic_count":0,"_bbp_reply_count":0,"_bbp_total_topic_count":0,"_bbp_total_reply_count":0,"_bbp_voice_count":0,"_bbp_anonymous_reply_count":0,"_bbp_topic_count_hidden":0,"_bbp_reply_count_hidden":0,"_bbp_forum_subforum_count":0,"site-sidebar-layout":"default","site-content-layout":"","ast-site-content-layout":"","site-content-style":"default","site-sidebar-style":"default","ast-global-header-display":"","ast-banner-title-visibility":"","ast-main-header-display":"","ast-hfb-above-header-display":"","ast-hfb-below-header-display":"","ast-hfb-mobile-header-display":"","site-post-title":"","ast-breadcrumbs-content":"","ast-featured-img":"","footer-sml-layout":"","theme-transparent-header-meta":"","adv-header-id-meta":"","stick-header-meta":"","header-above-stick-meta":"","header-main-stick-meta":"","header-below-stick-meta":"","astra-migrate-meta-layouts":"default","ast-page-background-enabled":"default","ast-page-background-meta":{"desktop":{"background-color":"var(--ast-global-color-4)","background-image":"","background-repeat":"repeat","background-position":"center center","background-size":"auto","background-attachment":"scroll","background-type":"","background-media":"","overlay-type":"","overlay-color":"","overlay-opacity":"","overlay-gradient":""},"tablet":{"background-color":"","background-image":"","background-repeat":"repeat","background-position":"center center","background-size":"auto","background-attachment":"scroll","background-type":"","background-media":"","overlay-type":"","overlay-color":"","overlay-opacity":"","overlay-gradient":""},"mobile":{"background-color":"","background-image":"","background-repeat":"repeat","background-position":"center center","background-size":"auto","background-attachment":"scroll","background-type":"","background-media":"","overlay-type":"","overlay-color":"","overlay-opacity":"","overlay-gradient":""}},"ast-content-background-meta":{"desktop":{"background-color":"var(--ast-global-color-5)","background-image":"","background-repeat":"repeat","background-position":"center center","background-size":"auto","background-attachment":"scroll","background-type":"","background-media":"","overlay-type":"","overlay-color":"","overlay-opacity":"","overlay-gradient":""},"tablet":{"background-color":"var(--ast-global-color-5)","background-image":"","background-repeat":"repeat","background-position":"center center","background-size":"auto","background-attachment":"scroll","background-type":"","background-media":"","overlay-type":"","overlay-color":"","overlay-opacity":"","overlay-gradient":""},"mobile":{"background-color":"var(--ast-global-color-5)","background-image":"","background-repeat":"repeat","background-position":"center center","background-size":"auto","background-attachment":"scroll","background-type":"","background-media":"","overlay-type":"","overlay-color":"","overlay-opacity":"","overlay-gradient":""}},"footnotes":""},"categories":[9,15,14,13,12,11,10,60,69,68,67,66,65,64,62,63,61,2,72,1,4,5],"tags":[108,142,191],"class_list":["post-2972","post","type-post","status-publish","format-standard","has-post-thumbnail","hentry","category-6a-cg","category-6ea-promocio-2007","category-6ea","category-6a","category-6a-promocio-2010","category-6a-cs","category-5a-cs","category-6b-cg","category-6e-b-promocio-2007","category-6e-b","category-6b-promocions-antigues","category-6b-promocio-2010","category-6b-cs","category-5b-cs","category-cm","category-cs","category-ci","category-infantil","category-festes","category-general","category-portada","category-primaria","tag-consell-de-delegats","tag-curs-18-19","tag-logotip"],"post_mailing_queue_ids":[],"_links":{"self":[{"href":"https:\/\/agora.xtec.cat\/ceip-peredetera\/wp-json\/wp\/v2\/posts\/2972","targetHints":{"allow":["GET"]}}],"collection":[{"href":"https:\/\/agora.xtec.cat\/ceip-peredetera\/wp-json\/wp\/v2\/posts"}],"about":[{"href":"https:\/\/agora.xtec.cat\/ceip-peredetera\/wp-json\/wp\/v2\/types\/post"}],"author":[{"embeddable":true,"href":"https:\/\/agora.xtec.cat\/ceip-peredetera\/wp-json\/wp\/v2\/users\/1"}],"replies":[{"embeddable":true,"href":"https:\/\/agora.xtec.cat\/ceip-peredetera\/wp-json\/wp\/v2\/comments?post=2972"}],"version-history":[{"count":1,"href":"https:\/\/agora.xtec.cat\/ceip-peredetera\/wp-json\/wp\/v2\/posts\/2972\/revisions"}],"predecessor-version":[{"id":2983,"href":"https:\/\/agora.xtec.cat\/ceip-peredetera\/wp-json\/wp\/v2\/posts\/2972\/revisions\/2983"}],"wp:featuredmedia":[{"embeddable":true,"href":"https:\/\/agora.xtec.cat\/ceip-peredetera\/wp-json\/wp\/v2\/media\/2973"}],"wp:attachment":[{"href":"https:\/\/agora.xtec.cat\/ceip-peredetera\/wp-json\/wp\/v2\/media?parent=2972"}],"wp:term":[{"taxonomy":"category","embeddable":true,"href":"https:\/\/agora.xtec.cat\/ceip-peredetera\/wp-json\/wp\/v2\/categories?post=2972"},{"taxonomy":"post_tag","embeddable":true,"href":"https:\/\/agora.xtec.cat\/ceip-peredetera\/wp-json\/wp\/v2\/tags?post=2972"}],"curies":[{"name":"wp","href":"https:\/\/api.w.org\/{rel}","templated":true}]}}