{"id":2950,"date":"2019-06-27T13:23:59","date_gmt":"2019-06-27T11:23:59","guid":{"rendered":"http:\/\/agora.xtec.cat\/ceip-peredetera\/?p=2950"},"modified":"2019-07-11T14:40:43","modified_gmt":"2019-07-11T12:40:43","slug":"english-day","status":"publish","type":"post","link":"https:\/\/agora.xtec.cat\/ceip-peredetera\/general\/english-day\/","title":{"rendered":"English Day"},"content":{"rendered":"<p>Com altres anys, els i les alumnes de <strong>4t<\/strong>\u00a0de l&#8217;escola Pere de Tera han participat a la jornada del <strong>&#8220;English Day&#8221;<\/strong> amb altres escoles de Badalona.<\/p>\n<div>Us adjuntem la not\u00edcia de l&#8217;English Day a la TV Badalona:<\/div>\n<div><\/div>\n<div><\/div>\n<div><a href=\"https:\/\/bdncom.alacarta.cat\/informatiu\/capitol\/12-de-juny-de-2019-vespre\" target=\"_blank\" rel=\"noopener noreferrer\" data-saferedirecturl=\"https:\/\/www.google.com\/url?q=https:\/\/bdncom.alacarta.cat\/informatiu\/capitol\/12-de-juny-de-2019-vespre&amp;source=gmail&amp;ust=1561718861029000&amp;usg=AFQjCNFH0KXC_6FxHXdPPxUv6HAiGAENjA\">https:\/\/bdncom.alacarta.cat\/<wbr \/>informatiu\/capitol\/12-de-juny-<wbr \/>de-2019-vespre<\/a>\u00a0(\u00e9s a partir del minut 12:27)<\/div>\n<div><\/div>\n<div><\/div>\n<p>Aqu\u00ed us deixem les\u00a0<a href=\"https:\/\/photos.app.goo.gl\/QiU2g129N5u2dXH66\">FOTOS <\/a>del gran dia! Ha sigut un dia molt especial, on s&#8217;ho han passat molt b\u00e9 i han pogut posar en pr\u00e0ctica els coneixements assolits durant el curs de forma l\u00fadica. I en aquest altre <a href=\"https:\/\/photos.app.goo.gl\/ck6SfwoPmnPBRMaF6\">\u00e0lbum<\/a> podeu veure fotos de la classe d&#8217;angl\u00e8s, i de com ens hem preparat durant l&#8217;any.<\/p>\n<div>Salutacions i bon estiu !!!<\/div>\n<div><\/div>\n","protected":false},"excerpt":{"rendered":"<p>Com altres anys, els i les alumnes de 4t\u00a0de l&#8217;escola Pere de Tera han participat a la jornada del &#8220;English Day&#8221; amb altres escoles de Badalona. Us adjuntem la not\u00edcia de l&#8217;English Day a la TV Badalona: https:\/\/bdncom.alacarta.cat\/informatiu\/capitol\/12-de-juny-de-2019-vespre\u00a0(\u00e9s a partir del minut 12:27) Aqu\u00ed us deixem les\u00a0FOTOS del gran dia! Ha sigut un dia molt [&hellip;]<\/p>\n","protected":false},"author":4,"featured_media":2952,"comment_status":"closed","ping_status":"closed","sticky":false,"template":"","format":"standard","meta":{"_bbp_topic_count":0,"_bbp_reply_count":0,"_bbp_total_topic_count":0,"_bbp_total_reply_count":0,"_bbp_voice_count":0,"_bbp_anonymous_reply_count":0,"_bbp_topic_count_hidden":0,"_bbp_reply_count_hidden":0,"_bbp_forum_subforum_count":0,"site-sidebar-layout":"default","site-content-layout":"","ast-site-content-layout":"","site-content-style":"default","site-sidebar-style":"default","ast-global-header-display":"","ast-banner-title-visibility":"","ast-main-header-display":"","ast-hfb-above-header-display":"","ast-hfb-below-header-display":"","ast-hfb-mobile-header-display":"","site-post-title":"","ast-breadcrumbs-content":"","ast-featured-img":"","footer-sml-layout":"","theme-transparent-header-meta":"","adv-header-id-meta":"","stick-header-meta":"","header-above-stick-meta":"","header-main-stick-meta":"","header-below-stick-meta":"","astra-migrate-meta-layouts":"default","ast-page-background-enabled":"default","ast-page-background-meta":{"desktop":{"background-color":"var(--ast-global-color-4)","background-image":"","background-repeat":"repeat","background-position":"center center","background-size":"auto","background-attachment":"scroll","background-type":"","background-media":"","overlay-type":"","overlay-color":"","overlay-opacity":"","overlay-gradient":""},"tablet":{"background-color":"","background-image":"","background-repeat":"repeat","background-position":"center center","background-size":"auto","background-attachment":"scroll","background-type":"","background-media":"","overlay-type":"","overlay-color":"","overlay-opacity":"","overlay-gradient":""},"mobile":{"background-color":"","background-image":"","background-repeat":"repeat","background-position":"center center","background-size":"auto","background-attachment":"scroll","background-type":"","background-media":"","overlay-type":"","overlay-color":"","overlay-opacity":"","overlay-gradient":""}},"ast-content-background-meta":{"desktop":{"background-color":"var(--ast-global-color-5)","background-image":"","background-repeat":"repeat","background-position":"center center","background-size":"auto","background-attachment":"scroll","background-type":"","background-media":"","overlay-type":"","overlay-color":"","overlay-opacity":"","overlay-gradient":""},"tablet":{"background-color":"var(--ast-global-color-5)","background-image":"","background-repeat":"repeat","background-position":"center center","background-size":"auto","background-attachment":"scroll","background-type":"","background-media":"","overlay-type":"","overlay-color":"","overlay-opacity":"","overlay-gradient":""},"mobile":{"background-color":"var(--ast-global-color-5)","background-image":"","background-repeat":"repeat","background-position":"center center","background-size":"auto","background-attachment":"scroll","background-type":"","background-media":"","overlay-type":"","overlay-color":"","overlay-opacity":"","overlay-gradient":""}},"footnotes":""},"categories":[13,67,62,75,1,4,5,73],"tags":[119],"class_list":["post-2950","post","type-post","status-publish","format-standard","has-post-thumbnail","hentry","category-6a","category-6b-promocions-antigues","category-cm","category-english-science","category-general","category-portada","category-primaria","category-sortides","tag-english-day"],"post_mailing_queue_ids":[],"_links":{"self":[{"href":"https:\/\/agora.xtec.cat\/ceip-peredetera\/wp-json\/wp\/v2\/posts\/2950","targetHints":{"allow":["GET"]}}],"collection":[{"href":"https:\/\/agora.xtec.cat\/ceip-peredetera\/wp-json\/wp\/v2\/posts"}],"about":[{"href":"https:\/\/agora.xtec.cat\/ceip-peredetera\/wp-json\/wp\/v2\/types\/post"}],"author":[{"embeddable":true,"href":"https:\/\/agora.xtec.cat\/ceip-peredetera\/wp-json\/wp\/v2\/users\/4"}],"replies":[{"embeddable":true,"href":"https:\/\/agora.xtec.cat\/ceip-peredetera\/wp-json\/wp\/v2\/comments?post=2950"}],"version-history":[{"count":3,"href":"https:\/\/agora.xtec.cat\/ceip-peredetera\/wp-json\/wp\/v2\/posts\/2950\/revisions"}],"predecessor-version":[{"id":3009,"href":"https:\/\/agora.xtec.cat\/ceip-peredetera\/wp-json\/wp\/v2\/posts\/2950\/revisions\/3009"}],"wp:featuredmedia":[{"embeddable":true,"href":"https:\/\/agora.xtec.cat\/ceip-peredetera\/wp-json\/wp\/v2\/media\/2952"}],"wp:attachment":[{"href":"https:\/\/agora.xtec.cat\/ceip-peredetera\/wp-json\/wp\/v2\/media?parent=2950"}],"wp:term":[{"taxonomy":"category","embeddable":true,"href":"https:\/\/agora.xtec.cat\/ceip-peredetera\/wp-json\/wp\/v2\/categories?post=2950"},{"taxonomy":"post_tag","embeddable":true,"href":"https:\/\/agora.xtec.cat\/ceip-peredetera\/wp-json\/wp\/v2\/tags?post=2950"}],"curies":[{"name":"wp","href":"https:\/\/api.w.org\/{rel}","templated":true}]}}