{"id":2920,"date":"2019-04-03T23:02:38","date_gmt":"2019-04-03T21:02:38","guid":{"rendered":"http:\/\/agora.xtec.cat\/ceip-peredetera\/?p=2920"},"modified":"2019-06-25T23:46:36","modified_gmt":"2019-06-25T21:46:36","slug":"el-ladron-de-palabras-contacontes","status":"publish","type":"post","link":"https:\/\/agora.xtec.cat\/ceip-peredetera\/general\/el-ladron-de-palabras-contacontes\/","title":{"rendered":"El ladr\u00f3n de palabras (contacontes)"},"content":{"rendered":"<p>\u201cEl Ladr\u00f3n de palabras\u201d de Nathalie Minne i de l\u2019editorial Edelvives, va ser el conte escollit per les \u00faltimes sessions del contacontes de 1r i 2n.\u00a0 Es tracta d\u2019un \u00e0lbum il\u00b7lustrat de grans dimensions que ens explica la hist\u00f2ria d\u2019un lladre molt i molt curi\u00f3s que surt a les nits, quan ning\u00fa el veu, il\u00b7luminat per la t\u00e8nue llum de la lluna. Amb la calma i el silenci de la nit, s\u2019enfila a les teulades i es disposa a iniciar la seva collita. Amb una xarxa captura milers de paraules que surten disperades entre les turbul\u00e8ncies del fum de les ximeneies!<\/p>\n<p>Un cop a casa seva, intenta posar una mica d\u2019ordre, classificant-les en pots de vidre. Ell sap que totes les paraules no s\u00f3n iguals, n\u2019hi ha de tendres, c\u00e0lides, estranyes, desafiants, dif\u00edcils, curtes, llargu\u00edssimes,&#8230; Al lladre de paraules li encanta fer combinacions, barrejar-les&#8230; no se sap mai quina hist\u00f2ria en pot sorgir!<\/p>\n<p>Als nens i nenes els hi va encantar la hist\u00f2ria. Els i les alumnes de 2n fins i tot es van atrevir a crear les seves pr\u00f2pies hist\u00f2ries, tal i com feia el \u201clladre de paraules\u201d!<\/p>\n<p><a href=\"https:\/\/agora.xtec.cat\/ceip-peredetera\/wp-content\/uploads\/usu1268\/2019\/06\/WhatsApp-Image-2019-03-30-at-20.48.28.jpeg\"><img loading=\"lazy\" decoding=\"async\" class=\"alignnone size-medium wp-image-2924\" src=\"https:\/\/agora.xtec.cat\/ceip-peredetera\/wp-content\/uploads\/usu1268\/2019\/06\/WhatsApp-Image-2019-03-30-at-20.48.28-300x225.jpeg\" alt=\"\" width=\"300\" height=\"225\" srcset=\"https:\/\/agora.xtec.cat\/ceip-peredetera\/wp-content\/uploads\/usu1268\/2019\/06\/WhatsApp-Image-2019-03-30-at-20.48.28-300x225.jpeg 300w, https:\/\/agora.xtec.cat\/ceip-peredetera\/wp-content\/uploads\/usu1268\/2019\/06\/WhatsApp-Image-2019-03-30-at-20.48.28-768x576.jpeg 768w, https:\/\/agora.xtec.cat\/ceip-peredetera\/wp-content\/uploads\/usu1268\/2019\/06\/WhatsApp-Image-2019-03-30-at-20.48.28-1024x768.jpeg 1024w, https:\/\/agora.xtec.cat\/ceip-peredetera\/wp-content\/uploads\/usu1268\/2019\/06\/WhatsApp-Image-2019-03-30-at-20.48.28-200x150.jpeg 200w, https:\/\/agora.xtec.cat\/ceip-peredetera\/wp-content\/uploads\/usu1268\/2019\/06\/WhatsApp-Image-2019-03-30-at-20.48.28.jpeg 1600w\" sizes=\"auto, (max-width: 300px) 100vw, 300px\" \/><\/a><a href=\"https:\/\/agora.xtec.cat\/ceip-peredetera\/wp-content\/uploads\/usu1268\/2019\/06\/WhatsApp-Image-2019-03-30-at-20.48.27.jpeg\"> <img loading=\"lazy\" decoding=\"async\" class=\"alignnone size-medium wp-image-2923\" src=\"https:\/\/agora.xtec.cat\/ceip-peredetera\/wp-content\/uploads\/usu1268\/2019\/06\/WhatsApp-Image-2019-03-30-at-20.48.27-300x225.jpeg\" alt=\"\" width=\"300\" height=\"225\" srcset=\"https:\/\/agora.xtec.cat\/ceip-peredetera\/wp-content\/uploads\/usu1268\/2019\/06\/WhatsApp-Image-2019-03-30-at-20.48.27-300x225.jpeg 300w, https:\/\/agora.xtec.cat\/ceip-peredetera\/wp-content\/uploads\/usu1268\/2019\/06\/WhatsApp-Image-2019-03-30-at-20.48.27-768x576.jpeg 768w, https:\/\/agora.xtec.cat\/ceip-peredetera\/wp-content\/uploads\/usu1268\/2019\/06\/WhatsApp-Image-2019-03-30-at-20.48.27-1024x768.jpeg 1024w, https:\/\/agora.xtec.cat\/ceip-peredetera\/wp-content\/uploads\/usu1268\/2019\/06\/WhatsApp-Image-2019-03-30-at-20.48.27-200x150.jpeg 200w, https:\/\/agora.xtec.cat\/ceip-peredetera\/wp-content\/uploads\/usu1268\/2019\/06\/WhatsApp-Image-2019-03-30-at-20.48.27.jpeg 1600w\" sizes=\"auto, (max-width: 300px) 100vw, 300px\" \/><\/a><\/p>\n","protected":false},"excerpt":{"rendered":"<p>\u201cEl Ladr\u00f3n de palabras\u201d de Nathalie Minne i de l\u2019editorial Edelvives, va ser el conte escollit per les \u00faltimes sessions del contacontes de 1r i 2n.\u00a0 Es tracta d\u2019un \u00e0lbum il\u00b7lustrat de grans dimensions que ens explica la hist\u00f2ria d\u2019un lladre molt i molt curi\u00f3s que surt a les nits, quan ning\u00fa el veu, il\u00b7luminat [&hellip;]<\/p>\n","protected":false},"author":4,"featured_media":2924,"comment_status":"closed","ping_status":"closed","sticky":false,"template":"","format":"standard","meta":{"_bbp_topic_count":0,"_bbp_reply_count":0,"_bbp_total_topic_count":0,"_bbp_total_reply_count":0,"_bbp_voice_count":0,"_bbp_anonymous_reply_count":0,"_bbp_topic_count_hidden":0,"_bbp_reply_count_hidden":0,"_bbp_forum_subforum_count":0,"site-sidebar-layout":"default","site-content-layout":"","ast-site-content-layout":"","site-content-style":"default","site-sidebar-style":"default","ast-global-header-display":"","ast-banner-title-visibility":"","ast-main-header-display":"","ast-hfb-above-header-display":"","ast-hfb-below-header-display":"","ast-hfb-mobile-header-display":"","site-post-title":"","ast-breadcrumbs-content":"","ast-featured-img":"","footer-sml-layout":"","theme-transparent-header-meta":"","adv-header-id-meta":"","stick-header-meta":"","header-above-stick-meta":"","header-main-stick-meta":"","header-below-stick-meta":"","astra-migrate-meta-layouts":"default","ast-page-background-enabled":"default","ast-page-background-meta":{"desktop":{"background-color":"var(--ast-global-color-4)","background-image":"","background-repeat":"repeat","background-position":"center center","background-size":"auto","background-attachment":"scroll","background-type":"","background-media":"","overlay-type":"","overlay-color":"","overlay-opacity":"","overlay-gradient":""},"tablet":{"background-color":"","background-image":"","background-repeat":"repeat","background-position":"center center","background-size":"auto","background-attachment":"scroll","background-type":"","background-media":"","overlay-type":"","overlay-color":"","overlay-opacity":"","overlay-gradient":""},"mobile":{"background-color":"","background-image":"","background-repeat":"repeat","background-position":"center center","background-size":"auto","background-attachment":"scroll","background-type":"","background-media":"","overlay-type":"","overlay-color":"","overlay-opacity":"","overlay-gradient":""}},"ast-content-background-meta":{"desktop":{"background-color":"var(--ast-global-color-5)","background-image":"","background-repeat":"repeat","background-position":"center center","background-size":"auto","background-attachment":"scroll","background-type":"","background-media":"","overlay-type":"","overlay-color":"","overlay-opacity":"","overlay-gradient":""},"tablet":{"background-color":"var(--ast-global-color-5)","background-image":"","background-repeat":"repeat","background-position":"center center","background-size":"auto","background-attachment":"scroll","background-type":"","background-media":"","overlay-type":"","overlay-color":"","overlay-opacity":"","overlay-gradient":""},"mobile":{"background-color":"var(--ast-global-color-5)","background-image":"","background-repeat":"repeat","background-position":"center center","background-size":"auto","background-attachment":"scroll","background-type":"","background-media":"","overlay-type":"","overlay-color":"","overlay-opacity":"","overlay-gradient":""}},"footnotes":""},"categories":[11,10,65,64,74,61,1,4],"tags":[],"class_list":["post-2920","post","type-post","status-publish","format-standard","has-post-thumbnail","hentry","category-6a-cs","category-5a-cs","category-6b-cs","category-5b-cs","category-biblioteca","category-ci","category-general","category-portada"],"post_mailing_queue_ids":[],"_links":{"self":[{"href":"https:\/\/agora.xtec.cat\/ceip-peredetera\/wp-json\/wp\/v2\/posts\/2920","targetHints":{"allow":["GET"]}}],"collection":[{"href":"https:\/\/agora.xtec.cat\/ceip-peredetera\/wp-json\/wp\/v2\/posts"}],"about":[{"href":"https:\/\/agora.xtec.cat\/ceip-peredetera\/wp-json\/wp\/v2\/types\/post"}],"author":[{"embeddable":true,"href":"https:\/\/agora.xtec.cat\/ceip-peredetera\/wp-json\/wp\/v2\/users\/4"}],"replies":[{"embeddable":true,"href":"https:\/\/agora.xtec.cat\/ceip-peredetera\/wp-json\/wp\/v2\/comments?post=2920"}],"version-history":[{"count":2,"href":"https:\/\/agora.xtec.cat\/ceip-peredetera\/wp-json\/wp\/v2\/posts\/2920\/revisions"}],"predecessor-version":[{"id":2926,"href":"https:\/\/agora.xtec.cat\/ceip-peredetera\/wp-json\/wp\/v2\/posts\/2920\/revisions\/2926"}],"wp:featuredmedia":[{"embeddable":true,"href":"https:\/\/agora.xtec.cat\/ceip-peredetera\/wp-json\/wp\/v2\/media\/2924"}],"wp:attachment":[{"href":"https:\/\/agora.xtec.cat\/ceip-peredetera\/wp-json\/wp\/v2\/media?parent=2920"}],"wp:term":[{"taxonomy":"category","embeddable":true,"href":"https:\/\/agora.xtec.cat\/ceip-peredetera\/wp-json\/wp\/v2\/categories?post=2920"},{"taxonomy":"post_tag","embeddable":true,"href":"https:\/\/agora.xtec.cat\/ceip-peredetera\/wp-json\/wp\/v2\/tags?post=2920"}],"curies":[{"name":"wp","href":"https:\/\/api.w.org\/{rel}","templated":true}]}}