{"id":2911,"date":"2019-03-13T22:23:13","date_gmt":"2019-03-13T21:23:13","guid":{"rendered":"http:\/\/agora.xtec.cat\/ceip-peredetera\/?p=2911"},"modified":"2019-06-25T22:43:13","modified_gmt":"2019-06-25T20:43:13","slug":"em-dic-yoon","status":"publish","type":"post","link":"https:\/\/agora.xtec.cat\/ceip-peredetera\/general\/em-dic-yoon\/","title":{"rendered":"Em dic Yoon"},"content":{"rendered":"<p>Per les darreres sessions de contacontes de 1r i 2n el Colorins va escollir el conte \u201cEm dic Yoon\u201d d\u2019Helen Recorvits i de l\u2019editorial Juventud. Aquest llibre ens explica la hist\u00f2ria de la Yoon, una nena coreana que fa molt poc que viu a Catalunya. Al principi se sent sola, trista i nom\u00e9s pensa en tornar al seu pa\u00eds. A l\u2019escola la mestra li demana que escrigui el seu nom en catal\u00e0, per\u00f2 ella encara no n\u2019est\u00e0 preparada (li agrada m\u00e9s el seu nom en core\u00e0). Comen\u00e7a escrivint paraules que ha sentit a la classe o al pati, com: gat, ocell o magdalena&#8230; S\u2019imagina com seria convertir-se en un ocell i tornar volant al seu pa\u00eds o qu\u00e8 passaria si fos una magdalena, segur que els nens i nenes de la classe riurien molt i fins i tot se la voldrien menjar!<\/p>\n<p>Mica en mica es va adonant que aquest nou lloc on li ha tocat viure, no est\u00e0 tan malament! Comen\u00e7a a fer nous amics i se sent feli\u00e7 a l\u2019escola. Finalment es decideix a escriure el seu nom, \u201cYoon\u201d, aquest cop, en catal\u00e0.<\/p>\n<p>Als nens i nenes de 1r i 2n els hi ha encantat la hist\u00f2ria de la Yoon i alguns han explicat que quan van arribar del seu pa\u00eds tamb\u00e9 els hi va passar el mateix, per\u00f2 mica en mica, es van anar adaptant i van fer nous amics i amigues!<\/p>\n<p><a href=\"https:\/\/agora.xtec.cat\/ceip-peredetera\/wp-content\/uploads\/usu1268\/2019\/06\/WhatsApp-Image-2019-02-14-at-18.25.08.jpeg\">\u00a0 <img loading=\"lazy\" decoding=\"async\" class=\"\" src=\"https:\/\/www.editorialjuventud.es\/wp-content\/uploads\/2018\/08\/3336.jpg\" alt=\"Resultado de imagen de Em dic yoon\" width=\"261\" height=\"251\" \/> \u00a0 <\/a><a href=\"https:\/\/agora.xtec.cat\/ceip-peredetera\/wp-content\/uploads\/usu1268\/2019\/06\/WhatsApp-Image-2019-02-14-at-18.25.09.jpeg\"><img loading=\"lazy\" decoding=\"async\" class=\"alignnone wp-image-2912\" src=\"https:\/\/agora.xtec.cat\/ceip-peredetera\/wp-content\/uploads\/usu1268\/2019\/06\/WhatsApp-Image-2019-02-14-at-18.25.09-300x225.jpeg\" alt=\"\" width=\"333\" height=\"251\" srcset=\"https:\/\/agora.xtec.cat\/ceip-peredetera\/wp-content\/uploads\/usu1268\/2019\/06\/WhatsApp-Image-2019-02-14-at-18.25.09-300x225.jpeg 300w, https:\/\/agora.xtec.cat\/ceip-peredetera\/wp-content\/uploads\/usu1268\/2019\/06\/WhatsApp-Image-2019-02-14-at-18.25.09-768x576.jpeg 768w, https:\/\/agora.xtec.cat\/ceip-peredetera\/wp-content\/uploads\/usu1268\/2019\/06\/WhatsApp-Image-2019-02-14-at-18.25.09-1024x768.jpeg 1024w, https:\/\/agora.xtec.cat\/ceip-peredetera\/wp-content\/uploads\/usu1268\/2019\/06\/WhatsApp-Image-2019-02-14-at-18.25.09-200x150.jpeg 200w, https:\/\/agora.xtec.cat\/ceip-peredetera\/wp-content\/uploads\/usu1268\/2019\/06\/WhatsApp-Image-2019-02-14-at-18.25.09.jpeg 1600w\" sizes=\"auto, (max-width: 333px) 100vw, 333px\" \/> <\/a><\/p>\n","protected":false},"excerpt":{"rendered":"<p>Per les darreres sessions de contacontes de 1r i 2n el Colorins va escollir el conte \u201cEm dic Yoon\u201d d\u2019Helen Recorvits i de l\u2019editorial Juventud. Aquest llibre ens explica la hist\u00f2ria de la Yoon, una nena coreana que fa molt poc que viu a Catalunya. Al principi se sent sola, trista i nom\u00e9s pensa en [&hellip;]<\/p>\n","protected":false},"author":4,"featured_media":2914,"comment_status":"closed","ping_status":"closed","sticky":false,"template":"","format":"standard","meta":{"_bbp_topic_count":0,"_bbp_reply_count":0,"_bbp_total_topic_count":0,"_bbp_total_reply_count":0,"_bbp_voice_count":0,"_bbp_anonymous_reply_count":0,"_bbp_topic_count_hidden":0,"_bbp_reply_count_hidden":0,"_bbp_forum_subforum_count":0,"site-sidebar-layout":"default","site-content-layout":"","ast-site-content-layout":"","site-content-style":"default","site-sidebar-style":"default","ast-global-header-display":"","ast-banner-title-visibility":"","ast-main-header-display":"","ast-hfb-above-header-display":"","ast-hfb-below-header-display":"","ast-hfb-mobile-header-display":"","site-post-title":"","ast-breadcrumbs-content":"","ast-featured-img":"","footer-sml-layout":"","theme-transparent-header-meta":"","adv-header-id-meta":"","stick-header-meta":"","header-above-stick-meta":"","header-main-stick-meta":"","header-below-stick-meta":"","astra-migrate-meta-layouts":"default","ast-page-background-enabled":"default","ast-page-background-meta":{"desktop":{"background-color":"var(--ast-global-color-4)","background-image":"","background-repeat":"repeat","background-position":"center center","background-size":"auto","background-attachment":"scroll","background-type":"","background-media":"","overlay-type":"","overlay-color":"","overlay-opacity":"","overlay-gradient":""},"tablet":{"background-color":"","background-image":"","background-repeat":"repeat","background-position":"center center","background-size":"auto","background-attachment":"scroll","background-type":"","background-media":"","overlay-type":"","overlay-color":"","overlay-opacity":"","overlay-gradient":""},"mobile":{"background-color":"","background-image":"","background-repeat":"repeat","background-position":"center center","background-size":"auto","background-attachment":"scroll","background-type":"","background-media":"","overlay-type":"","overlay-color":"","overlay-opacity":"","overlay-gradient":""}},"ast-content-background-meta":{"desktop":{"background-color":"var(--ast-global-color-5)","background-image":"","background-repeat":"repeat","background-position":"center center","background-size":"auto","background-attachment":"scroll","background-type":"","background-media":"","overlay-type":"","overlay-color":"","overlay-opacity":"","overlay-gradient":""},"tablet":{"background-color":"var(--ast-global-color-5)","background-image":"","background-repeat":"repeat","background-position":"center center","background-size":"auto","background-attachment":"scroll","background-type":"","background-media":"","overlay-type":"","overlay-color":"","overlay-opacity":"","overlay-gradient":""},"mobile":{"background-color":"var(--ast-global-color-5)","background-image":"","background-repeat":"repeat","background-position":"center center","background-size":"auto","background-attachment":"scroll","background-type":"","background-media":"","overlay-type":"","overlay-color":"","overlay-opacity":"","overlay-gradient":""}},"footnotes":""},"categories":[11,10,65,64,74,61,1,4],"tags":[],"class_list":["post-2911","post","type-post","status-publish","format-standard","has-post-thumbnail","hentry","category-6a-cs","category-5a-cs","category-6b-cs","category-5b-cs","category-biblioteca","category-ci","category-general","category-portada"],"post_mailing_queue_ids":[],"_links":{"self":[{"href":"https:\/\/agora.xtec.cat\/ceip-peredetera\/wp-json\/wp\/v2\/posts\/2911","targetHints":{"allow":["GET"]}}],"collection":[{"href":"https:\/\/agora.xtec.cat\/ceip-peredetera\/wp-json\/wp\/v2\/posts"}],"about":[{"href":"https:\/\/agora.xtec.cat\/ceip-peredetera\/wp-json\/wp\/v2\/types\/post"}],"author":[{"embeddable":true,"href":"https:\/\/agora.xtec.cat\/ceip-peredetera\/wp-json\/wp\/v2\/users\/4"}],"replies":[{"embeddable":true,"href":"https:\/\/agora.xtec.cat\/ceip-peredetera\/wp-json\/wp\/v2\/comments?post=2911"}],"version-history":[{"count":1,"href":"https:\/\/agora.xtec.cat\/ceip-peredetera\/wp-json\/wp\/v2\/posts\/2911\/revisions"}],"predecessor-version":[{"id":2915,"href":"https:\/\/agora.xtec.cat\/ceip-peredetera\/wp-json\/wp\/v2\/posts\/2911\/revisions\/2915"}],"wp:featuredmedia":[{"embeddable":true,"href":"https:\/\/agora.xtec.cat\/ceip-peredetera\/wp-json\/wp\/v2\/media\/2914"}],"wp:attachment":[{"href":"https:\/\/agora.xtec.cat\/ceip-peredetera\/wp-json\/wp\/v2\/media?parent=2911"}],"wp:term":[{"taxonomy":"category","embeddable":true,"href":"https:\/\/agora.xtec.cat\/ceip-peredetera\/wp-json\/wp\/v2\/categories?post=2911"},{"taxonomy":"post_tag","embeddable":true,"href":"https:\/\/agora.xtec.cat\/ceip-peredetera\/wp-json\/wp\/v2\/tags?post=2911"}],"curies":[{"name":"wp","href":"https:\/\/api.w.org\/{rel}","templated":true}]}}