{"id":2744,"date":"2019-06-03T09:00:20","date_gmt":"2019-06-03T07:00:20","guid":{"rendered":"http:\/\/agora.xtec.cat\/ceip-peredetera\/?p=2744"},"modified":"2019-06-03T01:05:44","modified_gmt":"2019-06-02T23:05:44","slug":"comiat-del-projecte-lecxit","status":"publish","type":"post","link":"https:\/\/agora.xtec.cat\/ceip-peredetera\/general\/comiat-del-projecte-lecxit\/","title":{"rendered":"Comiat del projecte LECXIT"},"content":{"rendered":"<p>El passat dijous 30 de maig, va tenir lloc l&#8217;\u00faltima sessi\u00f3 del projecte LECXIT.<\/p>\n<p style=\"text-align: justify\">El LECXIT \u00e9s un programa que t\u00e9 per objectiu incrementar l&#8217;\u00e8xit educatiu dels infants promovent la millora de la seva <strong>comprensi\u00f3 lectora<\/strong> d\u2019una forma vivencial, l\u00fadica i atractiva. Tot aix\u00f2, \u00e9s possible gr\u00e0cies a l&#8217;equip de <strong>voluntariat<\/strong> que, sense \u00e0nim de lucre, participa del programa amb il\u00b7lusi\u00f3 i entusiasme.<\/p>\n<p><a href=\"https:\/\/agora.xtec.cat\/ceip-peredetera\/wp-content\/uploads\/usu1268\/2019\/06\/IMG-20190531-WA0034.jpg\"><img loading=\"lazy\" decoding=\"async\" class=\"alignnone size-large wp-image-2747\" src=\"https:\/\/agora.xtec.cat\/ceip-peredetera\/wp-content\/uploads\/usu1268\/2019\/06\/IMG-20190531-WA0034-1024x576.jpg\" alt=\"\" width=\"1024\" height=\"576\" srcset=\"https:\/\/agora.xtec.cat\/ceip-peredetera\/wp-content\/uploads\/usu1268\/2019\/06\/IMG-20190531-WA0034-1024x576.jpg 1024w, https:\/\/agora.xtec.cat\/ceip-peredetera\/wp-content\/uploads\/usu1268\/2019\/06\/IMG-20190531-WA0034-300x169.jpg 300w, https:\/\/agora.xtec.cat\/ceip-peredetera\/wp-content\/uploads\/usu1268\/2019\/06\/IMG-20190531-WA0034-768x432.jpg 768w, https:\/\/agora.xtec.cat\/ceip-peredetera\/wp-content\/uploads\/usu1268\/2019\/06\/IMG-20190531-WA0034.jpg 1600w\" sizes=\"auto, (max-width: 1024px) 100vw, 1024px\" \/><\/a><\/p>\n<p style=\"text-align: justify\">Els i les alumnes que han format part del programa, el valoren com una experi\u00e8ncia enriquidora i positiva. Per aquest motiu, aprofitant el comiat, van compartir un berenar conjuntament i van dedicar-se unes paraules. Tamb\u00e9 va haver-hi temps per rendir un petit HOMENATGE a la tasca pedag\u00f2gica de les volunt\u00e0ries i fer entrega d\u2019uns detalls, tant al personal educatiu implicat com a l\u2019alumnat participant.<\/p>\n<p style=\"text-align: justify\">Des de l\u2019escola, donem les gr\u00e0cies a les volunt\u00e0ries i especialment a la Judit, la Marta Bravo i en Jaume. Sense vosaltres no hagu\u00e9s estat possible!<\/p>\n<p>&nbsp;<\/p>\n","protected":false},"excerpt":{"rendered":"<p>El passat dijous 30 de maig, va tenir lloc l&#8217;\u00faltima sessi\u00f3 del projecte LECXIT. El LECXIT \u00e9s un programa que t\u00e9 per objectiu incrementar l&#8217;\u00e8xit educatiu dels infants promovent la millora de la seva comprensi\u00f3 lectora d\u2019una forma vivencial, l\u00fadica i atractiva. Tot aix\u00f2, \u00e9s possible gr\u00e0cies a l&#8217;equip de voluntariat que, sense \u00e0nim de [&hellip;]<\/p>\n","protected":false},"author":4,"featured_media":2747,"comment_status":"closed","ping_status":"closed","sticky":false,"template":"","format":"standard","meta":{"_bbp_topic_count":0,"_bbp_reply_count":0,"_bbp_total_topic_count":0,"_bbp_total_reply_count":0,"_bbp_voice_count":0,"_bbp_anonymous_reply_count":0,"_bbp_topic_count_hidden":0,"_bbp_reply_count_hidden":0,"_bbp_forum_subforum_count":0,"site-sidebar-layout":"default","site-content-layout":"","ast-site-content-layout":"","site-content-style":"default","site-sidebar-style":"default","ast-global-header-display":"","ast-banner-title-visibility":"","ast-main-header-display":"","ast-hfb-above-header-display":"","ast-hfb-below-header-display":"","ast-hfb-mobile-header-display":"","site-post-title":"","ast-breadcrumbs-content":"","ast-featured-img":"","footer-sml-layout":"","theme-transparent-header-meta":"","adv-header-id-meta":"","stick-header-meta":"","header-above-stick-meta":"","header-main-stick-meta":"","header-below-stick-meta":"","astra-migrate-meta-layouts":"default","ast-page-background-enabled":"default","ast-page-background-meta":{"desktop":{"background-color":"var(--ast-global-color-4)","background-image":"","background-repeat":"repeat","background-position":"center center","background-size":"auto","background-attachment":"scroll","background-type":"","background-media":"","overlay-type":"","overlay-color":"","overlay-opacity":"","overlay-gradient":""},"tablet":{"background-color":"","background-image":"","background-repeat":"repeat","background-position":"center center","background-size":"auto","background-attachment":"scroll","background-type":"","background-media":"","overlay-type":"","overlay-color":"","overlay-opacity":"","overlay-gradient":""},"mobile":{"background-color":"","background-image":"","background-repeat":"repeat","background-position":"center center","background-size":"auto","background-attachment":"scroll","background-type":"","background-media":"","overlay-type":"","overlay-color":"","overlay-opacity":"","overlay-gradient":""}},"ast-content-background-meta":{"desktop":{"background-color":"var(--ast-global-color-5)","background-image":"","background-repeat":"repeat","background-position":"center center","background-size":"auto","background-attachment":"scroll","background-type":"","background-media":"","overlay-type":"","overlay-color":"","overlay-opacity":"","overlay-gradient":""},"tablet":{"background-color":"var(--ast-global-color-5)","background-image":"","background-repeat":"repeat","background-position":"center center","background-size":"auto","background-attachment":"scroll","background-type":"","background-media":"","overlay-type":"","overlay-color":"","overlay-opacity":"","overlay-gradient":""},"mobile":{"background-color":"var(--ast-global-color-5)","background-image":"","background-repeat":"repeat","background-position":"center center","background-size":"auto","background-attachment":"scroll","background-type":"","background-media":"","overlay-type":"","overlay-color":"","overlay-opacity":"","overlay-gradient":""}},"footnotes":""},"categories":[74,1,4,5],"tags":[],"class_list":["post-2744","post","type-post","status-publish","format-standard","has-post-thumbnail","hentry","category-biblioteca","category-general","category-portada","category-primaria"],"post_mailing_queue_ids":[],"_links":{"self":[{"href":"https:\/\/agora.xtec.cat\/ceip-peredetera\/wp-json\/wp\/v2\/posts\/2744","targetHints":{"allow":["GET"]}}],"collection":[{"href":"https:\/\/agora.xtec.cat\/ceip-peredetera\/wp-json\/wp\/v2\/posts"}],"about":[{"href":"https:\/\/agora.xtec.cat\/ceip-peredetera\/wp-json\/wp\/v2\/types\/post"}],"author":[{"embeddable":true,"href":"https:\/\/agora.xtec.cat\/ceip-peredetera\/wp-json\/wp\/v2\/users\/4"}],"replies":[{"embeddable":true,"href":"https:\/\/agora.xtec.cat\/ceip-peredetera\/wp-json\/wp\/v2\/comments?post=2744"}],"version-history":[{"count":4,"href":"https:\/\/agora.xtec.cat\/ceip-peredetera\/wp-json\/wp\/v2\/posts\/2744\/revisions"}],"predecessor-version":[{"id":2749,"href":"https:\/\/agora.xtec.cat\/ceip-peredetera\/wp-json\/wp\/v2\/posts\/2744\/revisions\/2749"}],"wp:featuredmedia":[{"embeddable":true,"href":"https:\/\/agora.xtec.cat\/ceip-peredetera\/wp-json\/wp\/v2\/media\/2747"}],"wp:attachment":[{"href":"https:\/\/agora.xtec.cat\/ceip-peredetera\/wp-json\/wp\/v2\/media?parent=2744"}],"wp:term":[{"taxonomy":"category","embeddable":true,"href":"https:\/\/agora.xtec.cat\/ceip-peredetera\/wp-json\/wp\/v2\/categories?post=2744"},{"taxonomy":"post_tag","embeddable":true,"href":"https:\/\/agora.xtec.cat\/ceip-peredetera\/wp-json\/wp\/v2\/tags?post=2744"}],"curies":[{"name":"wp","href":"https:\/\/api.w.org\/{rel}","templated":true}]}}