{"id":2717,"date":"2019-05-18T08:29:33","date_gmt":"2019-05-18T06:29:33","guid":{"rendered":"http:\/\/agora.xtec.cat\/ceip-peredetera\/?p=2717"},"modified":"2019-07-11T17:17:31","modified_gmt":"2019-07-11T15:17:31","slug":"mercat-de-la-salut-4t","status":"publish","type":"post","link":"https:\/\/agora.xtec.cat\/ceip-peredetera\/general\/mercat-de-la-salut-4t\/","title":{"rendered":"Mercat de la Salut 4t"},"content":{"rendered":"<p><strong><span style=\"color: #ff9900;\">A quart hem estat treballant el cos i l&#8217;alimentaci\u00f3 i com a activitat final vam visitar el <a href=\"https:\/\/photos.app.goo.gl\/hsUrpov2gYM8qwiUA\">mercat de la Salut<\/a>.<\/span><\/strong><\/p>\n<p><span style=\"color: #008000;\"><strong>All\u00e0 vam fer una activitat per grups de descoberta, vam parlar amb les botigueres i botiguers i la gent del barri que hi estava comprant. Ens vam passar el mat\u00ed investigant les parades del mercat i els aliments que s&#8217;hi venen, i al final vam comprar unes quantes fruites que a l&#8217;endem\u00e0 ens vam menjar en una m\u00e9s que deliciosa maced\u00f2nia preparada per nosaltres mateixos!!!<\/strong>\u00a0<\/span><\/p>\n<p><strong><span style=\"color: #800080;\">RECORDEU: la fruita \u00e9s un aliment regulador que a banda de ser deliciosa ens ajuda a fer funcionar millor el cos!\u00a0<\/span><\/strong><\/p>\n<p><a href=\"https:\/\/agora.xtec.cat\/ceip-peredetera\/wp-content\/uploads\/usu1268\/2019\/05\/foto-tapa.jpg\"><img loading=\"lazy\" decoding=\"async\" class=\"alignnone size-large wp-image-2718\" src=\"https:\/\/agora.xtec.cat\/ceip-peredetera\/wp-content\/uploads\/usu1268\/2019\/05\/foto-tapa-1024x765.jpg\" alt=\"\" width=\"1024\" height=\"765\" srcset=\"https:\/\/agora.xtec.cat\/ceip-peredetera\/wp-content\/uploads\/usu1268\/2019\/05\/foto-tapa-1024x765.jpg 1024w, https:\/\/agora.xtec.cat\/ceip-peredetera\/wp-content\/uploads\/usu1268\/2019\/05\/foto-tapa-300x224.jpg 300w, https:\/\/agora.xtec.cat\/ceip-peredetera\/wp-content\/uploads\/usu1268\/2019\/05\/foto-tapa-768x574.jpg 768w, https:\/\/agora.xtec.cat\/ceip-peredetera\/wp-content\/uploads\/usu1268\/2019\/05\/foto-tapa-200x150.jpg 200w\" sizes=\"auto, (max-width: 1024px) 100vw, 1024px\" \/><\/a><\/p>\n","protected":false},"excerpt":{"rendered":"<p>A quart hem estat treballant el cos i l&#8217;alimentaci\u00f3 i com a activitat final vam visitar el mercat de la Salut. All\u00e0 vam fer una activitat per grups de descoberta, vam parlar amb les botigueres i botiguers i la gent del barri que hi estava comprant. Ens vam passar el mat\u00ed investigant les parades del [&hellip;]<\/p>\n","protected":false},"author":4,"featured_media":2718,"comment_status":"closed","ping_status":"closed","sticky":false,"template":"","format":"standard","meta":{"_bbp_topic_count":0,"_bbp_reply_count":0,"_bbp_total_topic_count":0,"_bbp_total_reply_count":0,"_bbp_voice_count":0,"_bbp_anonymous_reply_count":0,"_bbp_topic_count_hidden":0,"_bbp_reply_count_hidden":0,"_bbp_forum_subforum_count":0,"site-sidebar-layout":"default","site-content-layout":"","ast-site-content-layout":"","site-content-style":"default","site-sidebar-style":"default","ast-global-header-display":"","ast-banner-title-visibility":"","ast-main-header-display":"","ast-hfb-above-header-display":"","ast-hfb-below-header-display":"","ast-hfb-mobile-header-display":"","site-post-title":"","ast-breadcrumbs-content":"","ast-featured-img":"","footer-sml-layout":"","theme-transparent-header-meta":"","adv-header-id-meta":"","stick-header-meta":"","header-above-stick-meta":"","header-main-stick-meta":"","header-below-stick-meta":"","astra-migrate-meta-layouts":"default","ast-page-background-enabled":"default","ast-page-background-meta":{"desktop":{"background-color":"var(--ast-global-color-4)","background-image":"","background-repeat":"repeat","background-position":"center center","background-size":"auto","background-attachment":"scroll","background-type":"","background-media":"","overlay-type":"","overlay-color":"","overlay-opacity":"","overlay-gradient":""},"tablet":{"background-color":"","background-image":"","background-repeat":"repeat","background-position":"center center","background-size":"auto","background-attachment":"scroll","background-type":"","background-media":"","overlay-type":"","overlay-color":"","overlay-opacity":"","overlay-gradient":""},"mobile":{"background-color":"","background-image":"","background-repeat":"repeat","background-position":"center center","background-size":"auto","background-attachment":"scroll","background-type":"","background-media":"","overlay-type":"","overlay-color":"","overlay-opacity":"","overlay-gradient":""}},"ast-content-background-meta":{"desktop":{"background-color":"var(--ast-global-color-5)","background-image":"","background-repeat":"repeat","background-position":"center center","background-size":"auto","background-attachment":"scroll","background-type":"","background-media":"","overlay-type":"","overlay-color":"","overlay-opacity":"","overlay-gradient":""},"tablet":{"background-color":"var(--ast-global-color-5)","background-image":"","background-repeat":"repeat","background-position":"center center","background-size":"auto","background-attachment":"scroll","background-type":"","background-media":"","overlay-type":"","overlay-color":"","overlay-opacity":"","overlay-gradient":""},"mobile":{"background-color":"var(--ast-global-color-5)","background-image":"","background-repeat":"repeat","background-position":"center center","background-size":"auto","background-attachment":"scroll","background-type":"","background-media":"","overlay-type":"","overlay-color":"","overlay-opacity":"","overlay-gradient":""}},"footnotes":""},"categories":[13,67,62,1,4,5,73],"tags":[142],"class_list":["post-2717","post","type-post","status-publish","format-standard","has-post-thumbnail","hentry","category-6a","category-6b-promocions-antigues","category-cm","category-general","category-portada","category-primaria","category-sortides","tag-curs-18-19"],"post_mailing_queue_ids":[],"_links":{"self":[{"href":"https:\/\/agora.xtec.cat\/ceip-peredetera\/wp-json\/wp\/v2\/posts\/2717","targetHints":{"allow":["GET"]}}],"collection":[{"href":"https:\/\/agora.xtec.cat\/ceip-peredetera\/wp-json\/wp\/v2\/posts"}],"about":[{"href":"https:\/\/agora.xtec.cat\/ceip-peredetera\/wp-json\/wp\/v2\/types\/post"}],"author":[{"embeddable":true,"href":"https:\/\/agora.xtec.cat\/ceip-peredetera\/wp-json\/wp\/v2\/users\/4"}],"replies":[{"embeddable":true,"href":"https:\/\/agora.xtec.cat\/ceip-peredetera\/wp-json\/wp\/v2\/comments?post=2717"}],"version-history":[{"count":2,"href":"https:\/\/agora.xtec.cat\/ceip-peredetera\/wp-json\/wp\/v2\/posts\/2717\/revisions"}],"predecessor-version":[{"id":3017,"href":"https:\/\/agora.xtec.cat\/ceip-peredetera\/wp-json\/wp\/v2\/posts\/2717\/revisions\/3017"}],"wp:featuredmedia":[{"embeddable":true,"href":"https:\/\/agora.xtec.cat\/ceip-peredetera\/wp-json\/wp\/v2\/media\/2718"}],"wp:attachment":[{"href":"https:\/\/agora.xtec.cat\/ceip-peredetera\/wp-json\/wp\/v2\/media?parent=2717"}],"wp:term":[{"taxonomy":"category","embeddable":true,"href":"https:\/\/agora.xtec.cat\/ceip-peredetera\/wp-json\/wp\/v2\/categories?post=2717"},{"taxonomy":"post_tag","embeddable":true,"href":"https:\/\/agora.xtec.cat\/ceip-peredetera\/wp-json\/wp\/v2\/tags?post=2717"}],"curies":[{"name":"wp","href":"https:\/\/api.w.org\/{rel}","templated":true}]}}