{"id":2677,"date":"2019-02-04T21:54:32","date_gmt":"2019-02-04T20:54:32","guid":{"rendered":"http:\/\/agora.xtec.cat\/ceip-peredetera\/?p=2677"},"modified":"2019-05-07T22:10:45","modified_gmt":"2019-05-07T20:10:45","slug":"el-dia-de-la-pau-pastis-per-enemics","status":"publish","type":"post","link":"https:\/\/agora.xtec.cat\/ceip-peredetera\/general\/el-dia-de-la-pau-pastis-per-enemics\/","title":{"rendered":"EL DIA DE LA PAU: PAST\u00cdS PER ENEMICS"},"content":{"rendered":"<p>El dia de la Pau, els alumnes de\u00a0 1r i 2n vam escoltar el\u00a0 conte &#8220;<strong>Past\u00eds per a enemics<\/strong>&#8221; de Derek Munson i de l&#8217;editorial Joventut. Ens ho vam passar molt b\u00e9 ordenant entre tots i totes les diferents escenes del llibre!<\/p>\n<p>Ens ha agradat molt i hem ent\u00e8s que a vegades hi ha persones que no ens cauen b\u00e9 perqu\u00e8 realment no les coneixem. Algun dels alumnes va dir que la millor manera de desfer-se d&#8217;un enemic \u00e9s convertir-lo en el teu amic. Quanta ra\u00f3!<\/p>\n<p>Si voleu escoltar la hist\u00f2ria en angl\u00e8s, aqu\u00ed teniu un v\u00eddeo per practicar una miqueta!<\/p>\n<p><a href=\"https:\/\/www.youtube.com\/watch?time_continue=1&amp;v=b_I9NgXKtC8\">https:\/\/www.youtube.com\/w<\/a><a href=\"https:\/\/www.youtube.com\/watch?time_continue=1&amp;v=b_I9NgXKtC8\">time_continue=1&amp;v=b_I9NgXKtC<\/a><a href=\"https:\/\/www.youtube.com\/watch?time_continue=1&amp;v=b_I9NgXKtC8\">8<\/a><\/p>\n<p><a href=\"https:\/\/agora.xtec.cat\/ceip-peredetera\/wp-content\/uploads\/usu1268\/2019\/05\/WhatsApp-Image-2019-02-08-at-15.23.17.jpeg\"><img loading=\"lazy\" decoding=\"async\" class=\"alignnone wp-image-2683\" src=\"https:\/\/agora.xtec.cat\/ceip-peredetera\/wp-content\/uploads\/usu1268\/2019\/05\/WhatsApp-Image-2019-02-08-at-15.23.17-300x225.jpeg\" alt=\"\" width=\"249\" height=\"188\" srcset=\"https:\/\/agora.xtec.cat\/ceip-peredetera\/wp-content\/uploads\/usu1268\/2019\/05\/WhatsApp-Image-2019-02-08-at-15.23.17-300x225.jpeg 300w, https:\/\/agora.xtec.cat\/ceip-peredetera\/wp-content\/uploads\/usu1268\/2019\/05\/WhatsApp-Image-2019-02-08-at-15.23.17-768x576.jpeg 768w, https:\/\/agora.xtec.cat\/ceip-peredetera\/wp-content\/uploads\/usu1268\/2019\/05\/WhatsApp-Image-2019-02-08-at-15.23.17-1024x768.jpeg 1024w, https:\/\/agora.xtec.cat\/ceip-peredetera\/wp-content\/uploads\/usu1268\/2019\/05\/WhatsApp-Image-2019-02-08-at-15.23.17-200x150.jpeg 200w, https:\/\/agora.xtec.cat\/ceip-peredetera\/wp-content\/uploads\/usu1268\/2019\/05\/WhatsApp-Image-2019-02-08-at-15.23.17.jpeg 1600w\" sizes=\"auto, (max-width: 249px) 100vw, 249px\" \/><\/a>\u00a0\u00a0<a href=\"https:\/\/agora.xtec.cat\/ceip-peredetera\/wp-content\/uploads\/usu1268\/2019\/05\/WhatsApp-Image-2019-02-08-at-15.19.11.jpeg\"><img loading=\"lazy\" decoding=\"async\" class=\"alignnone wp-image-2682\" src=\"https:\/\/agora.xtec.cat\/ceip-peredetera\/wp-content\/uploads\/usu1268\/2019\/05\/WhatsApp-Image-2019-02-08-at-15.19.11-300x225.jpeg\" alt=\"\" width=\"264\" height=\"198\" srcset=\"https:\/\/agora.xtec.cat\/ceip-peredetera\/wp-content\/uploads\/usu1268\/2019\/05\/WhatsApp-Image-2019-02-08-at-15.19.11-300x225.jpeg 300w, https:\/\/agora.xtec.cat\/ceip-peredetera\/wp-content\/uploads\/usu1268\/2019\/05\/WhatsApp-Image-2019-02-08-at-15.19.11-768x576.jpeg 768w, https:\/\/agora.xtec.cat\/ceip-peredetera\/wp-content\/uploads\/usu1268\/2019\/05\/WhatsApp-Image-2019-02-08-at-15.19.11-1024x768.jpeg 1024w, https:\/\/agora.xtec.cat\/ceip-peredetera\/wp-content\/uploads\/usu1268\/2019\/05\/WhatsApp-Image-2019-02-08-at-15.19.11-200x150.jpeg 200w, https:\/\/agora.xtec.cat\/ceip-peredetera\/wp-content\/uploads\/usu1268\/2019\/05\/WhatsApp-Image-2019-02-08-at-15.19.11.jpeg 1600w\" sizes=\"auto, (max-width: 264px) 100vw, 264px\" \/><\/a><\/p>\n","protected":false},"excerpt":{"rendered":"<p>El dia de la Pau, els alumnes de\u00a0 1r i 2n vam escoltar el\u00a0 conte &#8220;Past\u00eds per a enemics&#8221; de Derek Munson i de l&#8217;editorial Joventut. Ens ho vam passar molt b\u00e9 ordenant entre tots i totes les diferents escenes del llibre! Ens ha agradat molt i hem ent\u00e8s que a vegades hi ha persones [&hellip;]<\/p>\n","protected":false},"author":4,"featured_media":2684,"comment_status":"closed","ping_status":"closed","sticky":false,"template":"","format":"standard","meta":{"_bbp_topic_count":0,"_bbp_reply_count":0,"_bbp_total_topic_count":0,"_bbp_total_reply_count":0,"_bbp_voice_count":0,"_bbp_anonymous_reply_count":0,"_bbp_topic_count_hidden":0,"_bbp_reply_count_hidden":0,"_bbp_forum_subforum_count":0,"site-sidebar-layout":"default","site-content-layout":"","ast-site-content-layout":"","site-content-style":"default","site-sidebar-style":"default","ast-global-header-display":"","ast-banner-title-visibility":"","ast-main-header-display":"","ast-hfb-above-header-display":"","ast-hfb-below-header-display":"","ast-hfb-mobile-header-display":"","site-post-title":"","ast-breadcrumbs-content":"","ast-featured-img":"","footer-sml-layout":"","theme-transparent-header-meta":"","adv-header-id-meta":"","stick-header-meta":"","header-above-stick-meta":"","header-main-stick-meta":"","header-below-stick-meta":"","astra-migrate-meta-layouts":"default","ast-page-background-enabled":"default","ast-page-background-meta":{"desktop":{"background-color":"var(--ast-global-color-4)","background-image":"","background-repeat":"repeat","background-position":"center center","background-size":"auto","background-attachment":"scroll","background-type":"","background-media":"","overlay-type":"","overlay-color":"","overlay-opacity":"","overlay-gradient":""},"tablet":{"background-color":"","background-image":"","background-repeat":"repeat","background-position":"center center","background-size":"auto","background-attachment":"scroll","background-type":"","background-media":"","overlay-type":"","overlay-color":"","overlay-opacity":"","overlay-gradient":""},"mobile":{"background-color":"","background-image":"","background-repeat":"repeat","background-position":"center center","background-size":"auto","background-attachment":"scroll","background-type":"","background-media":"","overlay-type":"","overlay-color":"","overlay-opacity":"","overlay-gradient":""}},"ast-content-background-meta":{"desktop":{"background-color":"var(--ast-global-color-5)","background-image":"","background-repeat":"repeat","background-position":"center center","background-size":"auto","background-attachment":"scroll","background-type":"","background-media":"","overlay-type":"","overlay-color":"","overlay-opacity":"","overlay-gradient":""},"tablet":{"background-color":"var(--ast-global-color-5)","background-image":"","background-repeat":"repeat","background-position":"center center","background-size":"auto","background-attachment":"scroll","background-type":"","background-media":"","overlay-type":"","overlay-color":"","overlay-opacity":"","overlay-gradient":""},"mobile":{"background-color":"var(--ast-global-color-5)","background-image":"","background-repeat":"repeat","background-position":"center center","background-size":"auto","background-attachment":"scroll","background-type":"","background-media":"","overlay-type":"","overlay-color":"","overlay-opacity":"","overlay-gradient":""}},"footnotes":""},"categories":[11,10,65,64,74,61,1],"tags":[],"class_list":["post-2677","post","type-post","status-publish","format-standard","has-post-thumbnail","hentry","category-6a-cs","category-5a-cs","category-6b-cs","category-5b-cs","category-biblioteca","category-ci","category-general"],"post_mailing_queue_ids":[],"_links":{"self":[{"href":"https:\/\/agora.xtec.cat\/ceip-peredetera\/wp-json\/wp\/v2\/posts\/2677","targetHints":{"allow":["GET"]}}],"collection":[{"href":"https:\/\/agora.xtec.cat\/ceip-peredetera\/wp-json\/wp\/v2\/posts"}],"about":[{"href":"https:\/\/agora.xtec.cat\/ceip-peredetera\/wp-json\/wp\/v2\/types\/post"}],"author":[{"embeddable":true,"href":"https:\/\/agora.xtec.cat\/ceip-peredetera\/wp-json\/wp\/v2\/users\/4"}],"replies":[{"embeddable":true,"href":"https:\/\/agora.xtec.cat\/ceip-peredetera\/wp-json\/wp\/v2\/comments?post=2677"}],"version-history":[{"count":3,"href":"https:\/\/agora.xtec.cat\/ceip-peredetera\/wp-json\/wp\/v2\/posts\/2677\/revisions"}],"predecessor-version":[{"id":2687,"href":"https:\/\/agora.xtec.cat\/ceip-peredetera\/wp-json\/wp\/v2\/posts\/2677\/revisions\/2687"}],"wp:featuredmedia":[{"embeddable":true,"href":"https:\/\/agora.xtec.cat\/ceip-peredetera\/wp-json\/wp\/v2\/media\/2684"}],"wp:attachment":[{"href":"https:\/\/agora.xtec.cat\/ceip-peredetera\/wp-json\/wp\/v2\/media?parent=2677"}],"wp:term":[{"taxonomy":"category","embeddable":true,"href":"https:\/\/agora.xtec.cat\/ceip-peredetera\/wp-json\/wp\/v2\/categories?post=2677"},{"taxonomy":"post_tag","embeddable":true,"href":"https:\/\/agora.xtec.cat\/ceip-peredetera\/wp-json\/wp\/v2\/tags?post=2677"}],"curies":[{"name":"wp","href":"https:\/\/api.w.org\/{rel}","templated":true}]}}