{"id":2340,"date":"2019-03-07T18:44:51","date_gmt":"2019-03-07T17:44:51","guid":{"rendered":"http:\/\/agora.xtec.cat\/ceip-peredetera\/?p=2340"},"modified":"2019-04-09T19:31:48","modified_gmt":"2019-04-09T17:31:48","slug":"lhort-del-pere-de-tera","status":"publish","type":"post","link":"https:\/\/agora.xtec.cat\/ceip-peredetera\/general\/lhort-del-pere-de-tera\/","title":{"rendered":"L&#8217;Hort del Pere de Tera 4t"},"content":{"rendered":"<p><span style=\"color: #008000;\">L&#8217;hort ja est\u00e0 en marxa! <\/span><\/p>\n<p><span style=\"color: #008000;\">Com cada any les nenes i nens de Cicle Mitj\u00e0 ens encarreguem de l&#8217;hort de l&#8217;escola. Amb l&#8217;ajuda del Momo hem comen\u00e7at preparant la terra, netejant l&#8217;espai i plantant algunes verdures com ara enciams, patates i cebes. Tamb\u00e9 hem plantat algunes flors al voltant dels arbres. I la gran novetat d&#8217;aquest curs \u00e9s que tenim una compostadora per elaborar el nostre propi compost, el millor aliment natural per a les plantes. <\/span><\/p>\n<p><span style=\"color: #008000;\">Cada dijous despr\u00e9s del pati ens trobareu a <a href=\"https:\/\/photos.app.goo.gl\/1AW6eVDFrRgHSiDW6\">l&#8217;hort<\/a> feinejant!!!<\/span><\/p>\n<p><a href=\"https:\/\/agora.xtec.cat\/ceip-peredetera\/wp-content\/uploads\/usu1268\/2019\/03\/IMG_20190207_121839.jpg\"><img loading=\"lazy\" decoding=\"async\" class=\"size-large wp-image-2341 aligncenter\" src=\"https:\/\/agora.xtec.cat\/ceip-peredetera\/wp-content\/uploads\/usu1268\/2019\/03\/IMG_20190207_121839-1024x575.jpg\" alt=\"\" width=\"1024\" height=\"575\" srcset=\"https:\/\/agora.xtec.cat\/ceip-peredetera\/wp-content\/uploads\/usu1268\/2019\/03\/IMG_20190207_121839-1024x575.jpg 1024w, https:\/\/agora.xtec.cat\/ceip-peredetera\/wp-content\/uploads\/usu1268\/2019\/03\/IMG_20190207_121839-300x168.jpg 300w, https:\/\/agora.xtec.cat\/ceip-peredetera\/wp-content\/uploads\/usu1268\/2019\/03\/IMG_20190207_121839-768x431.jpg 768w\" sizes=\"auto, (max-width: 1024px) 100vw, 1024px\" \/><\/a><\/p>\n","protected":false},"excerpt":{"rendered":"<p>L&#8217;hort ja est\u00e0 en marxa! Com cada any les nenes i nens de Cicle Mitj\u00e0 ens encarreguem de l&#8217;hort de l&#8217;escola. Amb l&#8217;ajuda del Momo hem comen\u00e7at preparant la terra, netejant l&#8217;espai i plantant algunes verdures com ara enciams, patates i cebes. Tamb\u00e9 hem plantat algunes flors al voltant dels arbres. I la gran novetat [&hellip;]<\/p>\n","protected":false},"author":4,"featured_media":2341,"comment_status":"closed","ping_status":"closed","sticky":false,"template":"","format":"standard","meta":{"_bbp_topic_count":0,"_bbp_reply_count":0,"_bbp_total_topic_count":0,"_bbp_total_reply_count":0,"_bbp_voice_count":0,"_bbp_anonymous_reply_count":0,"_bbp_topic_count_hidden":0,"_bbp_reply_count_hidden":0,"_bbp_forum_subforum_count":0,"site-sidebar-layout":"default","site-content-layout":"","ast-site-content-layout":"","site-content-style":"default","site-sidebar-style":"default","ast-global-header-display":"","ast-banner-title-visibility":"","ast-main-header-display":"","ast-hfb-above-header-display":"","ast-hfb-below-header-display":"","ast-hfb-mobile-header-display":"","site-post-title":"","ast-breadcrumbs-content":"","ast-featured-img":"","footer-sml-layout":"","theme-transparent-header-meta":"","adv-header-id-meta":"","stick-header-meta":"","header-above-stick-meta":"","header-main-stick-meta":"","header-below-stick-meta":"","astra-migrate-meta-layouts":"default","ast-page-background-enabled":"default","ast-page-background-meta":{"desktop":{"background-color":"var(--ast-global-color-4)","background-image":"","background-repeat":"repeat","background-position":"center center","background-size":"auto","background-attachment":"scroll","background-type":"","background-media":"","overlay-type":"","overlay-color":"","overlay-opacity":"","overlay-gradient":""},"tablet":{"background-color":"","background-image":"","background-repeat":"repeat","background-position":"center center","background-size":"auto","background-attachment":"scroll","background-type":"","background-media":"","overlay-type":"","overlay-color":"","overlay-opacity":"","overlay-gradient":""},"mobile":{"background-color":"","background-image":"","background-repeat":"repeat","background-position":"center center","background-size":"auto","background-attachment":"scroll","background-type":"","background-media":"","overlay-type":"","overlay-color":"","overlay-opacity":"","overlay-gradient":""}},"ast-content-background-meta":{"desktop":{"background-color":"var(--ast-global-color-5)","background-image":"","background-repeat":"repeat","background-position":"center center","background-size":"auto","background-attachment":"scroll","background-type":"","background-media":"","overlay-type":"","overlay-color":"","overlay-opacity":"","overlay-gradient":""},"tablet":{"background-color":"var(--ast-global-color-5)","background-image":"","background-repeat":"repeat","background-position":"center center","background-size":"auto","background-attachment":"scroll","background-type":"","background-media":"","overlay-type":"","overlay-color":"","overlay-opacity":"","overlay-gradient":""},"mobile":{"background-color":"var(--ast-global-color-5)","background-image":"","background-repeat":"repeat","background-position":"center center","background-size":"auto","background-attachment":"scroll","background-type":"","background-media":"","overlay-type":"","overlay-color":"","overlay-opacity":"","overlay-gradient":""}},"footnotes":""},"categories":[13,67,62,1,4,5],"tags":[142],"class_list":["post-2340","post","type-post","status-publish","format-standard","has-post-thumbnail","hentry","category-6a","category-6b-promocions-antigues","category-cm","category-general","category-portada","category-primaria","tag-curs-18-19"],"post_mailing_queue_ids":[],"_links":{"self":[{"href":"https:\/\/agora.xtec.cat\/ceip-peredetera\/wp-json\/wp\/v2\/posts\/2340","targetHints":{"allow":["GET"]}}],"collection":[{"href":"https:\/\/agora.xtec.cat\/ceip-peredetera\/wp-json\/wp\/v2\/posts"}],"about":[{"href":"https:\/\/agora.xtec.cat\/ceip-peredetera\/wp-json\/wp\/v2\/types\/post"}],"author":[{"embeddable":true,"href":"https:\/\/agora.xtec.cat\/ceip-peredetera\/wp-json\/wp\/v2\/users\/4"}],"replies":[{"embeddable":true,"href":"https:\/\/agora.xtec.cat\/ceip-peredetera\/wp-json\/wp\/v2\/comments?post=2340"}],"version-history":[{"count":2,"href":"https:\/\/agora.xtec.cat\/ceip-peredetera\/wp-json\/wp\/v2\/posts\/2340\/revisions"}],"predecessor-version":[{"id":2343,"href":"https:\/\/agora.xtec.cat\/ceip-peredetera\/wp-json\/wp\/v2\/posts\/2340\/revisions\/2343"}],"wp:featuredmedia":[{"embeddable":true,"href":"https:\/\/agora.xtec.cat\/ceip-peredetera\/wp-json\/wp\/v2\/media\/2341"}],"wp:attachment":[{"href":"https:\/\/agora.xtec.cat\/ceip-peredetera\/wp-json\/wp\/v2\/media?parent=2340"}],"wp:term":[{"taxonomy":"category","embeddable":true,"href":"https:\/\/agora.xtec.cat\/ceip-peredetera\/wp-json\/wp\/v2\/categories?post=2340"},{"taxonomy":"post_tag","embeddable":true,"href":"https:\/\/agora.xtec.cat\/ceip-peredetera\/wp-json\/wp\/v2\/tags?post=2340"}],"curies":[{"name":"wp","href":"https:\/\/api.w.org\/{rel}","templated":true}]}}