{"id":2241,"date":"2019-02-21T13:43:53","date_gmt":"2019-02-21T12:43:53","guid":{"rendered":"http:\/\/agora.xtec.cat\/ceip-peredetera\/?p=2241"},"modified":"2020-06-14T15:45:34","modified_gmt":"2020-06-14T13:45:34","slug":"fem-de-cuiners-al-mercat-de-la-boqueria","status":"publish","type":"post","link":"https:\/\/agora.xtec.cat\/ceip-peredetera\/general\/fem-de-cuiners-al-mercat-de-la-boqueria\/","title":{"rendered":"Fem de cuiners al mercat de la Boqueria!"},"content":{"rendered":"<p>Aquest curs dins el projecte d&#8217;escola sobre les dones, els alumnes de 3A han estat treballant la Carme Ruscalleda\u00a0i el m\u00f3n de la cuina. Han realitzat diferents activitats significatives sobre el tema, com per exemple han treballat la recepta per poder fer les seves pr\u00f2pies galetes i tamb\u00e9 han creat els seus propis barrets! I el dia 6 de febrer van aplicar tot el que havien apr\u00e8s anant d&#8217;excursi\u00f3 al mercat de la Boqueria de Barcelona i fent un taller de cuina amb dues xefs. Qu\u00e8 bona estava la coca de recapte!<\/p>\n<p><a href=\"https:\/\/photos.app.goo.gl\/kQYwiD7apdmysexF8\"><img loading=\"lazy\" decoding=\"async\" class=\"aligncenter\" src=\"https:\/\/lh3.googleusercontent.com\/ixIhnjTYJy5FQeRZQzsePZZxrgfgN51ufp6SeHSsahuEKD5VqH0GjauSYzy59a82av5Btr2qKDYYx49lRtq5tcV3b6p4wxrbCkT7J6slbqtbyktDkpwyRmIh2P_oZQ7zB92EI23_Jonbox6v7t3jQEIGr6Bv3xwp4FFVfUhfozZkc44Jij7ivQzph19RkDHcCz-47KH8MzQJ37T-6AhftaLTCqmrUhCkC_n8-RwrFsl9VSvFlt5rSbmzO00zY5UyS3ztiqOBqssGEpavCfZRtU57gt_6H7WBQkDPw6Cz0EGGB_CbwCsajU3qBtDpReJXQdCX21-enev5Dtgl2pyFdj3zRUfzo_slZWFmaEVWnBLDQfgYQt7M5WIOUg5dc8F8qtUYp5JPrvVaUd2rMNZLy925cMYrMMt42HA8FYDnbKnrDTA5f-UvCiTkPEg88aQu2aqIzwxLah68d0v9BO2gJBi4hlZcBgPIrttJFUIwOMcTLZHcnXEST8W1iNmTQAaWGS2L2c31fBgyHA8h_rrr2O1MfKg0giWL3z1T3SuR_H7k_qpihIuDCxiEymj1pS6Z_rWiQyoVbjGVzi-oVWuLN8jsR8Q5bApvjtLCJZq9UJfsxpLUXNQH0ShRB6Yr4oGemKkxe-uRcaCOUDLyIXBiQZ0=w444-h789-no\" alt=\"\" width=\"444\" height=\"789\" \/><\/a><\/p>\n","protected":false},"excerpt":{"rendered":"<p>Aquest curs dins el projecte d&#8217;escola sobre les dones, els alumnes de 3A han estat treballant la Carme Ruscalleda\u00a0i el m\u00f3n de la cuina. Han realitzat diferents activitats significatives sobre el tema, com per exemple han treballat la recepta per poder fer les seves pr\u00f2pies galetes i tamb\u00e9 han creat els seus propis barrets! I [&hellip;]<\/p>\n","protected":false},"author":4,"featured_media":2244,"comment_status":"open","ping_status":"closed","sticky":false,"template":"","format":"standard","meta":{"_bbp_topic_count":0,"_bbp_reply_count":0,"_bbp_total_topic_count":0,"_bbp_total_reply_count":0,"_bbp_voice_count":0,"_bbp_anonymous_reply_count":0,"_bbp_topic_count_hidden":0,"_bbp_reply_count_hidden":0,"_bbp_forum_subforum_count":0,"site-sidebar-layout":"default","site-content-layout":"","ast-site-content-layout":"","site-content-style":"default","site-sidebar-style":"default","ast-global-header-display":"","ast-banner-title-visibility":"","ast-main-header-display":"","ast-hfb-above-header-display":"","ast-hfb-below-header-display":"","ast-hfb-mobile-header-display":"","site-post-title":"","ast-breadcrumbs-content":"","ast-featured-img":"","footer-sml-layout":"","theme-transparent-header-meta":"","adv-header-id-meta":"","stick-header-meta":"","header-above-stick-meta":"","header-main-stick-meta":"","header-below-stick-meta":"","astra-migrate-meta-layouts":"default","ast-page-background-enabled":"default","ast-page-background-meta":{"desktop":{"background-color":"var(--ast-global-color-4)","background-image":"","background-repeat":"repeat","background-position":"center center","background-size":"auto","background-attachment":"scroll","background-type":"","background-media":"","overlay-type":"","overlay-color":"","overlay-opacity":"","overlay-gradient":""},"tablet":{"background-color":"","background-image":"","background-repeat":"repeat","background-position":"center center","background-size":"auto","background-attachment":"scroll","background-type":"","background-media":"","overlay-type":"","overlay-color":"","overlay-opacity":"","overlay-gradient":""},"mobile":{"background-color":"","background-image":"","background-repeat":"repeat","background-position":"center center","background-size":"auto","background-attachment":"scroll","background-type":"","background-media":"","overlay-type":"","overlay-color":"","overlay-opacity":"","overlay-gradient":""}},"ast-content-background-meta":{"desktop":{"background-color":"var(--ast-global-color-5)","background-image":"","background-repeat":"repeat","background-position":"center center","background-size":"auto","background-attachment":"scroll","background-type":"","background-media":"","overlay-type":"","overlay-color":"","overlay-opacity":"","overlay-gradient":""},"tablet":{"background-color":"var(--ast-global-color-5)","background-image":"","background-repeat":"repeat","background-position":"center center","background-size":"auto","background-attachment":"scroll","background-type":"","background-media":"","overlay-type":"","overlay-color":"","overlay-opacity":"","overlay-gradient":""},"mobile":{"background-color":"var(--ast-global-color-5)","background-image":"","background-repeat":"repeat","background-position":"center center","background-size":"auto","background-attachment":"scroll","background-type":"","background-media":"","overlay-type":"","overlay-color":"","overlay-opacity":"","overlay-gradient":""}},"footnotes":""},"categories":[12,62,1,4,5,73],"tags":[142],"class_list":["post-2241","post","type-post","status-publish","format-standard","has-post-thumbnail","hentry","category-6a-promocio-2010","category-cm","category-general","category-portada","category-primaria","category-sortides","tag-curs-18-19"],"post_mailing_queue_ids":[],"_links":{"self":[{"href":"https:\/\/agora.xtec.cat\/ceip-peredetera\/wp-json\/wp\/v2\/posts\/2241","targetHints":{"allow":["GET"]}}],"collection":[{"href":"https:\/\/agora.xtec.cat\/ceip-peredetera\/wp-json\/wp\/v2\/posts"}],"about":[{"href":"https:\/\/agora.xtec.cat\/ceip-peredetera\/wp-json\/wp\/v2\/types\/post"}],"author":[{"embeddable":true,"href":"https:\/\/agora.xtec.cat\/ceip-peredetera\/wp-json\/wp\/v2\/users\/4"}],"replies":[{"embeddable":true,"href":"https:\/\/agora.xtec.cat\/ceip-peredetera\/wp-json\/wp\/v2\/comments?post=2241"}],"version-history":[{"count":2,"href":"https:\/\/agora.xtec.cat\/ceip-peredetera\/wp-json\/wp\/v2\/posts\/2241\/revisions"}],"predecessor-version":[{"id":2246,"href":"https:\/\/agora.xtec.cat\/ceip-peredetera\/wp-json\/wp\/v2\/posts\/2241\/revisions\/2246"}],"wp:featuredmedia":[{"embeddable":true,"href":"https:\/\/agora.xtec.cat\/ceip-peredetera\/wp-json\/wp\/v2\/media\/2244"}],"wp:attachment":[{"href":"https:\/\/agora.xtec.cat\/ceip-peredetera\/wp-json\/wp\/v2\/media?parent=2241"}],"wp:term":[{"taxonomy":"category","embeddable":true,"href":"https:\/\/agora.xtec.cat\/ceip-peredetera\/wp-json\/wp\/v2\/categories?post=2241"},{"taxonomy":"post_tag","embeddable":true,"href":"https:\/\/agora.xtec.cat\/ceip-peredetera\/wp-json\/wp\/v2\/tags?post=2241"}],"curies":[{"name":"wp","href":"https:\/\/api.w.org\/{rel}","templated":true}]}}