{"id":2105,"date":"2019-01-24T12:18:31","date_gmt":"2019-01-24T11:18:31","guid":{"rendered":"http:\/\/agora.xtec.cat\/ceip-peredetera\/?p=2105"},"modified":"2019-02-04T13:42:28","modified_gmt":"2019-02-04T12:42:28","slug":"preinscripcio-pel-curs-2019-20","status":"publish","type":"post","link":"https:\/\/agora.xtec.cat\/ceip-peredetera\/general\/preinscripcio-pel-curs-2019-20\/","title":{"rendered":"PREINSCRIPCI\u00d3 PEL CURS 2019-20"},"content":{"rendered":"<div class=\"FW_sArticleFoto\">\n<div class=\"FW_sEditPro\">\n<h5 style=\"text-align: center;\"><a href=\"https:\/\/agora.xtec.cat\/ceip-peredetera\/wp-content\/uploads\/usu1268\/2019\/01\/cartell-portes-obertes-2018-19-2.jpg\"><img loading=\"lazy\" decoding=\"async\" class=\"alignnone wp-image-2151\" src=\"https:\/\/agora.xtec.cat\/ceip-peredetera\/wp-content\/uploads\/usu1268\/2019\/01\/cartell-portes-obertes-2018-19-2.jpg\" alt=\"\" width=\"406\" height=\"568\" srcset=\"https:\/\/agora.xtec.cat\/ceip-peredetera\/wp-content\/uploads\/usu1268\/2019\/01\/cartell-portes-obertes-2018-19-2.jpg 519w, https:\/\/agora.xtec.cat\/ceip-peredetera\/wp-content\/uploads\/usu1268\/2019\/01\/cartell-portes-obertes-2018-19-2-214x300.jpg 214w\" sizes=\"auto, (max-width: 406px) 100vw, 406px\" \/><\/a><\/h5>\n<h5><\/h5>\n<h5><strong>Per totes aquelles fam\u00edlies que\u00a0 comenceu a interessar-vos sobre el proc\u00e9s de preinscripci\u00f3 per al curs 2019-20.<\/strong><\/h5>\n<p>Durant el mes de febrer, es preveu que es publiqui la modificaci\u00f3 del Decret 75\/2007, de 27 de mar\u00e7, pel qual s\u2019estableix el procediment d\u2019admissi\u00f3 de l\u2019alumnat als centres en els ensenyaments sufragats amb fons p\u00fablics,\u00a0que \u00e9s una actuaci\u00f3 pr\u00e8via a la publicaci\u00f3 de\u00a0la resoluci\u00f3 per a la preinscripci\u00f3 del curs 2019-2020, amb la qual s\u2019inicia el proc\u00e9s de preinscripci\u00f3.<\/p>\n<\/div>\n<\/div>\n<div class=\"FW_clear FW_hrBlanc\">\u00a0<span style=\"font-size: 1.125em; font-weight: bold;\">Previsi\u00f3 de calendari per a la presentaci\u00f3 de sol\u00b7licituds de preinscripci\u00f3<\/span><\/div>\n<div class=\"FW_sPregunta FW_sImpacte\">\n<div class=\"FW_sArticleFoto\">\n<div class=\"FW_sEditPro\">\n<ul>\n<li>Educaci\u00f3 infantil de segon cicle, educaci\u00f3 prim\u00e0ria i educaci\u00f3 secund\u00e0ria obligat\u00f2ria: del 29 de mar\u00e7 al 9 d\u2019abril de 2019<\/li>\n<li>Batxillerat: primera quinzena de maig de 2019<\/li>\n<li>Formaci\u00f3 professional, i arts pl\u00e0stiques i disseny: segona quinzena de maig de 2019.<\/li>\n<\/ul>\n<p><strong>Les dates de\u00a0 les Portes obertes de la nostra escola seran:<\/strong><\/p>\n<p><strong>DIMECRES 13 DE MAR\u00c7 A LES 15:15.\u00a0<\/strong>Visita guiada pel centre amb els alumnes a l&#8217;aula i explicaci\u00f3 de l&#8217;equip directiu i mestres de l&#8217;escola.<\/p>\n<p><strong>DISSABTE 16 DE MAR\u00c7 ALES 10:30<\/strong>. Visita guiada pel centre (veureu tots els espais del centre\u00a0 i tamb\u00e9 les activitats extraescolars en funcionament) i xerrada informativa per part de l&#8217;equip directiu i els mestres.<\/p>\n<\/div>\n<\/div>\n<div>\u00a0Aprofitem per agrair l\u2019inter\u00e8s de totes aquelles fam\u00edlies que esteu mostrant inter\u00e8s en en el nostre centre!<\/div>\n<div><\/div>\n<\/div>\n<div>Aqu\u00ed us adjuntem una invitaci\u00f3 per vosaltres i per tots aquells a qui vulgueu invitar.<\/div>\n<div><\/div>\n<div><\/div>\n<div style=\"text-align: center;\"><a href=\"https:\/\/agora.xtec.cat\/ceip-peredetera\/wp-content\/uploads\/usu1268\/2019\/01\/Invitaci\u00f3-portes-obertes-2018-19.jpg\"><img loading=\"lazy\" decoding=\"async\" class=\"alignnone size-full wp-image-2152\" src=\"https:\/\/agora.xtec.cat\/ceip-peredetera\/wp-content\/uploads\/usu1268\/2019\/01\/Invitaci\u00f3-portes-obertes-2018-19.jpg\" alt=\"\" width=\"540\" height=\"210\" srcset=\"https:\/\/agora.xtec.cat\/ceip-peredetera\/wp-content\/uploads\/usu1268\/2019\/01\/Invitaci\u00f3-portes-obertes-2018-19.jpg 540w, https:\/\/agora.xtec.cat\/ceip-peredetera\/wp-content\/uploads\/usu1268\/2019\/01\/Invitaci\u00f3-portes-obertes-2018-19-300x117.jpg 300w\" sizes=\"auto, (max-width: 540px) 100vw, 540px\" \/><\/a><\/div>\n<div><\/div>\n<div><\/div>\n<div class=\"FW_sPregunta FW_sImpacte\">\n<h1 style=\"text-align: center;\"><strong><span style=\"color: #3366ff;\">SOU TOTS MOLT BENVINGUTS!!<\/span><\/strong><\/h1>\n<\/div>\n","protected":false},"excerpt":{"rendered":"<p>Per totes aquelles fam\u00edlies que\u00a0 comenceu a interessar-vos sobre el proc\u00e9s de preinscripci\u00f3 per al curs 2019-20. Durant el mes de febrer, es preveu que es publiqui la modificaci\u00f3 del Decret 75\/2007, de 27 de mar\u00e7, pel qual s\u2019estableix el procediment d\u2019admissi\u00f3 de l\u2019alumnat als centres en els ensenyaments sufragats amb fons p\u00fablics,\u00a0que \u00e9s una [&hellip;]<\/p>\n","protected":false},"author":1,"featured_media":2151,"comment_status":"closed","ping_status":"closed","sticky":false,"template":"","format":"standard","meta":{"_bbp_topic_count":0,"_bbp_reply_count":0,"_bbp_total_topic_count":0,"_bbp_total_reply_count":0,"_bbp_voice_count":0,"_bbp_anonymous_reply_count":0,"_bbp_topic_count_hidden":0,"_bbp_reply_count_hidden":0,"_bbp_forum_subforum_count":0,"site-sidebar-layout":"default","site-content-layout":"","ast-site-content-layout":"","site-content-style":"default","site-sidebar-style":"default","ast-global-header-display":"","ast-banner-title-visibility":"","ast-main-header-display":"","ast-hfb-above-header-display":"","ast-hfb-below-header-display":"","ast-hfb-mobile-header-display":"","site-post-title":"","ast-breadcrumbs-content":"","ast-featured-img":"","footer-sml-layout":"","theme-transparent-header-meta":"","adv-header-id-meta":"","stick-header-meta":"","header-above-stick-meta":"","header-main-stick-meta":"","header-below-stick-meta":"","astra-migrate-meta-layouts":"default","ast-page-background-enabled":"default","ast-page-background-meta":{"desktop":{"background-color":"var(--ast-global-color-4)","background-image":"","background-repeat":"repeat","background-position":"center center","background-size":"auto","background-attachment":"scroll","background-type":"","background-media":"","overlay-type":"","overlay-color":"","overlay-opacity":"","overlay-gradient":""},"tablet":{"background-color":"","background-image":"","background-repeat":"repeat","background-position":"center center","background-size":"auto","background-attachment":"scroll","background-type":"","background-media":"","overlay-type":"","overlay-color":"","overlay-opacity":"","overlay-gradient":""},"mobile":{"background-color":"","background-image":"","background-repeat":"repeat","background-position":"center center","background-size":"auto","background-attachment":"scroll","background-type":"","background-media":"","overlay-type":"","overlay-color":"","overlay-opacity":"","overlay-gradient":""}},"ast-content-background-meta":{"desktop":{"background-color":"var(--ast-global-color-5)","background-image":"","background-repeat":"repeat","background-position":"center center","background-size":"auto","background-attachment":"scroll","background-type":"","background-media":"","overlay-type":"","overlay-color":"","overlay-opacity":"","overlay-gradient":""},"tablet":{"background-color":"var(--ast-global-color-5)","background-image":"","background-repeat":"repeat","background-position":"center center","background-size":"auto","background-attachment":"scroll","background-type":"","background-media":"","overlay-type":"","overlay-color":"","overlay-opacity":"","overlay-gradient":""},"mobile":{"background-color":"var(--ast-global-color-5)","background-image":"","background-repeat":"repeat","background-position":"center center","background-size":"auto","background-attachment":"scroll","background-type":"","background-media":"","overlay-type":"","overlay-color":"","overlay-opacity":"","overlay-gradient":""}},"footnotes":""},"categories":[7,72,1,4],"tags":[148,149],"class_list":["post-2105","post","type-post","status-publish","format-standard","has-post-thumbnail","hentry","category-ampa","category-festes","category-general","category-portada","tag-portes-obertes","tag-preinscripcio"],"post_mailing_queue_ids":[],"_links":{"self":[{"href":"https:\/\/agora.xtec.cat\/ceip-peredetera\/wp-json\/wp\/v2\/posts\/2105","targetHints":{"allow":["GET"]}}],"collection":[{"href":"https:\/\/agora.xtec.cat\/ceip-peredetera\/wp-json\/wp\/v2\/posts"}],"about":[{"href":"https:\/\/agora.xtec.cat\/ceip-peredetera\/wp-json\/wp\/v2\/types\/post"}],"author":[{"embeddable":true,"href":"https:\/\/agora.xtec.cat\/ceip-peredetera\/wp-json\/wp\/v2\/users\/1"}],"replies":[{"embeddable":true,"href":"https:\/\/agora.xtec.cat\/ceip-peredetera\/wp-json\/wp\/v2\/comments?post=2105"}],"version-history":[{"count":3,"href":"https:\/\/agora.xtec.cat\/ceip-peredetera\/wp-json\/wp\/v2\/posts\/2105\/revisions"}],"predecessor-version":[{"id":2154,"href":"https:\/\/agora.xtec.cat\/ceip-peredetera\/wp-json\/wp\/v2\/posts\/2105\/revisions\/2154"}],"wp:featuredmedia":[{"embeddable":true,"href":"https:\/\/agora.xtec.cat\/ceip-peredetera\/wp-json\/wp\/v2\/media\/2151"}],"wp:attachment":[{"href":"https:\/\/agora.xtec.cat\/ceip-peredetera\/wp-json\/wp\/v2\/media?parent=2105"}],"wp:term":[{"taxonomy":"category","embeddable":true,"href":"https:\/\/agora.xtec.cat\/ceip-peredetera\/wp-json\/wp\/v2\/categories?post=2105"},{"taxonomy":"post_tag","embeddable":true,"href":"https:\/\/agora.xtec.cat\/ceip-peredetera\/wp-json\/wp\/v2\/tags?post=2105"}],"curies":[{"name":"wp","href":"https:\/\/api.w.org\/{rel}","templated":true}]}}