{"id":2003,"date":"2018-12-12T22:55:06","date_gmt":"2018-12-12T21:55:06","guid":{"rendered":"http:\/\/agora.xtec.cat\/ceip-peredetera\/?p=2003"},"modified":"2018-12-28T23:14:13","modified_gmt":"2018-12-28T22:14:13","slug":"la-poma-vermella","status":"publish","type":"post","link":"https:\/\/agora.xtec.cat\/ceip-peredetera\/general\/la-poma-vermella\/","title":{"rendered":"CONTECONTES: LA POMA VERMELLA"},"content":{"rendered":"<p>El trimestre s\u2019est\u00e0 acabant i com \u00e9s propi d\u2019aquesta \u00e8poca de l\u2019any, el fred ens ha comen\u00e7at a visitar. Per a aquesta ocasi\u00f3, el Colorins ha escollit un llibre amb una portada molt hivernal, que es titula <strong>La poma vermella <\/strong>de\u00a0 Freidun Oral\u00a0 i de l\u2019editorial Joventut. El conte ens explica la hist\u00f2ria d\u2019un conill famolenc que un g\u00e8lid mat\u00ed d\u2019hivern va sortir a buscar menjar. Tot estava cobert de neu i el conill no trobava res de res, fins que finalment al capdamunt d\u2019un arbre hi va veure una preciosa poma vermella.<\/p>\n<p>Ell sol no hi podia arribar aix\u00ed que va anar a buscar l\u2019ajuda dels seus amics: la musaranya, la guineu i l\u2019\u00f3s.\u00a0 Despr\u00e9s de molts i molts intents finalment van aconseguir que la poma vermella caigu\u00e9s. I ara qu\u00e8 fem?- es van preguntar els quatre amics. Les nenes i els nens de 1r i 2n ho tenien molt clar i van aportar grans idees: tallar la poma en quatre parts utilitzant una branca afilada, que cada animal en fes una mossegada fins que se l\u2019acabessin.<\/p>\n<p>Si voleu reviure amb els vostres fills i filles aquesta bonica hist\u00f2ria sobre el valor de l\u2019esfor\u00e7 i la import\u00e0ncia del treball en equip entreu en el seg\u00fcent enlla\u00e7 on podreu veure les precioses il\u00b7lustracions del conte: <a href=\"http:\/\/www.editorialjuventud.es\/3756.html\">http:\/\/www.editorialjuventud.es\/3756.html<\/a><\/p>\n<p><a href=\"https:\/\/agora.xtec.cat\/ceip-peredetera\/wp-content\/uploads\/usu1268\/2018\/12\/la-poma-vermella1.jpg\"><img loading=\"lazy\" decoding=\"async\" class=\"wp-image-2004 alignnone\" src=\"https:\/\/agora.xtec.cat\/ceip-peredetera\/wp-content\/uploads\/usu1268\/2018\/12\/la-poma-vermella1-220x300.jpg\" alt=\"\" width=\"244\" height=\"333\" srcset=\"https:\/\/agora.xtec.cat\/ceip-peredetera\/wp-content\/uploads\/usu1268\/2018\/12\/la-poma-vermella1-220x300.jpg 220w, https:\/\/agora.xtec.cat\/ceip-peredetera\/wp-content\/uploads\/usu1268\/2018\/12\/la-poma-vermella1.jpg 330w\" sizes=\"auto, (max-width: 244px) 100vw, 244px\" \/>\u00a0 \u00a0 \u00a0<\/a><a href=\"https:\/\/agora.xtec.cat\/ceip-peredetera\/wp-content\/uploads\/usu1268\/2018\/12\/3755img6.jpg\"><img loading=\"lazy\" decoding=\"async\" class=\"wp-image-2010 alignnone\" src=\"https:\/\/agora.xtec.cat\/ceip-peredetera\/wp-content\/uploads\/usu1268\/2018\/12\/3755img6-219x300.jpg\" alt=\"\" width=\"214\" height=\"294\" srcset=\"https:\/\/agora.xtec.cat\/ceip-peredetera\/wp-content\/uploads\/usu1268\/2018\/12\/3755img6-219x300.jpg 219w, https:\/\/agora.xtec.cat\/ceip-peredetera\/wp-content\/uploads\/usu1268\/2018\/12\/3755img6.jpg 234w\" sizes=\"auto, (max-width: 214px) 100vw, 214px\" \/><\/a><\/p>\n<p>&nbsp;<\/p>\n<p><img loading=\"lazy\" decoding=\"async\" class=\"alignnone wp-image-2005\" src=\"https:\/\/agora.xtec.cat\/ceip-peredetera\/wp-content\/uploads\/usu1268\/2018\/12\/la-poma-vermella-12-12-1024x768.jpg\" alt=\"\" width=\"335\" height=\"251\" srcset=\"https:\/\/agora.xtec.cat\/ceip-peredetera\/wp-content\/uploads\/usu1268\/2018\/12\/la-poma-vermella-12-12-1024x768.jpg 1024w, https:\/\/agora.xtec.cat\/ceip-peredetera\/wp-content\/uploads\/usu1268\/2018\/12\/la-poma-vermella-12-12-300x225.jpg 300w, https:\/\/agora.xtec.cat\/ceip-peredetera\/wp-content\/uploads\/usu1268\/2018\/12\/la-poma-vermella-12-12-768x576.jpg 768w, https:\/\/agora.xtec.cat\/ceip-peredetera\/wp-content\/uploads\/usu1268\/2018\/12\/la-poma-vermella-12-12-200x150.jpg 200w, https:\/\/agora.xtec.cat\/ceip-peredetera\/wp-content\/uploads\/usu1268\/2018\/12\/la-poma-vermella-12-12.jpg 1600w\" sizes=\"auto, (max-width: 335px) 100vw, 335px\" \/><a href=\"https:\/\/agora.xtec.cat\/ceip-peredetera\/wp-content\/uploads\/usu1268\/2018\/12\/la-poma-vermella-12-12.jpeg\"><img loading=\"lazy\" decoding=\"async\" class=\"wp-image-2006 alignleft\" src=\"https:\/\/agora.xtec.cat\/ceip-peredetera\/wp-content\/uploads\/usu1268\/2018\/12\/la-poma-vermella-12-12-1024x768.jpeg\" alt=\"\" width=\"336\" height=\"252\" srcset=\"https:\/\/agora.xtec.cat\/ceip-peredetera\/wp-content\/uploads\/usu1268\/2018\/12\/la-poma-vermella-12-12-1024x768.jpeg 1024w, https:\/\/agora.xtec.cat\/ceip-peredetera\/wp-content\/uploads\/usu1268\/2018\/12\/la-poma-vermella-12-12-300x225.jpeg 300w, https:\/\/agora.xtec.cat\/ceip-peredetera\/wp-content\/uploads\/usu1268\/2018\/12\/la-poma-vermella-12-12-768x576.jpeg 768w, https:\/\/agora.xtec.cat\/ceip-peredetera\/wp-content\/uploads\/usu1268\/2018\/12\/la-poma-vermella-12-12-200x150.jpeg 200w, https:\/\/agora.xtec.cat\/ceip-peredetera\/wp-content\/uploads\/usu1268\/2018\/12\/la-poma-vermella-12-12.jpeg 1600w\" sizes=\"auto, (max-width: 336px) 100vw, 336px\" \/><\/a><\/p>\n","protected":false},"excerpt":{"rendered":"<p>El trimestre s\u2019est\u00e0 acabant i com \u00e9s propi d\u2019aquesta \u00e8poca de l\u2019any, el fred ens ha comen\u00e7at a visitar. Per a aquesta ocasi\u00f3, el Colorins ha escollit un llibre amb una portada molt hivernal, que es titula La poma vermella de\u00a0 Freidun Oral\u00a0 i de l\u2019editorial Joventut. El conte ens explica la hist\u00f2ria d\u2019un conill [&hellip;]<\/p>\n","protected":false},"author":4,"featured_media":2004,"comment_status":"closed","ping_status":"closed","sticky":false,"template":"","format":"standard","meta":{"_bbp_topic_count":0,"_bbp_reply_count":0,"_bbp_total_topic_count":0,"_bbp_total_reply_count":0,"_bbp_voice_count":0,"_bbp_anonymous_reply_count":0,"_bbp_topic_count_hidden":0,"_bbp_reply_count_hidden":0,"_bbp_forum_subforum_count":0,"site-sidebar-layout":"default","site-content-layout":"","ast-site-content-layout":"","site-content-style":"default","site-sidebar-style":"default","ast-global-header-display":"","ast-banner-title-visibility":"","ast-main-header-display":"","ast-hfb-above-header-display":"","ast-hfb-below-header-display":"","ast-hfb-mobile-header-display":"","site-post-title":"","ast-breadcrumbs-content":"","ast-featured-img":"","footer-sml-layout":"","theme-transparent-header-meta":"","adv-header-id-meta":"","stick-header-meta":"","header-above-stick-meta":"","header-main-stick-meta":"","header-below-stick-meta":"","astra-migrate-meta-layouts":"default","ast-page-background-enabled":"default","ast-page-background-meta":{"desktop":{"background-color":"var(--ast-global-color-4)","background-image":"","background-repeat":"repeat","background-position":"center center","background-size":"auto","background-attachment":"scroll","background-type":"","background-media":"","overlay-type":"","overlay-color":"","overlay-opacity":"","overlay-gradient":""},"tablet":{"background-color":"","background-image":"","background-repeat":"repeat","background-position":"center center","background-size":"auto","background-attachment":"scroll","background-type":"","background-media":"","overlay-type":"","overlay-color":"","overlay-opacity":"","overlay-gradient":""},"mobile":{"background-color":"","background-image":"","background-repeat":"repeat","background-position":"center center","background-size":"auto","background-attachment":"scroll","background-type":"","background-media":"","overlay-type":"","overlay-color":"","overlay-opacity":"","overlay-gradient":""}},"ast-content-background-meta":{"desktop":{"background-color":"var(--ast-global-color-5)","background-image":"","background-repeat":"repeat","background-position":"center center","background-size":"auto","background-attachment":"scroll","background-type":"","background-media":"","overlay-type":"","overlay-color":"","overlay-opacity":"","overlay-gradient":""},"tablet":{"background-color":"var(--ast-global-color-5)","background-image":"","background-repeat":"repeat","background-position":"center center","background-size":"auto","background-attachment":"scroll","background-type":"","background-media":"","overlay-type":"","overlay-color":"","overlay-opacity":"","overlay-gradient":""},"mobile":{"background-color":"var(--ast-global-color-5)","background-image":"","background-repeat":"repeat","background-position":"center center","background-size":"auto","background-attachment":"scroll","background-type":"","background-media":"","overlay-type":"","overlay-color":"","overlay-opacity":"","overlay-gradient":""}},"footnotes":""},"categories":[11,10,65,64,74,61,1,4],"tags":[],"class_list":["post-2003","post","type-post","status-publish","format-standard","has-post-thumbnail","hentry","category-6a-cs","category-5a-cs","category-6b-cs","category-5b-cs","category-biblioteca","category-ci","category-general","category-portada"],"post_mailing_queue_ids":[],"_links":{"self":[{"href":"https:\/\/agora.xtec.cat\/ceip-peredetera\/wp-json\/wp\/v2\/posts\/2003","targetHints":{"allow":["GET"]}}],"collection":[{"href":"https:\/\/agora.xtec.cat\/ceip-peredetera\/wp-json\/wp\/v2\/posts"}],"about":[{"href":"https:\/\/agora.xtec.cat\/ceip-peredetera\/wp-json\/wp\/v2\/types\/post"}],"author":[{"embeddable":true,"href":"https:\/\/agora.xtec.cat\/ceip-peredetera\/wp-json\/wp\/v2\/users\/4"}],"replies":[{"embeddable":true,"href":"https:\/\/agora.xtec.cat\/ceip-peredetera\/wp-json\/wp\/v2\/comments?post=2003"}],"version-history":[{"count":3,"href":"https:\/\/agora.xtec.cat\/ceip-peredetera\/wp-json\/wp\/v2\/posts\/2003\/revisions"}],"predecessor-version":[{"id":2016,"href":"https:\/\/agora.xtec.cat\/ceip-peredetera\/wp-json\/wp\/v2\/posts\/2003\/revisions\/2016"}],"wp:featuredmedia":[{"embeddable":true,"href":"https:\/\/agora.xtec.cat\/ceip-peredetera\/wp-json\/wp\/v2\/media\/2004"}],"wp:attachment":[{"href":"https:\/\/agora.xtec.cat\/ceip-peredetera\/wp-json\/wp\/v2\/media?parent=2003"}],"wp:term":[{"taxonomy":"category","embeddable":true,"href":"https:\/\/agora.xtec.cat\/ceip-peredetera\/wp-json\/wp\/v2\/categories?post=2003"},{"taxonomy":"post_tag","embeddable":true,"href":"https:\/\/agora.xtec.cat\/ceip-peredetera\/wp-json\/wp\/v2\/tags?post=2003"}],"curies":[{"name":"wp","href":"https:\/\/api.w.org\/{rel}","templated":true}]}}