{"id":1989,"date":"2018-11-28T22:26:35","date_gmt":"2018-11-28T21:26:35","guid":{"rendered":"http:\/\/agora.xtec.cat\/ceip-peredetera\/?p=1989"},"modified":"2018-12-28T23:10:27","modified_gmt":"2018-12-28T22:10:27","slug":"los-que-estimava-els-llibres","status":"publish","type":"post","link":"https:\/\/agora.xtec.cat\/ceip-peredetera\/general\/los-que-estimava-els-llibres\/","title":{"rendered":"CONTACONTES: L\u2019\u00d3S QUE  ESTIMAVA ELS LLIBRES"},"content":{"rendered":"<p>El Colorins va escollir pel contecontes de 1r i 2n un conte molt i molt especial que es titula: <strong>L\u2019\u00f3s que estimava els llibres<\/strong>, de Dennis Haseley i Jim LaMarche i de l\u2019editorial joventut.<\/p>\n<p>Aquest conte ens explica la preciosa hist\u00f2ria d\u2019un \u00f3s molt i molt curi\u00f3s, que un dia, seguint una deliciosa olor, va arribar fins a una allunyada cabana. All\u00e0 va descobrir una cosa que no havia vist mai a la seva vida. Asseguda en una c\u00f2moda cadira hi havia una noia. La noia estava sola, per\u00f2 l\u2019\u00f3s va quedar meravellat quan va comprovar que reia sola. Amb les mans subjectava un curi\u00f3s objecte rectangular. Era all\u00f2 el que li feia tanta gr\u00e0cia?<\/p>\n<p>Fascinat, un dia rere l\u2019altre l\u2019\u00f3s s\u2019acostava a aquella allunyada cabana fins que un dia la noia va descobrir que l\u2019\u00f3s l\u2019observava i el convidar a escoltar les hist\u00f2ries que s\u2019amagaven dins dels LLIBRES. L\u2019\u00f3s no entenia res del que la noia deia, per\u00f2 li encantava escoltar la seva veu i sobretot veure com les seves emocions anaven canviant a mesura que avan\u00e7ava en la lectura. A vegades semblava que la noia tremol\u00e9s de por, d\u2019altres notava que la tristesa l\u2019enva\u00efa&#8230;.<\/p>\n<p>Als nens i nenes de 1r i 2n els hi va encantar la hist\u00f2ria de l\u2019\u00f3s i van afirmar que volien aprendre a llegir tan b\u00e9 com la noia del conte, per a convertir-se en uns magn\u00edfics contacontes. Aquesta hist\u00f2ria va motivar especialment als alumnes de 2n que aquest curs a l\u2019\u00e0rea de castell\u00e0 s\u2019estrenen explicant un conte als seus companys i companyes!<\/p>\n<p><a href=\"https:\/\/agora.xtec.cat\/ceip-peredetera\/wp-content\/uploads\/usu1268\/2018\/12\/L\u00f3s2-copia.jpg\"><img loading=\"lazy\" decoding=\"async\" class=\"wp-image-1994 alignleft\" src=\"https:\/\/agora.xtec.cat\/ceip-peredetera\/wp-content\/uploads\/usu1268\/2018\/12\/L\u00f3s2-copia.jpg\" alt=\"\" width=\"282\" height=\"211\" srcset=\"https:\/\/agora.xtec.cat\/ceip-peredetera\/wp-content\/uploads\/usu1268\/2018\/12\/L\u00f3s2-copia.jpg 800w, https:\/\/agora.xtec.cat\/ceip-peredetera\/wp-content\/uploads\/usu1268\/2018\/12\/L\u00f3s2-copia-300x225.jpg 300w, https:\/\/agora.xtec.cat\/ceip-peredetera\/wp-content\/uploads\/usu1268\/2018\/12\/L\u00f3s2-copia-768x576.jpg 768w, https:\/\/agora.xtec.cat\/ceip-peredetera\/wp-content\/uploads\/usu1268\/2018\/12\/L\u00f3s2-copia-200x150.jpg 200w\" sizes=\"auto, (max-width: 282px) 100vw, 282px\" \/><\/a>\u00a0 \u00a0<a href=\"https:\/\/agora.xtec.cat\/ceip-peredetera\/wp-content\/uploads\/usu1268\/2018\/12\/Los-que-estimava-els-contes-2.jpeg\"><img loading=\"lazy\" decoding=\"async\" class=\"alignnone wp-image-1992\" src=\"https:\/\/agora.xtec.cat\/ceip-peredetera\/wp-content\/uploads\/usu1268\/2018\/12\/Los-que-estimava-els-contes-2-1024x768.jpeg\" alt=\"\" width=\"335\" height=\"251\" srcset=\"https:\/\/agora.xtec.cat\/ceip-peredetera\/wp-content\/uploads\/usu1268\/2018\/12\/Los-que-estimava-els-contes-2-1024x768.jpeg 1024w, https:\/\/agora.xtec.cat\/ceip-peredetera\/wp-content\/uploads\/usu1268\/2018\/12\/Los-que-estimava-els-contes-2-300x225.jpeg 300w, https:\/\/agora.xtec.cat\/ceip-peredetera\/wp-content\/uploads\/usu1268\/2018\/12\/Los-que-estimava-els-contes-2-768x576.jpeg 768w, https:\/\/agora.xtec.cat\/ceip-peredetera\/wp-content\/uploads\/usu1268\/2018\/12\/Los-que-estimava-els-contes-2-200x150.jpeg 200w, https:\/\/agora.xtec.cat\/ceip-peredetera\/wp-content\/uploads\/usu1268\/2018\/12\/Los-que-estimava-els-contes-2.jpeg 1600w\" sizes=\"auto, (max-width: 335px) 100vw, 335px\" \/><\/a><\/p>\n<p>&nbsp;<\/p>\n","protected":false},"excerpt":{"rendered":"<p>El Colorins va escollir pel contecontes de 1r i 2n un conte molt i molt especial que es titula: L\u2019\u00f3s que estimava els llibres, de Dennis Haseley i Jim LaMarche i de l\u2019editorial joventut. Aquest conte ens explica la preciosa hist\u00f2ria d\u2019un \u00f3s molt i molt curi\u00f3s, que un dia, seguint una deliciosa olor, va [&hellip;]<\/p>\n","protected":false},"author":4,"featured_media":1994,"comment_status":"closed","ping_status":"closed","sticky":false,"template":"","format":"standard","meta":{"_bbp_topic_count":0,"_bbp_reply_count":0,"_bbp_total_topic_count":0,"_bbp_total_reply_count":0,"_bbp_voice_count":0,"_bbp_anonymous_reply_count":0,"_bbp_topic_count_hidden":0,"_bbp_reply_count_hidden":0,"_bbp_forum_subforum_count":0,"site-sidebar-layout":"default","site-content-layout":"","ast-site-content-layout":"","site-content-style":"default","site-sidebar-style":"default","ast-global-header-display":"","ast-banner-title-visibility":"","ast-main-header-display":"","ast-hfb-above-header-display":"","ast-hfb-below-header-display":"","ast-hfb-mobile-header-display":"","site-post-title":"","ast-breadcrumbs-content":"","ast-featured-img":"","footer-sml-layout":"","theme-transparent-header-meta":"","adv-header-id-meta":"","stick-header-meta":"","header-above-stick-meta":"","header-main-stick-meta":"","header-below-stick-meta":"","astra-migrate-meta-layouts":"default","ast-page-background-enabled":"default","ast-page-background-meta":{"desktop":{"background-color":"var(--ast-global-color-4)","background-image":"","background-repeat":"repeat","background-position":"center center","background-size":"auto","background-attachment":"scroll","background-type":"","background-media":"","overlay-type":"","overlay-color":"","overlay-opacity":"","overlay-gradient":""},"tablet":{"background-color":"","background-image":"","background-repeat":"repeat","background-position":"center center","background-size":"auto","background-attachment":"scroll","background-type":"","background-media":"","overlay-type":"","overlay-color":"","overlay-opacity":"","overlay-gradient":""},"mobile":{"background-color":"","background-image":"","background-repeat":"repeat","background-position":"center center","background-size":"auto","background-attachment":"scroll","background-type":"","background-media":"","overlay-type":"","overlay-color":"","overlay-opacity":"","overlay-gradient":""}},"ast-content-background-meta":{"desktop":{"background-color":"var(--ast-global-color-5)","background-image":"","background-repeat":"repeat","background-position":"center center","background-size":"auto","background-attachment":"scroll","background-type":"","background-media":"","overlay-type":"","overlay-color":"","overlay-opacity":"","overlay-gradient":""},"tablet":{"background-color":"var(--ast-global-color-5)","background-image":"","background-repeat":"repeat","background-position":"center center","background-size":"auto","background-attachment":"scroll","background-type":"","background-media":"","overlay-type":"","overlay-color":"","overlay-opacity":"","overlay-gradient":""},"mobile":{"background-color":"var(--ast-global-color-5)","background-image":"","background-repeat":"repeat","background-position":"center center","background-size":"auto","background-attachment":"scroll","background-type":"","background-media":"","overlay-type":"","overlay-color":"","overlay-opacity":"","overlay-gradient":""}},"footnotes":""},"categories":[11,10,65,64,74,61,1,4],"tags":[],"class_list":["post-1989","post","type-post","status-publish","format-standard","has-post-thumbnail","hentry","category-6a-cs","category-5a-cs","category-6b-cs","category-5b-cs","category-biblioteca","category-ci","category-general","category-portada"],"post_mailing_queue_ids":[],"_links":{"self":[{"href":"https:\/\/agora.xtec.cat\/ceip-peredetera\/wp-json\/wp\/v2\/posts\/1989","targetHints":{"allow":["GET"]}}],"collection":[{"href":"https:\/\/agora.xtec.cat\/ceip-peredetera\/wp-json\/wp\/v2\/posts"}],"about":[{"href":"https:\/\/agora.xtec.cat\/ceip-peredetera\/wp-json\/wp\/v2\/types\/post"}],"author":[{"embeddable":true,"href":"https:\/\/agora.xtec.cat\/ceip-peredetera\/wp-json\/wp\/v2\/users\/4"}],"replies":[{"embeddable":true,"href":"https:\/\/agora.xtec.cat\/ceip-peredetera\/wp-json\/wp\/v2\/comments?post=1989"}],"version-history":[{"count":3,"href":"https:\/\/agora.xtec.cat\/ceip-peredetera\/wp-json\/wp\/v2\/posts\/1989\/revisions"}],"predecessor-version":[{"id":2019,"href":"https:\/\/agora.xtec.cat\/ceip-peredetera\/wp-json\/wp\/v2\/posts\/1989\/revisions\/2019"}],"wp:featuredmedia":[{"embeddable":true,"href":"https:\/\/agora.xtec.cat\/ceip-peredetera\/wp-json\/wp\/v2\/media\/1994"}],"wp:attachment":[{"href":"https:\/\/agora.xtec.cat\/ceip-peredetera\/wp-json\/wp\/v2\/media?parent=1989"}],"wp:term":[{"taxonomy":"category","embeddable":true,"href":"https:\/\/agora.xtec.cat\/ceip-peredetera\/wp-json\/wp\/v2\/categories?post=1989"},{"taxonomy":"post_tag","embeddable":true,"href":"https:\/\/agora.xtec.cat\/ceip-peredetera\/wp-json\/wp\/v2\/tags?post=1989"}],"curies":[{"name":"wp","href":"https:\/\/api.w.org\/{rel}","templated":true}]}}