{"id":1847,"date":"2018-09-30T17:31:16","date_gmt":"2018-09-30T15:31:16","guid":{"rendered":"http:\/\/agora.xtec.cat\/ceip-peredetera\/?p=1847"},"modified":"2018-11-30T00:03:49","modified_gmt":"2018-11-29T23:03:49","slug":"primeres-sessions-de-contacontes-a-cicle-inicial","status":"publish","type":"post","link":"https:\/\/agora.xtec.cat\/ceip-peredetera\/general\/primeres-sessions-de-contacontes-a-cicle-inicial\/","title":{"rendered":"PRIMERES SESSIONS DE CONTACONTES A CICLE INICIAL"},"content":{"rendered":"<p><span style=\"font-weight: 400\">1r i 2n s&#8217;inicien amb les sessions de contacontes a la biblioteca. Els nens i nenes de 1r que s\u2019estrenen aquest curs amb el contacontes, van quedar fascinats amb el Colorins, el m\u00e0gic i peculiar ocell que t\u00e9 cura de la nostra biblioteca. Els alumnes de 2n, per la seva banda, tenien moltes ganes de retrobar-se amb el Colorins i sobretot d&#8217;escoltar el conte escollit per a l&#8217;ocasi\u00f3. <\/span><\/p>\n<p><span style=\"font-weight: 400\">El conte es titula <\/span><b>\u201cEt menjad\u00e9\u201d<\/b><span style=\"font-weight: 400\">, de Jean- Marc Derouen i de l&#8217;editorial Kokinos. Es tracta d\u2019un conte molt divertit que cont\u00e9 unes il\u00b7lustracions molt senzilles i alhora expressives. <\/span><span style=\"font-weight: 400\">El protagonista de la hist\u00f2ria \u00e9s un llop. Un llop molt i molt especial, que t\u00e9 dificultats per pronunciar alguns sons.<\/span><\/p>\n<p><span style=\"font-weight: 400\">&#8211; &#8220;<\/span><i style=\"font-family: inherit;font-size: 1em\">Ahhhhh&#8221; et menjad\u00e9, conillet blanc! et menjad\u00e9 ada mateix<\/i><span style=\"font-weight: 400\">\u201d.<\/span><\/p>\n<p><span style=\"font-weight: 400\">El llop vol ser ferotge per\u00f2 el conillet s\u2019adona de seguida que no parla gaire b\u00e9. <\/span><\/p>\n<p><i><span style=\"font-weight: 400\">&#8211; Crec que tens un p\u00e8l a la llengua, anir\u00e9 a buscar unes pinces. No et moguis llop!<\/span><\/i><\/p>\n<p><span style=\"font-weight: 400\">Si voleu saber com acaba la hist\u00f2ria del llop i el conillet pregunteu als vostres fills i filles, segur que us ho expliquen la mar de b\u00e9!\u00a0<\/span><\/p>\n<p><a href=\"https:\/\/agora.xtec.cat\/ceip-peredetera\/wp-content\/uploads\/usu1268\/2018\/11\/WhatsApp-Image-2018-11-29-at-18.39.09.jpeg\"><img loading=\"lazy\" decoding=\"async\" class=\"wp-image-1849 alignleft\" src=\"https:\/\/agora.xtec.cat\/ceip-peredetera\/wp-content\/uploads\/usu1268\/2018\/11\/WhatsApp-Image-2018-11-29-at-18.39.09-300x225.jpeg\" alt=\"\" width=\"291\" height=\"219\" srcset=\"https:\/\/agora.xtec.cat\/ceip-peredetera\/wp-content\/uploads\/usu1268\/2018\/11\/WhatsApp-Image-2018-11-29-at-18.39.09-300x225.jpeg 300w, https:\/\/agora.xtec.cat\/ceip-peredetera\/wp-content\/uploads\/usu1268\/2018\/11\/WhatsApp-Image-2018-11-29-at-18.39.09-768x576.jpeg 768w, https:\/\/agora.xtec.cat\/ceip-peredetera\/wp-content\/uploads\/usu1268\/2018\/11\/WhatsApp-Image-2018-11-29-at-18.39.09-1024x768.jpeg 1024w, https:\/\/agora.xtec.cat\/ceip-peredetera\/wp-content\/uploads\/usu1268\/2018\/11\/WhatsApp-Image-2018-11-29-at-18.39.09-200x150.jpeg 200w, https:\/\/agora.xtec.cat\/ceip-peredetera\/wp-content\/uploads\/usu1268\/2018\/11\/WhatsApp-Image-2018-11-29-at-18.39.09.jpeg 1600w\" sizes=\"auto, (max-width: 291px) 100vw, 291px\" \/><\/a>\u00a0\u00a0<a href=\"https:\/\/agora.xtec.cat\/ceip-peredetera\/wp-content\/uploads\/usu1268\/2018\/11\/et-menjad\u00e9.jpg\"><img loading=\"lazy\" decoding=\"async\" class=\"alignnone wp-image-1852\" src=\"https:\/\/agora.xtec.cat\/ceip-peredetera\/wp-content\/uploads\/usu1268\/2018\/11\/et-menjad\u00e9.jpg\" alt=\"\" width=\"185\" height=\"248\" srcset=\"https:\/\/agora.xtec.cat\/ceip-peredetera\/wp-content\/uploads\/usu1268\/2018\/11\/et-menjad\u00e9.jpg 398w, https:\/\/agora.xtec.cat\/ceip-peredetera\/wp-content\/uploads\/usu1268\/2018\/11\/et-menjad\u00e9-224x300.jpg 224w\" sizes=\"auto, (max-width: 185px) 100vw, 185px\" \/><\/a><a href=\"https:\/\/agora.xtec.cat\/ceip-peredetera\/wp-content\/uploads\/usu1268\/2018\/11\/WhatsApp-Image-2018-11-29-at-18.41.25-1.jpeg\"><img loading=\"lazy\" decoding=\"async\" class=\"alignnone wp-image-1850 \" src=\"https:\/\/agora.xtec.cat\/ceip-peredetera\/wp-content\/uploads\/usu1268\/2018\/11\/WhatsApp-Image-2018-11-29-at-18.41.25-1-300x225.jpeg\" alt=\"\" width=\"289\" height=\"217\" srcset=\"https:\/\/agora.xtec.cat\/ceip-peredetera\/wp-content\/uploads\/usu1268\/2018\/11\/WhatsApp-Image-2018-11-29-at-18.41.25-1-300x225.jpeg 300w, https:\/\/agora.xtec.cat\/ceip-peredetera\/wp-content\/uploads\/usu1268\/2018\/11\/WhatsApp-Image-2018-11-29-at-18.41.25-1-768x576.jpeg 768w, https:\/\/agora.xtec.cat\/ceip-peredetera\/wp-content\/uploads\/usu1268\/2018\/11\/WhatsApp-Image-2018-11-29-at-18.41.25-1-1024x768.jpeg 1024w, https:\/\/agora.xtec.cat\/ceip-peredetera\/wp-content\/uploads\/usu1268\/2018\/11\/WhatsApp-Image-2018-11-29-at-18.41.25-1-200x150.jpeg 200w, https:\/\/agora.xtec.cat\/ceip-peredetera\/wp-content\/uploads\/usu1268\/2018\/11\/WhatsApp-Image-2018-11-29-at-18.41.25-1.jpeg 1599w\" sizes=\"auto, (max-width: 289px) 100vw, 289px\" \/>\u00a0\u00a0\u00a0\u00a0<\/a> <a href=\"https:\/\/agora.xtec.cat\/ceip-peredetera\/wp-content\/uploads\/usu1268\/2018\/11\/WhatsApp-Image-2018-11-29-at-18.39.10.jpeg\"><img loading=\"lazy\" decoding=\"async\" class=\"alignnone wp-image-1851 \" src=\"https:\/\/agora.xtec.cat\/ceip-peredetera\/wp-content\/uploads\/usu1268\/2018\/11\/WhatsApp-Image-2018-11-29-at-18.39.10-300x225.jpeg\" alt=\"\" width=\"286\" height=\"215\" srcset=\"https:\/\/agora.xtec.cat\/ceip-peredetera\/wp-content\/uploads\/usu1268\/2018\/11\/WhatsApp-Image-2018-11-29-at-18.39.10-300x225.jpeg 300w, https:\/\/agora.xtec.cat\/ceip-peredetera\/wp-content\/uploads\/usu1268\/2018\/11\/WhatsApp-Image-2018-11-29-at-18.39.10-768x576.jpeg 768w, https:\/\/agora.xtec.cat\/ceip-peredetera\/wp-content\/uploads\/usu1268\/2018\/11\/WhatsApp-Image-2018-11-29-at-18.39.10-1024x768.jpeg 1024w, https:\/\/agora.xtec.cat\/ceip-peredetera\/wp-content\/uploads\/usu1268\/2018\/11\/WhatsApp-Image-2018-11-29-at-18.39.10-200x150.jpeg 200w, https:\/\/agora.xtec.cat\/ceip-peredetera\/wp-content\/uploads\/usu1268\/2018\/11\/WhatsApp-Image-2018-11-29-at-18.39.10.jpeg 1600w\" sizes=\"auto, (max-width: 286px) 100vw, 286px\" \/>\u00a0\u00a0<\/a><\/p>\n","protected":false},"excerpt":{"rendered":"<p>1r i 2n s&#8217;inicien amb les sessions de contacontes a la biblioteca. Els nens i nenes de 1r que s\u2019estrenen aquest curs amb el contacontes, van quedar fascinats amb el Colorins, el m\u00e0gic i peculiar ocell que t\u00e9 cura de la nostra biblioteca. Els alumnes de 2n, per la seva banda, tenien moltes ganes de [&hellip;]<\/p>\n","protected":false},"author":4,"featured_media":133,"comment_status":"closed","ping_status":"closed","sticky":false,"template":"","format":"standard","meta":{"_bbp_topic_count":0,"_bbp_reply_count":0,"_bbp_total_topic_count":0,"_bbp_total_reply_count":0,"_bbp_voice_count":0,"_bbp_anonymous_reply_count":0,"_bbp_topic_count_hidden":0,"_bbp_reply_count_hidden":0,"_bbp_forum_subforum_count":0,"site-sidebar-layout":"default","site-content-layout":"","ast-site-content-layout":"","site-content-style":"default","site-sidebar-style":"default","ast-global-header-display":"","ast-banner-title-visibility":"","ast-main-header-display":"","ast-hfb-above-header-display":"","ast-hfb-below-header-display":"","ast-hfb-mobile-header-display":"","site-post-title":"","ast-breadcrumbs-content":"","ast-featured-img":"","footer-sml-layout":"","theme-transparent-header-meta":"","adv-header-id-meta":"","stick-header-meta":"","header-above-stick-meta":"","header-main-stick-meta":"","header-below-stick-meta":"","astra-migrate-meta-layouts":"default","ast-page-background-enabled":"default","ast-page-background-meta":{"desktop":{"background-color":"var(--ast-global-color-4)","background-image":"","background-repeat":"repeat","background-position":"center center","background-size":"auto","background-attachment":"scroll","background-type":"","background-media":"","overlay-type":"","overlay-color":"","overlay-opacity":"","overlay-gradient":""},"tablet":{"background-color":"","background-image":"","background-repeat":"repeat","background-position":"center center","background-size":"auto","background-attachment":"scroll","background-type":"","background-media":"","overlay-type":"","overlay-color":"","overlay-opacity":"","overlay-gradient":""},"mobile":{"background-color":"","background-image":"","background-repeat":"repeat","background-position":"center center","background-size":"auto","background-attachment":"scroll","background-type":"","background-media":"","overlay-type":"","overlay-color":"","overlay-opacity":"","overlay-gradient":""}},"ast-content-background-meta":{"desktop":{"background-color":"var(--ast-global-color-5)","background-image":"","background-repeat":"repeat","background-position":"center center","background-size":"auto","background-attachment":"scroll","background-type":"","background-media":"","overlay-type":"","overlay-color":"","overlay-opacity":"","overlay-gradient":""},"tablet":{"background-color":"var(--ast-global-color-5)","background-image":"","background-repeat":"repeat","background-position":"center center","background-size":"auto","background-attachment":"scroll","background-type":"","background-media":"","overlay-type":"","overlay-color":"","overlay-opacity":"","overlay-gradient":""},"mobile":{"background-color":"var(--ast-global-color-5)","background-image":"","background-repeat":"repeat","background-position":"center center","background-size":"auto","background-attachment":"scroll","background-type":"","background-media":"","overlay-type":"","overlay-color":"","overlay-opacity":"","overlay-gradient":""}},"footnotes":""},"categories":[11,10,65,64,74,61,1,4],"tags":[],"class_list":["post-1847","post","type-post","status-publish","format-standard","has-post-thumbnail","hentry","category-6a-cs","category-5a-cs","category-6b-cs","category-5b-cs","category-biblioteca","category-ci","category-general","category-portada"],"post_mailing_queue_ids":[],"_links":{"self":[{"href":"https:\/\/agora.xtec.cat\/ceip-peredetera\/wp-json\/wp\/v2\/posts\/1847","targetHints":{"allow":["GET"]}}],"collection":[{"href":"https:\/\/agora.xtec.cat\/ceip-peredetera\/wp-json\/wp\/v2\/posts"}],"about":[{"href":"https:\/\/agora.xtec.cat\/ceip-peredetera\/wp-json\/wp\/v2\/types\/post"}],"author":[{"embeddable":true,"href":"https:\/\/agora.xtec.cat\/ceip-peredetera\/wp-json\/wp\/v2\/users\/4"}],"replies":[{"embeddable":true,"href":"https:\/\/agora.xtec.cat\/ceip-peredetera\/wp-json\/wp\/v2\/comments?post=1847"}],"version-history":[{"count":3,"href":"https:\/\/agora.xtec.cat\/ceip-peredetera\/wp-json\/wp\/v2\/posts\/1847\/revisions"}],"predecessor-version":[{"id":1863,"href":"https:\/\/agora.xtec.cat\/ceip-peredetera\/wp-json\/wp\/v2\/posts\/1847\/revisions\/1863"}],"wp:featuredmedia":[{"embeddable":true,"href":"https:\/\/agora.xtec.cat\/ceip-peredetera\/wp-json\/wp\/v2\/media\/133"}],"wp:attachment":[{"href":"https:\/\/agora.xtec.cat\/ceip-peredetera\/wp-json\/wp\/v2\/media?parent=1847"}],"wp:term":[{"taxonomy":"category","embeddable":true,"href":"https:\/\/agora.xtec.cat\/ceip-peredetera\/wp-json\/wp\/v2\/categories?post=1847"},{"taxonomy":"post_tag","embeddable":true,"href":"https:\/\/agora.xtec.cat\/ceip-peredetera\/wp-json\/wp\/v2\/tags?post=1847"}],"curies":[{"name":"wp","href":"https:\/\/api.w.org\/{rel}","templated":true}]}}