{"id":1833,"date":"2018-11-29T19:05:38","date_gmt":"2018-11-29T18:05:38","guid":{"rendered":"http:\/\/agora.xtec.cat\/ceip-peredetera\/?p=1833"},"modified":"2018-11-30T19:00:51","modified_gmt":"2018-11-30T18:00:51","slug":"contacontes-1r","status":"publish","type":"post","link":"https:\/\/agora.xtec.cat\/ceip-peredetera\/general\/contacontes-1r\/","title":{"rendered":"CONTACONTES 1r"},"content":{"rendered":"<p>Durant aquest trimestre i, de manera quinzenal, els alumnes de 1r hem visitat la biblioteca per gaudir del contacontes de la X\u00e8nia.<\/p>\n<p>Una estona en la qual ens divertim participant dels relats que ens proposa en Colorins (&#8220;mascota&#8221; protagonista de la biblioteca) juntament amb una capseta de m\u00fasica que ens ajuda a entrar al fascinant m\u00f3n dels contes.<\/p>\n<p>No us imagineu la de preguntes que ens sorgeixen i com vivim les hist\u00f2ries narrades!<\/p>\n<p>I \u00e9s que, resulta una manera divertida i alhora m\u00e0gica de fomentar el gust i l&#8217;inter\u00e8s per la lectura. No creieu?<\/p>\n<p><a href=\"https:\/\/agora.xtec.cat\/ceip-peredetera\/wp-content\/uploads\/usu1268\/2018\/11\/IMG_20180926_112751_993.jpg\"><img loading=\"lazy\" decoding=\"async\" class=\"alignnone size-full wp-image-1838\" src=\"https:\/\/agora.xtec.cat\/ceip-peredetera\/wp-content\/uploads\/usu1268\/2018\/11\/IMG_20180926_112751_993.jpg\" alt=\"\" width=\"448\" height=\"336\" srcset=\"https:\/\/agora.xtec.cat\/ceip-peredetera\/wp-content\/uploads\/usu1268\/2018\/11\/IMG_20180926_112751_993.jpg 448w, https:\/\/agora.xtec.cat\/ceip-peredetera\/wp-content\/uploads\/usu1268\/2018\/11\/IMG_20180926_112751_993-300x225.jpg 300w, https:\/\/agora.xtec.cat\/ceip-peredetera\/wp-content\/uploads\/usu1268\/2018\/11\/IMG_20180926_112751_993-200x150.jpg 200w\" sizes=\"auto, (max-width: 448px) 100vw, 448px\" \/><\/a><\/p>\n<p>Endinseu-vos tamb\u00e9 vosaltres, a indagar les fotografies del <a href=\"https:\/\/photos.app.goo.gl\/DyunJCmEd3GHkBSd7\">CONTACONTES<\/a><\/p>\n<p>&nbsp;<\/p>\n<p>&nbsp;<\/p>\n","protected":false},"excerpt":{"rendered":"<p>Durant aquest trimestre i, de manera quinzenal, els alumnes de 1r hem visitat la biblioteca per gaudir del contacontes de la X\u00e8nia. Una estona en la qual ens divertim participant dels relats que ens proposa en Colorins (&#8220;mascota&#8221; protagonista de la biblioteca) juntament amb una capseta de m\u00fasica que ens ajuda a entrar al fascinant [&hellip;]<\/p>\n","protected":false},"author":4,"featured_media":1839,"comment_status":"closed","ping_status":"closed","sticky":false,"template":"","format":"standard","meta":{"_bbp_topic_count":0,"_bbp_reply_count":0,"_bbp_total_topic_count":0,"_bbp_total_reply_count":0,"_bbp_voice_count":0,"_bbp_anonymous_reply_count":0,"_bbp_topic_count_hidden":0,"_bbp_reply_count_hidden":0,"_bbp_forum_subforum_count":0,"site-sidebar-layout":"default","site-content-layout":"","ast-site-content-layout":"","site-content-style":"default","site-sidebar-style":"default","ast-global-header-display":"","ast-banner-title-visibility":"","ast-main-header-display":"","ast-hfb-above-header-display":"","ast-hfb-below-header-display":"","ast-hfb-mobile-header-display":"","site-post-title":"","ast-breadcrumbs-content":"","ast-featured-img":"","footer-sml-layout":"","theme-transparent-header-meta":"","adv-header-id-meta":"","stick-header-meta":"","header-above-stick-meta":"","header-main-stick-meta":"","header-below-stick-meta":"","astra-migrate-meta-layouts":"default","ast-page-background-enabled":"default","ast-page-background-meta":{"desktop":{"background-color":"var(--ast-global-color-4)","background-image":"","background-repeat":"repeat","background-position":"center center","background-size":"auto","background-attachment":"scroll","background-type":"","background-media":"","overlay-type":"","overlay-color":"","overlay-opacity":"","overlay-gradient":""},"tablet":{"background-color":"","background-image":"","background-repeat":"repeat","background-position":"center center","background-size":"auto","background-attachment":"scroll","background-type":"","background-media":"","overlay-type":"","overlay-color":"","overlay-opacity":"","overlay-gradient":""},"mobile":{"background-color":"","background-image":"","background-repeat":"repeat","background-position":"center center","background-size":"auto","background-attachment":"scroll","background-type":"","background-media":"","overlay-type":"","overlay-color":"","overlay-opacity":"","overlay-gradient":""}},"ast-content-background-meta":{"desktop":{"background-color":"var(--ast-global-color-5)","background-image":"","background-repeat":"repeat","background-position":"center center","background-size":"auto","background-attachment":"scroll","background-type":"","background-media":"","overlay-type":"","overlay-color":"","overlay-opacity":"","overlay-gradient":""},"tablet":{"background-color":"var(--ast-global-color-5)","background-image":"","background-repeat":"repeat","background-position":"center center","background-size":"auto","background-attachment":"scroll","background-type":"","background-media":"","overlay-type":"","overlay-color":"","overlay-opacity":"","overlay-gradient":""},"mobile":{"background-color":"var(--ast-global-color-5)","background-image":"","background-repeat":"repeat","background-position":"center center","background-size":"auto","background-attachment":"scroll","background-type":"","background-media":"","overlay-type":"","overlay-color":"","overlay-opacity":"","overlay-gradient":""}},"footnotes":""},"categories":[10,64,74,61,1,4,5],"tags":[],"class_list":["post-1833","post","type-post","status-publish","format-standard","has-post-thumbnail","hentry","category-5a-cs","category-5b-cs","category-biblioteca","category-ci","category-general","category-portada","category-primaria"],"post_mailing_queue_ids":[],"_links":{"self":[{"href":"https:\/\/agora.xtec.cat\/ceip-peredetera\/wp-json\/wp\/v2\/posts\/1833","targetHints":{"allow":["GET"]}}],"collection":[{"href":"https:\/\/agora.xtec.cat\/ceip-peredetera\/wp-json\/wp\/v2\/posts"}],"about":[{"href":"https:\/\/agora.xtec.cat\/ceip-peredetera\/wp-json\/wp\/v2\/types\/post"}],"author":[{"embeddable":true,"href":"https:\/\/agora.xtec.cat\/ceip-peredetera\/wp-json\/wp\/v2\/users\/4"}],"replies":[{"embeddable":true,"href":"https:\/\/agora.xtec.cat\/ceip-peredetera\/wp-json\/wp\/v2\/comments?post=1833"}],"version-history":[{"count":3,"href":"https:\/\/agora.xtec.cat\/ceip-peredetera\/wp-json\/wp\/v2\/posts\/1833\/revisions"}],"predecessor-version":[{"id":1854,"href":"https:\/\/agora.xtec.cat\/ceip-peredetera\/wp-json\/wp\/v2\/posts\/1833\/revisions\/1854"}],"wp:featuredmedia":[{"embeddable":true,"href":"https:\/\/agora.xtec.cat\/ceip-peredetera\/wp-json\/wp\/v2\/media\/1839"}],"wp:attachment":[{"href":"https:\/\/agora.xtec.cat\/ceip-peredetera\/wp-json\/wp\/v2\/media?parent=1833"}],"wp:term":[{"taxonomy":"category","embeddable":true,"href":"https:\/\/agora.xtec.cat\/ceip-peredetera\/wp-json\/wp\/v2\/categories?post=1833"},{"taxonomy":"post_tag","embeddable":true,"href":"https:\/\/agora.xtec.cat\/ceip-peredetera\/wp-json\/wp\/v2\/tags?post=1833"}],"curies":[{"name":"wp","href":"https:\/\/api.w.org\/{rel}","templated":true}]}}