{"id":1832,"date":"2018-11-29T18:39:15","date_gmt":"2018-11-29T17:39:15","guid":{"rendered":"http:\/\/agora.xtec.cat\/ceip-peredetera\/?p=1832"},"modified":"2018-11-29T18:39:15","modified_gmt":"2018-11-29T17:39:15","slug":"sortida-a-la-granja","status":"publish","type":"post","link":"https:\/\/agora.xtec.cat\/ceip-peredetera\/general\/sortida-a-la-granja\/","title":{"rendered":"Sortida a La Granja"},"content":{"rendered":"<p>El dijous 29 de novembre, tota l&#8217;escola vam anar d&#8217;excursi\u00f3 a l&#8217;Escola La Granja, situada a Santa Maria de Palautordera.<\/p>\n<p>Els alumnes de Cicle Inicial vam realitzar l&#8217;activitat Bany de Bosc amb l&#8217;objectiu de fomentar el contacte amb l&#8217;entorn natural, i especialment amb el bosc, mitjan\u00e7ant la connexi\u00f3 dels nens i nenes a trav\u00e9s dels sentits. Vam gaudir de la natura i de la granja ubicada a les instal\u00b7lacions.<\/p>\n<p><img loading=\"lazy\" decoding=\"async\" class=\" wp-image-1834 aligncenter\" src=\"https:\/\/agora.xtec.cat\/ceip-peredetera\/wp-content\/uploads\/usu1268\/2018\/11\/IMG_20181129_140651_150_.jpg\" alt=\"\" width=\"355\" height=\"266\" srcset=\"https:\/\/agora.xtec.cat\/ceip-peredetera\/wp-content\/uploads\/usu1268\/2018\/11\/IMG_20181129_140651_150_.jpg 448w, https:\/\/agora.xtec.cat\/ceip-peredetera\/wp-content\/uploads\/usu1268\/2018\/11\/IMG_20181129_140651_150_-300x225.jpg 300w, https:\/\/agora.xtec.cat\/ceip-peredetera\/wp-content\/uploads\/usu1268\/2018\/11\/IMG_20181129_140651_150_-200x150.jpg 200w\" sizes=\"auto, (max-width: 355px) 100vw, 355px\" \/><\/p>\n<p>Per acabar, vam compartir una estona divertida amb tots els companys i companyes de l&#8217;escola.<\/p>\n<p>Us convidem a que feu una ullada a l&#8217;<strong><a href=\"https:\/\/photos.app.goo.gl\/MDSnA66kLPbRqbhH6\">\u00c0LBUM<\/a><\/strong> de fotografies d&#8217;aquest dia tan especial i que visiteu la <a href=\"https:\/\/www.lagranja.cat\/es\"><strong>P\u00c0GINA WEB LA GRANJA<\/strong><\/a> per cercar m\u00e9s informaci\u00f3 sobre diferents activitats que realitzen per a fam\u00edlies.<\/p>\n","protected":false},"excerpt":{"rendered":"<p>El dijous 29 de novembre, tota l&#8217;escola vam anar d&#8217;excursi\u00f3 a l&#8217;Escola La Granja, situada a Santa Maria de Palautordera. Els alumnes de Cicle Inicial vam realitzar l&#8217;activitat Bany de Bosc amb l&#8217;objectiu de fomentar el contacte amb l&#8217;entorn natural, i especialment amb el bosc, mitjan\u00e7ant la connexi\u00f3 dels nens i nenes a trav\u00e9s dels [&hellip;]<\/p>\n","protected":false},"author":4,"featured_media":1834,"comment_status":"closed","ping_status":"closed","sticky":false,"template":"","format":"standard","meta":{"_bbp_topic_count":0,"_bbp_reply_count":0,"_bbp_total_topic_count":0,"_bbp_total_reply_count":0,"_bbp_voice_count":0,"_bbp_anonymous_reply_count":0,"_bbp_topic_count_hidden":0,"_bbp_reply_count_hidden":0,"_bbp_forum_subforum_count":0,"site-sidebar-layout":"default","site-content-layout":"","ast-site-content-layout":"","site-content-style":"default","site-sidebar-style":"default","ast-global-header-display":"","ast-banner-title-visibility":"","ast-main-header-display":"","ast-hfb-above-header-display":"","ast-hfb-below-header-display":"","ast-hfb-mobile-header-display":"","site-post-title":"","ast-breadcrumbs-content":"","ast-featured-img":"","footer-sml-layout":"","theme-transparent-header-meta":"","adv-header-id-meta":"","stick-header-meta":"","header-above-stick-meta":"","header-main-stick-meta":"","header-below-stick-meta":"","astra-migrate-meta-layouts":"default","ast-page-background-enabled":"default","ast-page-background-meta":{"desktop":{"background-color":"var(--ast-global-color-4)","background-image":"","background-repeat":"repeat","background-position":"center center","background-size":"auto","background-attachment":"scroll","background-type":"","background-media":"","overlay-type":"","overlay-color":"","overlay-opacity":"","overlay-gradient":""},"tablet":{"background-color":"","background-image":"","background-repeat":"repeat","background-position":"center center","background-size":"auto","background-attachment":"scroll","background-type":"","background-media":"","overlay-type":"","overlay-color":"","overlay-opacity":"","overlay-gradient":""},"mobile":{"background-color":"","background-image":"","background-repeat":"repeat","background-position":"center center","background-size":"auto","background-attachment":"scroll","background-type":"","background-media":"","overlay-type":"","overlay-color":"","overlay-opacity":"","overlay-gradient":""}},"ast-content-background-meta":{"desktop":{"background-color":"var(--ast-global-color-5)","background-image":"","background-repeat":"repeat","background-position":"center center","background-size":"auto","background-attachment":"scroll","background-type":"","background-media":"","overlay-type":"","overlay-color":"","overlay-opacity":"","overlay-gradient":""},"tablet":{"background-color":"var(--ast-global-color-5)","background-image":"","background-repeat":"repeat","background-position":"center center","background-size":"auto","background-attachment":"scroll","background-type":"","background-media":"","overlay-type":"","overlay-color":"","overlay-opacity":"","overlay-gradient":""},"mobile":{"background-color":"var(--ast-global-color-5)","background-image":"","background-repeat":"repeat","background-position":"center center","background-size":"auto","background-attachment":"scroll","background-type":"","background-media":"","overlay-type":"","overlay-color":"","overlay-opacity":"","overlay-gradient":""}},"footnotes":""},"categories":[10,64,61,1,4,5,73],"tags":[],"class_list":["post-1832","post","type-post","status-publish","format-standard","has-post-thumbnail","hentry","category-5a-cs","category-5b-cs","category-ci","category-general","category-portada","category-primaria","category-sortides"],"post_mailing_queue_ids":[],"_links":{"self":[{"href":"https:\/\/agora.xtec.cat\/ceip-peredetera\/wp-json\/wp\/v2\/posts\/1832","targetHints":{"allow":["GET"]}}],"collection":[{"href":"https:\/\/agora.xtec.cat\/ceip-peredetera\/wp-json\/wp\/v2\/posts"}],"about":[{"href":"https:\/\/agora.xtec.cat\/ceip-peredetera\/wp-json\/wp\/v2\/types\/post"}],"author":[{"embeddable":true,"href":"https:\/\/agora.xtec.cat\/ceip-peredetera\/wp-json\/wp\/v2\/users\/4"}],"replies":[{"embeddable":true,"href":"https:\/\/agora.xtec.cat\/ceip-peredetera\/wp-json\/wp\/v2\/comments?post=1832"}],"version-history":[{"count":3,"href":"https:\/\/agora.xtec.cat\/ceip-peredetera\/wp-json\/wp\/v2\/posts\/1832\/revisions"}],"predecessor-version":[{"id":1837,"href":"https:\/\/agora.xtec.cat\/ceip-peredetera\/wp-json\/wp\/v2\/posts\/1832\/revisions\/1837"}],"wp:featuredmedia":[{"embeddable":true,"href":"https:\/\/agora.xtec.cat\/ceip-peredetera\/wp-json\/wp\/v2\/media\/1834"}],"wp:attachment":[{"href":"https:\/\/agora.xtec.cat\/ceip-peredetera\/wp-json\/wp\/v2\/media?parent=1832"}],"wp:term":[{"taxonomy":"category","embeddable":true,"href":"https:\/\/agora.xtec.cat\/ceip-peredetera\/wp-json\/wp\/v2\/categories?post=1832"},{"taxonomy":"post_tag","embeddable":true,"href":"https:\/\/agora.xtec.cat\/ceip-peredetera\/wp-json\/wp\/v2\/tags?post=1832"}],"curies":[{"name":"wp","href":"https:\/\/api.w.org\/{rel}","templated":true}]}}