{"id":1566,"date":"2018-06-20T16:03:21","date_gmt":"2018-06-20T14:03:21","guid":{"rendered":"http:\/\/agora.xtec.cat\/ceip-peredetera\/?p=1566"},"modified":"2018-06-20T16:03:21","modified_gmt":"2018-06-20T14:03:21","slug":"les-girafes-sacomiaden","status":"publish","type":"post","link":"https:\/\/agora.xtec.cat\/ceip-peredetera\/general\/les-girafes-sacomiaden\/","title":{"rendered":"Les GIRAFES s&#8217;acomiaden."},"content":{"rendered":"<p><a href=\"https:\/\/photos.app.goo.gl\/9xvEPJHnJW1zFinT9\">https:\/\/photos.app.goo.gl\/9xvEPJHnJW1zFinT9<\/a><\/p>\n<p>Les <strong>GIRAFES<\/strong> s&#8217;acomiaden per poder donar la benvinguda al nou curs que s&#8217;iniciar\u00e0 passat vacances.<\/p>\n<p>Hem apr\u00e8s moltes coses i ens ho hem passat d&#8217;all\u00f2 m\u00e9s b\u00e9; nom\u00e9s cal que mireu les fotografies.<\/p>\n<p>Ens hem fet grans i deixem molts records que s&#8217;ampliaran al llarg de Prim\u00e0ria.<\/p>\n<p>Us volem desitjar a tots i totes molt bones vacances i sobretot&#8230;.. QUE <strong>SIGUEU MOLT FELI\u00c7OS<\/strong> !!!<\/p>\n<p><a href=\"http:\/\/agora.xtec.cat\/ceip-peredetera\/wp-content\/uploads\/usu1268\/2018\/06\/Captura-12.jpg\"><img loading=\"lazy\" decoding=\"async\" class=\"alignnone size-large wp-image-1567\" src=\"http:\/\/agora.xtec.cat\/ceip-peredetera\/wp-content\/uploads\/usu1268\/2018\/06\/Captura-12-1024x754.jpg\" alt=\"\" width=\"1024\" height=\"754\" srcset=\"https:\/\/agora.xtec.cat\/ceip-peredetera\/wp-content\/uploads\/usu1268\/2018\/06\/Captura-12-1024x754.jpg 1024w, https:\/\/agora.xtec.cat\/ceip-peredetera\/wp-content\/uploads\/usu1268\/2018\/06\/Captura-12-300x221.jpg 300w, https:\/\/agora.xtec.cat\/ceip-peredetera\/wp-content\/uploads\/usu1268\/2018\/06\/Captura-12-768x566.jpg 768w, https:\/\/agora.xtec.cat\/ceip-peredetera\/wp-content\/uploads\/usu1268\/2018\/06\/Captura-12.jpg 1116w\" sizes=\"auto, (max-width: 1024px) 100vw, 1024px\" \/><\/a><\/p>\n","protected":false},"excerpt":{"rendered":"<p>https:\/\/photos.app.goo.gl\/9xvEPJHnJW1zFinT9 Les GIRAFES s&#8217;acomiaden per poder donar la benvinguda al nou curs que s&#8217;iniciar\u00e0 passat vacances. Hem apr\u00e8s moltes coses i ens ho hem passat d&#8217;all\u00f2 m\u00e9s b\u00e9; nom\u00e9s cal que mireu les fotografies. Ens hem fet grans i deixem molts records que s&#8217;ampliaran al llarg de Prim\u00e0ria. Us volem desitjar a tots i totes [&hellip;]<\/p>\n","protected":false},"author":4,"featured_media":1568,"comment_status":"closed","ping_status":"closed","sticky":false,"template":"","format":"standard","meta":{"_bbp_topic_count":0,"_bbp_reply_count":0,"_bbp_total_topic_count":0,"_bbp_total_reply_count":0,"_bbp_voice_count":0,"_bbp_anonymous_reply_count":0,"_bbp_topic_count_hidden":0,"_bbp_reply_count_hidden":0,"_bbp_forum_subforum_count":0,"site-sidebar-layout":"default","site-content-layout":"","ast-site-content-layout":"","site-content-style":"default","site-sidebar-style":"default","ast-global-header-display":"","ast-banner-title-visibility":"","ast-main-header-display":"","ast-hfb-above-header-display":"","ast-hfb-below-header-display":"","ast-hfb-mobile-header-display":"","site-post-title":"","ast-breadcrumbs-content":"","ast-featured-img":"","footer-sml-layout":"","theme-transparent-header-meta":"","adv-header-id-meta":"","stick-header-meta":"","header-above-stick-meta":"","header-main-stick-meta":"","header-below-stick-meta":"","astra-migrate-meta-layouts":"default","ast-page-background-enabled":"default","ast-page-background-meta":{"desktop":{"background-color":"var(--ast-global-color-4)","background-image":"","background-repeat":"repeat","background-position":"center center","background-size":"auto","background-attachment":"scroll","background-type":"","background-media":"","overlay-type":"","overlay-color":"","overlay-opacity":"","overlay-gradient":""},"tablet":{"background-color":"","background-image":"","background-repeat":"repeat","background-position":"center center","background-size":"auto","background-attachment":"scroll","background-type":"","background-media":"","overlay-type":"","overlay-color":"","overlay-opacity":"","overlay-gradient":""},"mobile":{"background-color":"","background-image":"","background-repeat":"repeat","background-position":"center center","background-size":"auto","background-attachment":"scroll","background-type":"","background-media":"","overlay-type":"","overlay-color":"","overlay-opacity":"","overlay-gradient":""}},"ast-content-background-meta":{"desktop":{"background-color":"var(--ast-global-color-5)","background-image":"","background-repeat":"repeat","background-position":"center center","background-size":"auto","background-attachment":"scroll","background-type":"","background-media":"","overlay-type":"","overlay-color":"","overlay-opacity":"","overlay-gradient":""},"tablet":{"background-color":"var(--ast-global-color-5)","background-image":"","background-repeat":"repeat","background-position":"center center","background-size":"auto","background-attachment":"scroll","background-type":"","background-media":"","overlay-type":"","overlay-color":"","overlay-opacity":"","overlay-gradient":""},"mobile":{"background-color":"var(--ast-global-color-5)","background-image":"","background-repeat":"repeat","background-position":"center center","background-size":"auto","background-attachment":"scroll","background-type":"","background-media":"","overlay-type":"","overlay-color":"","overlay-opacity":"","overlay-gradient":""}},"footnotes":""},"categories":[60,2,1,4],"tags":[],"class_list":["post-1566","post","type-post","status-publish","format-standard","has-post-thumbnail","hentry","category-6b-cg","category-infantil","category-general","category-portada"],"post_mailing_queue_ids":[],"_links":{"self":[{"href":"https:\/\/agora.xtec.cat\/ceip-peredetera\/wp-json\/wp\/v2\/posts\/1566","targetHints":{"allow":["GET"]}}],"collection":[{"href":"https:\/\/agora.xtec.cat\/ceip-peredetera\/wp-json\/wp\/v2\/posts"}],"about":[{"href":"https:\/\/agora.xtec.cat\/ceip-peredetera\/wp-json\/wp\/v2\/types\/post"}],"author":[{"embeddable":true,"href":"https:\/\/agora.xtec.cat\/ceip-peredetera\/wp-json\/wp\/v2\/users\/4"}],"replies":[{"embeddable":true,"href":"https:\/\/agora.xtec.cat\/ceip-peredetera\/wp-json\/wp\/v2\/comments?post=1566"}],"version-history":[{"count":1,"href":"https:\/\/agora.xtec.cat\/ceip-peredetera\/wp-json\/wp\/v2\/posts\/1566\/revisions"}],"predecessor-version":[{"id":1569,"href":"https:\/\/agora.xtec.cat\/ceip-peredetera\/wp-json\/wp\/v2\/posts\/1566\/revisions\/1569"}],"wp:featuredmedia":[{"embeddable":true,"href":"https:\/\/agora.xtec.cat\/ceip-peredetera\/wp-json\/wp\/v2\/media\/1568"}],"wp:attachment":[{"href":"https:\/\/agora.xtec.cat\/ceip-peredetera\/wp-json\/wp\/v2\/media?parent=1566"}],"wp:term":[{"taxonomy":"category","embeddable":true,"href":"https:\/\/agora.xtec.cat\/ceip-peredetera\/wp-json\/wp\/v2\/categories?post=1566"},{"taxonomy":"post_tag","embeddable":true,"href":"https:\/\/agora.xtec.cat\/ceip-peredetera\/wp-json\/wp\/v2\/tags?post=1566"}],"curies":[{"name":"wp","href":"https:\/\/api.w.org\/{rel}","templated":true}]}}